{"id":90,"date":"2025-06-08T07:00:19","date_gmt":"2025-06-08T10:00:19","guid":{"rendered":"https:\/\/www.elase.com.br\/novo2025\/?p=90"},"modified":"2025-06-08T07:00:19","modified_gmt":"2025-06-08T10:00:19","slug":"elase-adquire-cadeira-de-rodas-para-facilitar-a-acessibilidade","status":"publish","type":"post","link":"https:\/\/www.elase.com.br\/novo2025\/2025\/06\/08\/elase-adquire-cadeira-de-rodas-para-facilitar-a-acessibilidade\/","title":{"rendered":"ELASE adquire cadeira de rodas para facilitar a acessibilidade"},"content":{"rendered":"<p>Sempre preocupada com o bem estar de seus frequentadores, a ELASE adquiriu uma cadeira de rodas para uso no Clube em casos de necessidades.<\/p>\n<p>A cadeira est\u00e1 \u00e0 disposi\u00e7\u00e3o no hall de entrada do Clube, devendo apenas solicitar ao funcion\u00e1rio presente no local.<\/p>\n","protected":false},"excerpt":{"rendered":"<p>Sempre preocupada com o bem estar de seus frequentadores, a ELASE adquiriu uma cadeira de rodas para uso no Clube em casos de necessidades. A cadeira est\u00e1 \u00e0 disposi\u00e7\u00e3o no hall de entrada do Clube, devendo apenas solicitar ao funcion\u00e1rio [&hellip;]<\/p>\n","protected":false},"author":1,"featured_media":0,"comment_status":"closed","ping_status":"closed","sticky":false,"template":"","format":"standard","meta":{"footnotes":"","_links_to":"","_links_to_target":""},"categories":[2],"tags":[],"class_list":["post-90","post","type-post","status-publish","format-standard","hentry","category-informacoes"],"yoast_head":"<!-- This site is optimized with the Yoast SEO plugin v26.1.1 - https:\/\/yoast.com\/wordpress\/plugins\/seo\/ -->\n<title>ELASE adquire cadeira de rodas para facilitar a acessibilidade - Elase 2025<\/title>\n<meta name=\"robots\" content=\"index, follow, max-snippet:-1, max-image-preview:large, max-video-preview:-1\" \/>\n<link rel=\"canonical\" href=\"https:\/\/www.elase.com.br\/novo2025\/2025\/06\/08\/elase-adquire-cadeira-de-rodas-para-facilitar-a-acessibilidade\/\" \/>\n<meta property=\"og:locale\" content=\"pt_BR\" \/>\n<meta property=\"og:type\" content=\"article\" \/>\n<meta property=\"og:title\" content=\"ELASE adquire cadeira de rodas para facilitar a acessibilidade - Elase 2025\" \/>\n<meta property=\"og:description\" content=\"Sempre preocupada com o bem estar de seus frequentadores, a ELASE adquiriu uma cadeira de rodas para uso no Clube em casos de necessidades. A cadeira\" \/>\n<meta property=\"og:url\" content=\"https:\/\/www.elase.com.br\/novo2025\/2025\/06\/08\/elase-adquire-cadeira-de-rodas-para-facilitar-a-acessibilidade\/\" \/>\n<meta property=\"og:site_name\" content=\"Elase 2025\" \/>\n<meta property=\"article:published_time\" content=\"2025-06-08T10:00:19+00:00\" \/>\n<meta name=\"author\" content=\"suporte\" \/>\n<meta name=\"twitter:card\" content=\"summary_large_image\" \/>\n<meta name=\"twitter:label1\" content=\"Escrito por\" \/>\n\t<meta name=\"twitter:data1\" content=\"suporte\" \/>\n\t<meta name=\"twitter:label2\" content=\"Est. tempo de leitura\" \/>\n\t<meta name=\"twitter:data2\" content=\"1 minuto\" \/>\n<script type=\"application\/ld+json\" class=\"yoast-schema-graph\">{\"@context\":\"https:\/\/schema.org\",\"@graph\":[{\"@type\":\"Article\",\"@id\":\"https:\/\/www.elase.com.br\/novo2025\/2025\/06\/08\/elase-adquire-cadeira-de-rodas-para-facilitar-a-acessibilidade\/#article\",\"isPartOf\":{\"@id\":\"https:\/\/www.elase.com.br\/novo2025\/2025\/06\/08\/elase-adquire-cadeira-de-rodas-para-facilitar-a-acessibilidade\/\"},\"author\":{\"name\":\"suporte\",\"@id\":\"https:\/\/www.elase.com.br\/novo2025\/#\/schema\/person\/11b3f895e6e08a1561b0c081ad97a221\"},\"headline\":\"ELASE adquire cadeira de rodas para facilitar a acessibilidade\",\"datePublished\":\"2025-06-08T10:00:19+00:00\",\"mainEntityOfPage\":{\"@id\":\"https:\/\/www.elase.com.br\/novo2025\/2025\/06\/08\/elase-adquire-cadeira-de-rodas-para-facilitar-a-acessibilidade\/\"},\"wordCount\":53,\"publisher\":{\"@id\":\"https:\/\/www.elase.com.br\/novo2025\/#organization\"},\"articleSection\":[\"Informa\u00e7\u00f5es\"],\"inLanguage\":\"pt-BR\"},{\"@type\":\"WebPage\",\"@id\":\"https:\/\/www.elase.com.br\/novo2025\/2025\/06\/08\/elase-adquire-cadeira-de-rodas-para-facilitar-a-acessibilidade\/\",\"url\":\"https:\/\/www.elase.com.br\/novo2025\/2025\/06\/08\/elase-adquire-cadeira-de-rodas-para-facilitar-a-acessibilidade\/\",\"name\":\"ELASE adquire cadeira de rodas para facilitar a acessibilidade - Elase 2025\",\"isPartOf\":{\"@id\":\"https:\/\/www.elase.com.br\/novo2025\/#website\"},\"datePublished\":\"2025-06-08T10:00:19+00:00\",\"breadcrumb\":{\"@id\":\"https:\/\/www.elase.com.br\/novo2025\/2025\/06\/08\/elase-adquire-cadeira-de-rodas-para-facilitar-a-acessibilidade\/#breadcrumb\"},\"inLanguage\":\"pt-BR\",\"potentialAction\":[{\"@type\":\"ReadAction\",\"target\":[\"https:\/\/www.elase.com.br\/novo2025\/2025\/06\/08\/elase-adquire-cadeira-de-rodas-para-facilitar-a-acessibilidade\/\"]}]},{\"@type\":\"BreadcrumbList\",\"@id\":\"https:\/\/www.elase.com.br\/novo2025\/2025\/06\/08\/elase-adquire-cadeira-de-rodas-para-facilitar-a-acessibilidade\/#breadcrumb\",\"itemListElement\":[{\"@type\":\"ListItem\",\"position\":1,\"name\":\"In\u00edcio\",\"item\":\"https:\/\/www.elase.com.br\/novo2025\/\"},{\"@type\":\"ListItem\",\"position\":2,\"name\":\"ELASE adquire cadeira de rodas para facilitar a acessibilidade\"}]},{\"@type\":\"WebSite\",\"@id\":\"https:\/\/www.elase.com.br\/novo2025\/#website\",\"url\":\"https:\/\/www.elase.com.br\/novo2025\/\",\"name\":\"Elase 2025\",\"description\":\"\",\"publisher\":{\"@id\":\"https:\/\/www.elase.com.br\/novo2025\/#organization\"},\"potentialAction\":[{\"@type\":\"SearchAction\",\"target\":{\"@type\":\"EntryPoint\",\"urlTemplate\":\"https:\/\/www.elase.com.br\/novo2025\/?s={search_term_string}\"},\"query-input\":{\"@type\":\"PropertyValueSpecification\",\"valueRequired\":true,\"valueName\":\"search_term_string\"}}],\"inLanguage\":\"pt-BR\"},{\"@type\":\"Organization\",\"@id\":\"https:\/\/www.elase.com.br\/novo2025\/#organization\",\"name\":\"Elase 2025\",\"url\":\"https:\/\/www.elase.com.br\/novo2025\/\",\"logo\":{\"@type\":\"ImageObject\",\"inLanguage\":\"pt-BR\",\"@id\":\"https:\/\/www.elase.com.br\/novo2025\/#\/schema\/logo\/image\/\",\"url\":\"https:\/\/www.elase.com.br\/novo2025\/wp-content\/uploads\/sites\/3\/2025\/06\/logo.png\",\"contentUrl\":\"https:\/\/www.elase.com.br\/novo2025\/wp-content\/uploads\/sites\/3\/2025\/06\/logo.png\",\"width\":102,\"height\":66,\"caption\":\"Elase 2025\"},\"image\":{\"@id\":\"https:\/\/www.elase.com.br\/novo2025\/#\/schema\/logo\/image\/\"}},{\"@type\":\"Person\",\"@id\":\"https:\/\/www.elase.com.br\/novo2025\/#\/schema\/person\/11b3f895e6e08a1561b0c081ad97a221\",\"name\":\"suporte\",\"image\":{\"@type\":\"ImageObject\",\"inLanguage\":\"pt-BR\",\"@id\":\"https:\/\/www.elase.com.br\/novo2025\/#\/schema\/person\/image\/\",\"url\":\"https:\/\/secure.gravatar.com\/avatar\/f89e2dea669a5551c66ffa714821576a30525f107cc8bea1e20ad6fb5c841eca?s=96&r=g&d=https:\/\/www.elase.com.br\/novo2025\/wp-content\/plugins\/userswp\/assets\/images\/no_profile.png\",\"contentUrl\":\"https:\/\/secure.gravatar.com\/avatar\/f89e2dea669a5551c66ffa714821576a30525f107cc8bea1e20ad6fb5c841eca?s=96&r=g&d=https:\/\/www.elase.com.br\/novo2025\/wp-content\/plugins\/userswp\/assets\/images\/no_profile.png\",\"caption\":\"suporte\"},\"description\":\"Suporte T\u00e9cnico.\",\"url\":\"https:\/\/www.elase.com.br\/novo2025\/author\/suporte\/\"}]}<\/script>\n<!-- \/ Yoast SEO plugin. -->","yoast_head_json":{"title":"ELASE adquire cadeira de rodas para facilitar a acessibilidade - Elase 2025","robots":{"index":"index","follow":"follow","max-snippet":"max-snippet:-1","max-image-preview":"max-image-preview:large","max-video-preview":"max-video-preview:-1"},"canonical":"https:\/\/www.elase.com.br\/novo2025\/2025\/06\/08\/elase-adquire-cadeira-de-rodas-para-facilitar-a-acessibilidade\/","og_locale":"pt_BR","og_type":"article","og_title":"ELASE adquire cadeira de rodas para facilitar a acessibilidade - Elase 2025","og_description":"Sempre preocupada com o bem estar de seus frequentadores, a ELASE adquiriu uma cadeira de rodas para uso no Clube em casos de necessidades. A cadeira","og_url":"https:\/\/www.elase.com.br\/novo2025\/2025\/06\/08\/elase-adquire-cadeira-de-rodas-para-facilitar-a-acessibilidade\/","og_site_name":"Elase 2025","article_published_time":"2025-06-08T10:00:19+00:00","author":"suporte","twitter_card":"summary_large_image","twitter_misc":{"Escrito por":"suporte","Est. tempo de leitura":"1 minuto"},"schema":{"@context":"https:\/\/schema.org","@graph":[{"@type":"Article","@id":"https:\/\/www.elase.com.br\/novo2025\/2025\/06\/08\/elase-adquire-cadeira-de-rodas-para-facilitar-a-acessibilidade\/#article","isPartOf":{"@id":"https:\/\/www.elase.com.br\/novo2025\/2025\/06\/08\/elase-adquire-cadeira-de-rodas-para-facilitar-a-acessibilidade\/"},"author":{"name":"suporte","@id":"https:\/\/www.elase.com.br\/novo2025\/#\/schema\/person\/11b3f895e6e08a1561b0c081ad97a221"},"headline":"ELASE adquire cadeira de rodas para facilitar a acessibilidade","datePublished":"2025-06-08T10:00:19+00:00","mainEntityOfPage":{"@id":"https:\/\/www.elase.com.br\/novo2025\/2025\/06\/08\/elase-adquire-cadeira-de-rodas-para-facilitar-a-acessibilidade\/"},"wordCount":53,"publisher":{"@id":"https:\/\/www.elase.com.br\/novo2025\/#organization"},"articleSection":["Informa\u00e7\u00f5es"],"inLanguage":"pt-BR"},{"@type":"WebPage","@id":"https:\/\/www.elase.com.br\/novo2025\/2025\/06\/08\/elase-adquire-cadeira-de-rodas-para-facilitar-a-acessibilidade\/","url":"https:\/\/www.elase.com.br\/novo2025\/2025\/06\/08\/elase-adquire-cadeira-de-rodas-para-facilitar-a-acessibilidade\/","name":"ELASE adquire cadeira de rodas para facilitar a acessibilidade - Elase 2025","isPartOf":{"@id":"https:\/\/www.elase.com.br\/novo2025\/#website"},"datePublished":"2025-06-08T10:00:19+00:00","breadcrumb":{"@id":"https:\/\/www.elase.com.br\/novo2025\/2025\/06\/08\/elase-adquire-cadeira-de-rodas-para-facilitar-a-acessibilidade\/#breadcrumb"},"inLanguage":"pt-BR","potentialAction":[{"@type":"ReadAction","target":["https:\/\/www.elase.com.br\/novo2025\/2025\/06\/08\/elase-adquire-cadeira-de-rodas-para-facilitar-a-acessibilidade\/"]}]},{"@type":"BreadcrumbList","@id":"https:\/\/www.elase.com.br\/novo2025\/2025\/06\/08\/elase-adquire-cadeira-de-rodas-para-facilitar-a-acessibilidade\/#breadcrumb","itemListElement":[{"@type":"ListItem","position":1,"name":"In\u00edcio","item":"https:\/\/www.elase.com.br\/novo2025\/"},{"@type":"ListItem","position":2,"name":"ELASE adquire cadeira de rodas para facilitar a acessibilidade"}]},{"@type":"WebSite","@id":"https:\/\/www.elase.com.br\/novo2025\/#website","url":"https:\/\/www.elase.com.br\/novo2025\/","name":"Elase 2025","description":"","publisher":{"@id":"https:\/\/www.elase.com.br\/novo2025\/#organization"},"potentialAction":[{"@type":"SearchAction","target":{"@type":"EntryPoint","urlTemplate":"https:\/\/www.elase.com.br\/novo2025\/?s={search_term_string}"},"query-input":{"@type":"PropertyValueSpecification","valueRequired":true,"valueName":"search_term_string"}}],"inLanguage":"pt-BR"},{"@type":"Organization","@id":"https:\/\/www.elase.com.br\/novo2025\/#organization","name":"Elase 2025","url":"https:\/\/www.elase.com.br\/novo2025\/","logo":{"@type":"ImageObject","inLanguage":"pt-BR","@id":"https:\/\/www.elase.com.br\/novo2025\/#\/schema\/logo\/image\/","url":"https:\/\/www.elase.com.br\/novo2025\/wp-content\/uploads\/sites\/3\/2025\/06\/logo.png","contentUrl":"https:\/\/www.elase.com.br\/novo2025\/wp-content\/uploads\/sites\/3\/2025\/06\/logo.png","width":102,"height":66,"caption":"Elase 2025"},"image":{"@id":"https:\/\/www.elase.com.br\/novo2025\/#\/schema\/logo\/image\/"}},{"@type":"Person","@id":"https:\/\/www.elase.com.br\/novo2025\/#\/schema\/person\/11b3f895e6e08a1561b0c081ad97a221","name":"suporte","image":{"@type":"ImageObject","inLanguage":"pt-BR","@id":"https:\/\/www.elase.com.br\/novo2025\/#\/schema\/person\/image\/","url":"https:\/\/secure.gravatar.com\/avatar\/f89e2dea669a5551c66ffa714821576a30525f107cc8bea1e20ad6fb5c841eca?s=96&r=g&d=https:\/\/www.elase.com.br\/novo2025\/wp-content\/plugins\/userswp\/assets\/images\/no_profile.png","contentUrl":"https:\/\/secure.gravatar.com\/avatar\/f89e2dea669a5551c66ffa714821576a30525f107cc8bea1e20ad6fb5c841eca?s=96&r=g&d=https:\/\/www.elase.com.br\/novo2025\/wp-content\/plugins\/userswp\/assets\/images\/no_profile.png","caption":"suporte"},"description":"Suporte T\u00e9cnico.","url":"https:\/\/www.elase.com.br\/novo2025\/author\/suporte\/"}]}},"publishpress_future_action":{"enabled":false,"date":"2026-05-09 08:54:29","action":"change-status","newStatus":"draft","terms":[],"taxonomy":"category","extraData":[]},"publishpress_future_workflow_manual_trigger":{"enabledWorkflows":[]},"_links":{"self":[{"href":"https:\/\/www.elase.com.br\/novo2025\/wp-json\/wp\/v2\/posts\/90","targetHints":{"allow":["GET"]}}],"collection":[{"href":"https:\/\/www.elase.com.br\/novo2025\/wp-json\/wp\/v2\/posts"}],"about":[{"href":"https:\/\/www.elase.com.br\/novo2025\/wp-json\/wp\/v2\/types\/post"}],"author":[{"embeddable":true,"href":"https:\/\/www.elase.com.br\/novo2025\/wp-json\/wp\/v2\/users\/1"}],"replies":[{"embeddable":true,"href":"https:\/\/www.elase.com.br\/novo2025\/wp-json\/wp\/v2\/comments?post=90"}],"version-history":[{"count":1,"href":"https:\/\/www.elase.com.br\/novo2025\/wp-json\/wp\/v2\/posts\/90\/revisions"}],"predecessor-version":[{"id":91,"href":"https:\/\/www.elase.com.br\/novo2025\/wp-json\/wp\/v2\/posts\/90\/revisions\/91"}],"wp:attachment":[{"href":"https:\/\/www.elase.com.br\/novo2025\/wp-json\/wp\/v2\/media?parent=90"}],"wp:term":[{"taxonomy":"category","embeddable":true,"href":"https:\/\/www.elase.com.br\/novo2025\/wp-json\/wp\/v2\/categories?post=90"},{"taxonomy":"post_tag","embeddable":true,"href":"https:\/\/www.elase.com.br\/novo2025\/wp-json\/wp\/v2\/tags?post=90"}],"curies":[{"name":"wp","href":"https:\/\/api.w.org\/{rel}","templated":true}]}}