{"id":87,"date":"2025-06-08T06:57:24","date_gmt":"2025-06-08T09:57:24","guid":{"rendered":"https:\/\/www.elase.com.br\/novo2025\/?p=87"},"modified":"2025-06-08T06:57:24","modified_gmt":"2025-06-08T09:57:24","slug":"forum-estadual-de-formacao-esportiva","status":"publish","type":"post","link":"https:\/\/www.elase.com.br\/novo2025\/2025\/06\/08\/forum-estadual-de-formacao-esportiva\/","title":{"rendered":"F\u00f3rum Estadual de Forma\u00e7\u00e3o Esportiva"},"content":{"rendered":"","protected":false},"excerpt":{"rendered":"","protected":false},"author":1,"featured_media":88,"comment_status":"closed","ping_status":"closed","sticky":false,"template":"","format":"standard","meta":{"footnotes":"","_links_to":"","_links_to_target":""},"categories":[14],"tags":[],"class_list":["post-87","post","type-post","status-publish","format-standard","has-post-thumbnail","hentry","category-eventos-esportivos"],"yoast_head":"<!-- This site is optimized with the Yoast SEO plugin v26.1.1 - https:\/\/yoast.com\/wordpress\/plugins\/seo\/ -->\n<title>F\u00f3rum Estadual de Forma\u00e7\u00e3o Esportiva - Elase 2025<\/title>\n<meta name=\"robots\" content=\"index, follow, max-snippet:-1, max-image-preview:large, max-video-preview:-1\" \/>\n<link rel=\"canonical\" href=\"https:\/\/www.elase.com.br\/novo2025\/2025\/06\/08\/forum-estadual-de-formacao-esportiva\/\" \/>\n<meta property=\"og:locale\" content=\"pt_BR\" \/>\n<meta property=\"og:type\" content=\"article\" \/>\n<meta property=\"og:title\" content=\"F\u00f3rum Estadual de Forma\u00e7\u00e3o Esportiva - Elase 2025\" \/>\n<meta property=\"og:url\" content=\"https:\/\/www.elase.com.br\/novo2025\/2025\/06\/08\/forum-estadual-de-formacao-esportiva\/\" \/>\n<meta property=\"og:site_name\" content=\"Elase 2025\" \/>\n<meta property=\"article:published_time\" content=\"2025-06-08T09:57:24+00:00\" \/>\n<meta property=\"og:image\" content=\"http:\/\/www.elase.com.br\/novo2025\/wp-content\/uploads\/sites\/3\/2025\/06\/capa-site-2.jpg\" \/>\n\t<meta property=\"og:image:width\" content=\"410\" \/>\n\t<meta property=\"og:image:height\" content=\"215\" \/>\n\t<meta property=\"og:image:type\" content=\"image\/jpeg\" \/>\n<meta name=\"author\" content=\"suporte\" \/>\n<meta name=\"twitter:card\" content=\"summary_large_image\" \/>\n<meta name=\"twitter:label1\" content=\"Escrito por\" \/>\n\t<meta name=\"twitter:data1\" content=\"suporte\" \/>\n\t<meta name=\"twitter:label2\" content=\"Est. tempo de leitura\" \/>\n\t<meta name=\"twitter:data2\" content=\"1 minuto\" \/>\n<script type=\"application\/ld+json\" class=\"yoast-schema-graph\">{\"@context\":\"https:\/\/schema.org\",\"@graph\":[{\"@type\":\"Article\",\"@id\":\"https:\/\/www.elase.com.br\/novo2025\/2025\/06\/08\/forum-estadual-de-formacao-esportiva\/#article\",\"isPartOf\":{\"@id\":\"https:\/\/www.elase.com.br\/novo2025\/2025\/06\/08\/forum-estadual-de-formacao-esportiva\/\"},\"author\":{\"name\":\"suporte\",\"@id\":\"https:\/\/www.elase.com.br\/novo2025\/#\/schema\/person\/11b3f895e6e08a1561b0c081ad97a221\"},\"headline\":\"F\u00f3rum Estadual de Forma\u00e7\u00e3o Esportiva\",\"datePublished\":\"2025-06-08T09:57:24+00:00\",\"mainEntityOfPage\":{\"@id\":\"https:\/\/www.elase.com.br\/novo2025\/2025\/06\/08\/forum-estadual-de-formacao-esportiva\/\"},\"wordCount\":7,\"publisher\":{\"@id\":\"https:\/\/www.elase.com.br\/novo2025\/#organization\"},\"image\":{\"@id\":\"https:\/\/www.elase.com.br\/novo2025\/2025\/06\/08\/forum-estadual-de-formacao-esportiva\/#primaryimage\"},\"thumbnailUrl\":\"https:\/\/www.elase.com.br\/novo2025\/wp-content\/uploads\/sites\/3\/2025\/06\/capa-site-2.jpg\",\"articleSection\":[\"Eventos Esportivos\"],\"inLanguage\":\"pt-BR\"},{\"@type\":\"WebPage\",\"@id\":\"https:\/\/www.elase.com.br\/novo2025\/2025\/06\/08\/forum-estadual-de-formacao-esportiva\/\",\"url\":\"https:\/\/www.elase.com.br\/novo2025\/2025\/06\/08\/forum-estadual-de-formacao-esportiva\/\",\"name\":\"F\u00f3rum Estadual de Forma\u00e7\u00e3o Esportiva - Elase 2025\",\"isPartOf\":{\"@id\":\"https:\/\/www.elase.com.br\/novo2025\/#website\"},\"primaryImageOfPage\":{\"@id\":\"https:\/\/www.elase.com.br\/novo2025\/2025\/06\/08\/forum-estadual-de-formacao-esportiva\/#primaryimage\"},\"image\":{\"@id\":\"https:\/\/www.elase.com.br\/novo2025\/2025\/06\/08\/forum-estadual-de-formacao-esportiva\/#primaryimage\"},\"thumbnailUrl\":\"https:\/\/www.elase.com.br\/novo2025\/wp-content\/uploads\/sites\/3\/2025\/06\/capa-site-2.jpg\",\"datePublished\":\"2025-06-08T09:57:24+00:00\",\"breadcrumb\":{\"@id\":\"https:\/\/www.elase.com.br\/novo2025\/2025\/06\/08\/forum-estadual-de-formacao-esportiva\/#breadcrumb\"},\"inLanguage\":\"pt-BR\",\"potentialAction\":[{\"@type\":\"ReadAction\",\"target\":[\"https:\/\/www.elase.com.br\/novo2025\/2025\/06\/08\/forum-estadual-de-formacao-esportiva\/\"]}]},{\"@type\":\"ImageObject\",\"inLanguage\":\"pt-BR\",\"@id\":\"https:\/\/www.elase.com.br\/novo2025\/2025\/06\/08\/forum-estadual-de-formacao-esportiva\/#primaryimage\",\"url\":\"https:\/\/www.elase.com.br\/novo2025\/wp-content\/uploads\/sites\/3\/2025\/06\/capa-site-2.jpg\",\"contentUrl\":\"https:\/\/www.elase.com.br\/novo2025\/wp-content\/uploads\/sites\/3\/2025\/06\/capa-site-2.jpg\",\"width\":410,\"height\":215},{\"@type\":\"BreadcrumbList\",\"@id\":\"https:\/\/www.elase.com.br\/novo2025\/2025\/06\/08\/forum-estadual-de-formacao-esportiva\/#breadcrumb\",\"itemListElement\":[{\"@type\":\"ListItem\",\"position\":1,\"name\":\"In\u00edcio\",\"item\":\"https:\/\/www.elase.com.br\/novo2025\/\"},{\"@type\":\"ListItem\",\"position\":2,\"name\":\"F\u00f3rum Estadual de Forma\u00e7\u00e3o Esportiva\"}]},{\"@type\":\"WebSite\",\"@id\":\"https:\/\/www.elase.com.br\/novo2025\/#website\",\"url\":\"https:\/\/www.elase.com.br\/novo2025\/\",\"name\":\"Elase 2025\",\"description\":\"\",\"publisher\":{\"@id\":\"https:\/\/www.elase.com.br\/novo2025\/#organization\"},\"potentialAction\":[{\"@type\":\"SearchAction\",\"target\":{\"@type\":\"EntryPoint\",\"urlTemplate\":\"https:\/\/www.elase.com.br\/novo2025\/?s={search_term_string}\"},\"query-input\":{\"@type\":\"PropertyValueSpecification\",\"valueRequired\":true,\"valueName\":\"search_term_string\"}}],\"inLanguage\":\"pt-BR\"},{\"@type\":\"Organization\",\"@id\":\"https:\/\/www.elase.com.br\/novo2025\/#organization\",\"name\":\"Elase 2025\",\"url\":\"https:\/\/www.elase.com.br\/novo2025\/\",\"logo\":{\"@type\":\"ImageObject\",\"inLanguage\":\"pt-BR\",\"@id\":\"https:\/\/www.elase.com.br\/novo2025\/#\/schema\/logo\/image\/\",\"url\":\"https:\/\/www.elase.com.br\/novo2025\/wp-content\/uploads\/sites\/3\/2025\/06\/logo.png\",\"contentUrl\":\"https:\/\/www.elase.com.br\/novo2025\/wp-content\/uploads\/sites\/3\/2025\/06\/logo.png\",\"width\":102,\"height\":66,\"caption\":\"Elase 2025\"},\"image\":{\"@id\":\"https:\/\/www.elase.com.br\/novo2025\/#\/schema\/logo\/image\/\"}},{\"@type\":\"Person\",\"@id\":\"https:\/\/www.elase.com.br\/novo2025\/#\/schema\/person\/11b3f895e6e08a1561b0c081ad97a221\",\"name\":\"suporte\",\"image\":{\"@type\":\"ImageObject\",\"inLanguage\":\"pt-BR\",\"@id\":\"https:\/\/www.elase.com.br\/novo2025\/#\/schema\/person\/image\/\",\"url\":\"https:\/\/secure.gravatar.com\/avatar\/f89e2dea669a5551c66ffa714821576a30525f107cc8bea1e20ad6fb5c841eca?s=96&r=g&d=https:\/\/www.elase.com.br\/novo2025\/wp-content\/plugins\/userswp\/assets\/images\/no_profile.png\",\"contentUrl\":\"https:\/\/secure.gravatar.com\/avatar\/f89e2dea669a5551c66ffa714821576a30525f107cc8bea1e20ad6fb5c841eca?s=96&r=g&d=https:\/\/www.elase.com.br\/novo2025\/wp-content\/plugins\/userswp\/assets\/images\/no_profile.png\",\"caption\":\"suporte\"},\"description\":\"Suporte T\u00e9cnico.\",\"url\":\"https:\/\/www.elase.com.br\/novo2025\/author\/suporte\/\"}]}<\/script>\n<!-- \/ Yoast SEO plugin. -->","yoast_head_json":{"title":"F\u00f3rum Estadual de Forma\u00e7\u00e3o Esportiva - Elase 2025","robots":{"index":"index","follow":"follow","max-snippet":"max-snippet:-1","max-image-preview":"max-image-preview:large","max-video-preview":"max-video-preview:-1"},"canonical":"https:\/\/www.elase.com.br\/novo2025\/2025\/06\/08\/forum-estadual-de-formacao-esportiva\/","og_locale":"pt_BR","og_type":"article","og_title":"F\u00f3rum Estadual de Forma\u00e7\u00e3o Esportiva - Elase 2025","og_url":"https:\/\/www.elase.com.br\/novo2025\/2025\/06\/08\/forum-estadual-de-formacao-esportiva\/","og_site_name":"Elase 2025","article_published_time":"2025-06-08T09:57:24+00:00","og_image":[{"width":410,"height":215,"url":"http:\/\/www.elase.com.br\/novo2025\/wp-content\/uploads\/sites\/3\/2025\/06\/capa-site-2.jpg","type":"image\/jpeg"}],"author":"suporte","twitter_card":"summary_large_image","twitter_misc":{"Escrito por":"suporte","Est. tempo de leitura":"1 minuto"},"schema":{"@context":"https:\/\/schema.org","@graph":[{"@type":"Article","@id":"https:\/\/www.elase.com.br\/novo2025\/2025\/06\/08\/forum-estadual-de-formacao-esportiva\/#article","isPartOf":{"@id":"https:\/\/www.elase.com.br\/novo2025\/2025\/06\/08\/forum-estadual-de-formacao-esportiva\/"},"author":{"name":"suporte","@id":"https:\/\/www.elase.com.br\/novo2025\/#\/schema\/person\/11b3f895e6e08a1561b0c081ad97a221"},"headline":"F\u00f3rum Estadual de Forma\u00e7\u00e3o Esportiva","datePublished":"2025-06-08T09:57:24+00:00","mainEntityOfPage":{"@id":"https:\/\/www.elase.com.br\/novo2025\/2025\/06\/08\/forum-estadual-de-formacao-esportiva\/"},"wordCount":7,"publisher":{"@id":"https:\/\/www.elase.com.br\/novo2025\/#organization"},"image":{"@id":"https:\/\/www.elase.com.br\/novo2025\/2025\/06\/08\/forum-estadual-de-formacao-esportiva\/#primaryimage"},"thumbnailUrl":"https:\/\/www.elase.com.br\/novo2025\/wp-content\/uploads\/sites\/3\/2025\/06\/capa-site-2.jpg","articleSection":["Eventos Esportivos"],"inLanguage":"pt-BR"},{"@type":"WebPage","@id":"https:\/\/www.elase.com.br\/novo2025\/2025\/06\/08\/forum-estadual-de-formacao-esportiva\/","url":"https:\/\/www.elase.com.br\/novo2025\/2025\/06\/08\/forum-estadual-de-formacao-esportiva\/","name":"F\u00f3rum Estadual de Forma\u00e7\u00e3o Esportiva - Elase 2025","isPartOf":{"@id":"https:\/\/www.elase.com.br\/novo2025\/#website"},"primaryImageOfPage":{"@id":"https:\/\/www.elase.com.br\/novo2025\/2025\/06\/08\/forum-estadual-de-formacao-esportiva\/#primaryimage"},"image":{"@id":"https:\/\/www.elase.com.br\/novo2025\/2025\/06\/08\/forum-estadual-de-formacao-esportiva\/#primaryimage"},"thumbnailUrl":"https:\/\/www.elase.com.br\/novo2025\/wp-content\/uploads\/sites\/3\/2025\/06\/capa-site-2.jpg","datePublished":"2025-06-08T09:57:24+00:00","breadcrumb":{"@id":"https:\/\/www.elase.com.br\/novo2025\/2025\/06\/08\/forum-estadual-de-formacao-esportiva\/#breadcrumb"},"inLanguage":"pt-BR","potentialAction":[{"@type":"ReadAction","target":["https:\/\/www.elase.com.br\/novo2025\/2025\/06\/08\/forum-estadual-de-formacao-esportiva\/"]}]},{"@type":"ImageObject","inLanguage":"pt-BR","@id":"https:\/\/www.elase.com.br\/novo2025\/2025\/06\/08\/forum-estadual-de-formacao-esportiva\/#primaryimage","url":"https:\/\/www.elase.com.br\/novo2025\/wp-content\/uploads\/sites\/3\/2025\/06\/capa-site-2.jpg","contentUrl":"https:\/\/www.elase.com.br\/novo2025\/wp-content\/uploads\/sites\/3\/2025\/06\/capa-site-2.jpg","width":410,"height":215},{"@type":"BreadcrumbList","@id":"https:\/\/www.elase.com.br\/novo2025\/2025\/06\/08\/forum-estadual-de-formacao-esportiva\/#breadcrumb","itemListElement":[{"@type":"ListItem","position":1,"name":"In\u00edcio","item":"https:\/\/www.elase.com.br\/novo2025\/"},{"@type":"ListItem","position":2,"name":"F\u00f3rum Estadual de Forma\u00e7\u00e3o Esportiva"}]},{"@type":"WebSite","@id":"https:\/\/www.elase.com.br\/novo2025\/#website","url":"https:\/\/www.elase.com.br\/novo2025\/","name":"Elase 2025","description":"","publisher":{"@id":"https:\/\/www.elase.com.br\/novo2025\/#organization"},"potentialAction":[{"@type":"SearchAction","target":{"@type":"EntryPoint","urlTemplate":"https:\/\/www.elase.com.br\/novo2025\/?s={search_term_string}"},"query-input":{"@type":"PropertyValueSpecification","valueRequired":true,"valueName":"search_term_string"}}],"inLanguage":"pt-BR"},{"@type":"Organization","@id":"https:\/\/www.elase.com.br\/novo2025\/#organization","name":"Elase 2025","url":"https:\/\/www.elase.com.br\/novo2025\/","logo":{"@type":"ImageObject","inLanguage":"pt-BR","@id":"https:\/\/www.elase.com.br\/novo2025\/#\/schema\/logo\/image\/","url":"https:\/\/www.elase.com.br\/novo2025\/wp-content\/uploads\/sites\/3\/2025\/06\/logo.png","contentUrl":"https:\/\/www.elase.com.br\/novo2025\/wp-content\/uploads\/sites\/3\/2025\/06\/logo.png","width":102,"height":66,"caption":"Elase 2025"},"image":{"@id":"https:\/\/www.elase.com.br\/novo2025\/#\/schema\/logo\/image\/"}},{"@type":"Person","@id":"https:\/\/www.elase.com.br\/novo2025\/#\/schema\/person\/11b3f895e6e08a1561b0c081ad97a221","name":"suporte","image":{"@type":"ImageObject","inLanguage":"pt-BR","@id":"https:\/\/www.elase.com.br\/novo2025\/#\/schema\/person\/image\/","url":"https:\/\/secure.gravatar.com\/avatar\/f89e2dea669a5551c66ffa714821576a30525f107cc8bea1e20ad6fb5c841eca?s=96&r=g&d=https:\/\/www.elase.com.br\/novo2025\/wp-content\/plugins\/userswp\/assets\/images\/no_profile.png","contentUrl":"https:\/\/secure.gravatar.com\/avatar\/f89e2dea669a5551c66ffa714821576a30525f107cc8bea1e20ad6fb5c841eca?s=96&r=g&d=https:\/\/www.elase.com.br\/novo2025\/wp-content\/plugins\/userswp\/assets\/images\/no_profile.png","caption":"suporte"},"description":"Suporte T\u00e9cnico.","url":"https:\/\/www.elase.com.br\/novo2025\/author\/suporte\/"}]}},"publishpress_future_action":{"enabled":false,"date":"2026-05-09 08:49:42","action":"change-status","newStatus":"draft","terms":[],"taxonomy":"category","extraData":[]},"publishpress_future_workflow_manual_trigger":{"enabledWorkflows":[]},"_links":{"self":[{"href":"https:\/\/www.elase.com.br\/novo2025\/wp-json\/wp\/v2\/posts\/87","targetHints":{"allow":["GET"]}}],"collection":[{"href":"https:\/\/www.elase.com.br\/novo2025\/wp-json\/wp\/v2\/posts"}],"about":[{"href":"https:\/\/www.elase.com.br\/novo2025\/wp-json\/wp\/v2\/types\/post"}],"author":[{"embeddable":true,"href":"https:\/\/www.elase.com.br\/novo2025\/wp-json\/wp\/v2\/users\/1"}],"replies":[{"embeddable":true,"href":"https:\/\/www.elase.com.br\/novo2025\/wp-json\/wp\/v2\/comments?post=87"}],"version-history":[{"count":1,"href":"https:\/\/www.elase.com.br\/novo2025\/wp-json\/wp\/v2\/posts\/87\/revisions"}],"predecessor-version":[{"id":89,"href":"https:\/\/www.elase.com.br\/novo2025\/wp-json\/wp\/v2\/posts\/87\/revisions\/89"}],"wp:featuredmedia":[{"embeddable":true,"href":"https:\/\/www.elase.com.br\/novo2025\/wp-json\/wp\/v2\/media\/88"}],"wp:attachment":[{"href":"https:\/\/www.elase.com.br\/novo2025\/wp-json\/wp\/v2\/media?parent=87"}],"wp:term":[{"taxonomy":"category","embeddable":true,"href":"https:\/\/www.elase.com.br\/novo2025\/wp-json\/wp\/v2\/categories?post=87"},{"taxonomy":"post_tag","embeddable":true,"href":"https:\/\/www.elase.com.br\/novo2025\/wp-json\/wp\/v2\/tags?post=87"}],"curies":[{"name":"wp","href":"https:\/\/api.w.org\/{rel}","templated":true}]}}