{"id":76,"date":"2025-06-08T06:51:18","date_gmt":"2025-06-08T09:51:18","guid":{"rendered":"https:\/\/www.elase.com.br\/novo2025\/?p=76"},"modified":"2025-06-08T06:53:41","modified_gmt":"2025-06-08T09:53:41","slug":"feijoada-na-sede-de-praia-uma-tarde-de-sabor-e-musica-ao-vivo","status":"publish","type":"post","link":"https:\/\/www.elase.com.br\/novo2025\/2025\/06\/08\/feijoada-na-sede-de-praia-uma-tarde-de-sabor-e-musica-ao-vivo\/","title":{"rendered":"Feijoada na Sede de Praia! Uma Tarde de sabor e m\u00fasica ao vivo"},"content":{"rendered":"<p>Vem a\u00ed uma tarde deliciosa e cheia de sabor! No dia 14 de junho, a partir das 12h, o clube convida voc\u00ea e sua fam\u00edlia para aproveitar uma feijoada especial preparada pelo mestre cuca DeBona e equipe! Um verdadeiro banquete para os amantes da boa comida!<\/p>\n<p><img decoding=\"async\" class=\"emoji\" role=\"img\" draggable=\"false\" src=\"https:\/\/s.w.org\/images\/core\/emoji\/15.1.0\/svg\/1f39f.svg\" alt=\"\ud83c\udf9f\ufe0f\" \/>\u00a0Convites dispon\u00edveis na secretaria do clube.<br \/>\n<img decoding=\"async\" class=\"emoji\" role=\"img\" draggable=\"false\" src=\"https:\/\/s.w.org\/images\/core\/emoji\/15.1.0\/svg\/1f4b0.svg\" alt=\"\ud83d\udcb0\" \/>\u00a0Valor:<br \/>\n* R$40,00 \u2013 Associados<br \/>\n* R$60,00 \u2013 N\u00e3o associados<\/p>\n<p><img decoding=\"async\" class=\"emoji\" role=\"img\" draggable=\"false\" src=\"https:\/\/s.w.org\/images\/core\/emoji\/15.1.0\/svg\/1f3a4.svg\" alt=\"\ud83c\udfa4\" \/>\u00a0E pra deixar tudo ainda melhor, teremos m\u00fasica ao vivo com o Ac\u00fastico Duall, trazendo o clima perfeito para esse encontro especial!<\/p>\n<p>Garanta j\u00e1 o seu convite e venha curtir essa experi\u00eancia saborosa com a gente!\u00a0<img decoding=\"async\" class=\"emoji\" role=\"img\" draggable=\"false\" src=\"https:\/\/s.w.org\/images\/core\/emoji\/15.1.0\/svg\/1f37d.svg\" alt=\"\ud83c\udf7d\ufe0f\" \/><img decoding=\"async\" class=\"emoji\" role=\"img\" draggable=\"false\" src=\"https:\/\/s.w.org\/images\/core\/emoji\/15.1.0\/svg\/1f3b5.svg\" alt=\"\ud83c\udfb5\" \/><\/p>\n<p><img fetchpriority=\"high\" decoding=\"async\" class=\"aligncenter size-full wp-image-78\" src=\"http:\/\/www.elase.com.br\/novo2025\/wp-content\/uploads\/sites\/3\/2025\/06\/feed-elase-feijoada-1-1-768x960-1.png\" alt=\"\" width=\"768\" height=\"960\" srcset=\"https:\/\/www.elase.com.br\/novo2025\/wp-content\/uploads\/sites\/3\/2025\/06\/feed-elase-feijoada-1-1-768x960-1.png 768w, https:\/\/www.elase.com.br\/novo2025\/wp-content\/uploads\/sites\/3\/2025\/06\/feed-elase-feijoada-1-1-768x960-1-240x300.png 240w\" sizes=\"(max-width: 768px) 100vw, 768px\" \/><\/p>\n","protected":false},"excerpt":{"rendered":"<p>Vem a\u00ed uma tarde deliciosa e cheia de sabor! No dia 14 de junho, a partir das 12h, o clube convida voc\u00ea e sua fam\u00edlia para aproveitar uma feijoada especial preparada pelo mestre cuca DeBona e equipe! Um verdadeiro banquete [&hellip;]<\/p>\n","protected":false},"author":1,"featured_media":79,"comment_status":"closed","ping_status":"closed","sticky":false,"template":"","format":"standard","meta":{"footnotes":"","_links_to":"","_links_to_target":""},"categories":[12],"tags":[],"class_list":["post-76","post","type-post","status-publish","format-standard","has-post-thumbnail","hentry","category-eventos-sociais"],"yoast_head":"<!-- This site is optimized with the Yoast SEO plugin v26.1.1 - https:\/\/yoast.com\/wordpress\/plugins\/seo\/ -->\n<title>Feijoada na Sede de Praia! Uma Tarde de sabor e m\u00fasica ao vivo - Elase 2025<\/title>\n<meta name=\"robots\" content=\"index, follow, max-snippet:-1, max-image-preview:large, max-video-preview:-1\" \/>\n<link rel=\"canonical\" href=\"https:\/\/www.elase.com.br\/novo2025\/2025\/06\/08\/feijoada-na-sede-de-praia-uma-tarde-de-sabor-e-musica-ao-vivo\/\" \/>\n<meta property=\"og:locale\" content=\"pt_BR\" \/>\n<meta property=\"og:type\" content=\"article\" \/>\n<meta property=\"og:title\" content=\"Feijoada na Sede de Praia! Uma Tarde de sabor e m\u00fasica ao vivo - Elase 2025\" \/>\n<meta property=\"og:description\" content=\"Vem a\u00ed uma tarde deliciosa e cheia de sabor! No dia 14 de junho, a partir das 12h, o clube convida voc\u00ea e sua fam\u00edlia para aproveitar uma feijoada\" \/>\n<meta property=\"og:url\" content=\"https:\/\/www.elase.com.br\/novo2025\/2025\/06\/08\/feijoada-na-sede-de-praia-uma-tarde-de-sabor-e-musica-ao-vivo\/\" \/>\n<meta property=\"og:site_name\" content=\"Elase 2025\" \/>\n<meta property=\"article:published_time\" content=\"2025-06-08T09:51:18+00:00\" \/>\n<meta property=\"article:modified_time\" content=\"2025-06-08T09:53:41+00:00\" \/>\n<meta property=\"og:image\" content=\"http:\/\/www.elase.com.br\/novo2025\/wp-content\/uploads\/sites\/3\/2025\/06\/BANNER-SITE-elase-feijoada-1-1.jpg\" \/>\n\t<meta property=\"og:image:width\" content=\"410\" \/>\n\t<meta property=\"og:image:height\" content=\"215\" \/>\n\t<meta property=\"og:image:type\" content=\"image\/jpeg\" \/>\n<meta name=\"author\" content=\"suporte\" \/>\n<meta name=\"twitter:card\" content=\"summary_large_image\" \/>\n<meta name=\"twitter:label1\" content=\"Escrito por\" \/>\n\t<meta name=\"twitter:data1\" content=\"suporte\" \/>\n\t<meta name=\"twitter:label2\" content=\"Est. tempo de leitura\" \/>\n\t<meta name=\"twitter:data2\" content=\"2 minutos\" \/>\n<script type=\"application\/ld+json\" class=\"yoast-schema-graph\">{\"@context\":\"https:\/\/schema.org\",\"@graph\":[{\"@type\":\"Article\",\"@id\":\"https:\/\/www.elase.com.br\/novo2025\/2025\/06\/08\/feijoada-na-sede-de-praia-uma-tarde-de-sabor-e-musica-ao-vivo\/#article\",\"isPartOf\":{\"@id\":\"https:\/\/www.elase.com.br\/novo2025\/2025\/06\/08\/feijoada-na-sede-de-praia-uma-tarde-de-sabor-e-musica-ao-vivo\/\"},\"author\":{\"name\":\"suporte\",\"@id\":\"https:\/\/www.elase.com.br\/novo2025\/#\/schema\/person\/11b3f895e6e08a1561b0c081ad97a221\"},\"headline\":\"Feijoada na Sede de Praia! Uma Tarde de sabor e m\u00fasica ao vivo\",\"datePublished\":\"2025-06-08T09:51:18+00:00\",\"dateModified\":\"2025-06-08T09:53:41+00:00\",\"mainEntityOfPage\":{\"@id\":\"https:\/\/www.elase.com.br\/novo2025\/2025\/06\/08\/feijoada-na-sede-de-praia-uma-tarde-de-sabor-e-musica-ao-vivo\/\"},\"wordCount\":113,\"publisher\":{\"@id\":\"https:\/\/www.elase.com.br\/novo2025\/#organization\"},\"image\":{\"@id\":\"https:\/\/www.elase.com.br\/novo2025\/2025\/06\/08\/feijoada-na-sede-de-praia-uma-tarde-de-sabor-e-musica-ao-vivo\/#primaryimage\"},\"thumbnailUrl\":\"https:\/\/www.elase.com.br\/novo2025\/wp-content\/uploads\/sites\/3\/2025\/06\/BANNER-SITE-elase-feijoada-1-1.jpg\",\"articleSection\":[\"Eventos Sociais\"],\"inLanguage\":\"pt-BR\"},{\"@type\":\"WebPage\",\"@id\":\"https:\/\/www.elase.com.br\/novo2025\/2025\/06\/08\/feijoada-na-sede-de-praia-uma-tarde-de-sabor-e-musica-ao-vivo\/\",\"url\":\"https:\/\/www.elase.com.br\/novo2025\/2025\/06\/08\/feijoada-na-sede-de-praia-uma-tarde-de-sabor-e-musica-ao-vivo\/\",\"name\":\"Feijoada na Sede de Praia! Uma Tarde de sabor e m\u00fasica ao vivo - Elase 2025\",\"isPartOf\":{\"@id\":\"https:\/\/www.elase.com.br\/novo2025\/#website\"},\"primaryImageOfPage\":{\"@id\":\"https:\/\/www.elase.com.br\/novo2025\/2025\/06\/08\/feijoada-na-sede-de-praia-uma-tarde-de-sabor-e-musica-ao-vivo\/#primaryimage\"},\"image\":{\"@id\":\"https:\/\/www.elase.com.br\/novo2025\/2025\/06\/08\/feijoada-na-sede-de-praia-uma-tarde-de-sabor-e-musica-ao-vivo\/#primaryimage\"},\"thumbnailUrl\":\"https:\/\/www.elase.com.br\/novo2025\/wp-content\/uploads\/sites\/3\/2025\/06\/BANNER-SITE-elase-feijoada-1-1.jpg\",\"datePublished\":\"2025-06-08T09:51:18+00:00\",\"dateModified\":\"2025-06-08T09:53:41+00:00\",\"breadcrumb\":{\"@id\":\"https:\/\/www.elase.com.br\/novo2025\/2025\/06\/08\/feijoada-na-sede-de-praia-uma-tarde-de-sabor-e-musica-ao-vivo\/#breadcrumb\"},\"inLanguage\":\"pt-BR\",\"potentialAction\":[{\"@type\":\"ReadAction\",\"target\":[\"https:\/\/www.elase.com.br\/novo2025\/2025\/06\/08\/feijoada-na-sede-de-praia-uma-tarde-de-sabor-e-musica-ao-vivo\/\"]}]},{\"@type\":\"ImageObject\",\"inLanguage\":\"pt-BR\",\"@id\":\"https:\/\/www.elase.com.br\/novo2025\/2025\/06\/08\/feijoada-na-sede-de-praia-uma-tarde-de-sabor-e-musica-ao-vivo\/#primaryimage\",\"url\":\"https:\/\/www.elase.com.br\/novo2025\/wp-content\/uploads\/sites\/3\/2025\/06\/BANNER-SITE-elase-feijoada-1-1.jpg\",\"contentUrl\":\"https:\/\/www.elase.com.br\/novo2025\/wp-content\/uploads\/sites\/3\/2025\/06\/BANNER-SITE-elase-feijoada-1-1.jpg\",\"width\":410,\"height\":215},{\"@type\":\"BreadcrumbList\",\"@id\":\"https:\/\/www.elase.com.br\/novo2025\/2025\/06\/08\/feijoada-na-sede-de-praia-uma-tarde-de-sabor-e-musica-ao-vivo\/#breadcrumb\",\"itemListElement\":[{\"@type\":\"ListItem\",\"position\":1,\"name\":\"In\u00edcio\",\"item\":\"https:\/\/www.elase.com.br\/novo2025\/\"},{\"@type\":\"ListItem\",\"position\":2,\"name\":\"Feijoada na Sede de Praia! Uma Tarde de sabor e m\u00fasica ao vivo\"}]},{\"@type\":\"WebSite\",\"@id\":\"https:\/\/www.elase.com.br\/novo2025\/#website\",\"url\":\"https:\/\/www.elase.com.br\/novo2025\/\",\"name\":\"Elase 2025\",\"description\":\"\",\"publisher\":{\"@id\":\"https:\/\/www.elase.com.br\/novo2025\/#organization\"},\"potentialAction\":[{\"@type\":\"SearchAction\",\"target\":{\"@type\":\"EntryPoint\",\"urlTemplate\":\"https:\/\/www.elase.com.br\/novo2025\/?s={search_term_string}\"},\"query-input\":{\"@type\":\"PropertyValueSpecification\",\"valueRequired\":true,\"valueName\":\"search_term_string\"}}],\"inLanguage\":\"pt-BR\"},{\"@type\":\"Organization\",\"@id\":\"https:\/\/www.elase.com.br\/novo2025\/#organization\",\"name\":\"Elase 2025\",\"url\":\"https:\/\/www.elase.com.br\/novo2025\/\",\"logo\":{\"@type\":\"ImageObject\",\"inLanguage\":\"pt-BR\",\"@id\":\"https:\/\/www.elase.com.br\/novo2025\/#\/schema\/logo\/image\/\",\"url\":\"https:\/\/www.elase.com.br\/novo2025\/wp-content\/uploads\/sites\/3\/2025\/06\/logo.png\",\"contentUrl\":\"https:\/\/www.elase.com.br\/novo2025\/wp-content\/uploads\/sites\/3\/2025\/06\/logo.png\",\"width\":102,\"height\":66,\"caption\":\"Elase 2025\"},\"image\":{\"@id\":\"https:\/\/www.elase.com.br\/novo2025\/#\/schema\/logo\/image\/\"}},{\"@type\":\"Person\",\"@id\":\"https:\/\/www.elase.com.br\/novo2025\/#\/schema\/person\/11b3f895e6e08a1561b0c081ad97a221\",\"name\":\"suporte\",\"image\":{\"@type\":\"ImageObject\",\"inLanguage\":\"pt-BR\",\"@id\":\"https:\/\/www.elase.com.br\/novo2025\/#\/schema\/person\/image\/\",\"url\":\"https:\/\/secure.gravatar.com\/avatar\/f89e2dea669a5551c66ffa714821576a30525f107cc8bea1e20ad6fb5c841eca?s=96&r=g&d=https:\/\/www.elase.com.br\/novo2025\/wp-content\/plugins\/userswp\/assets\/images\/no_profile.png\",\"contentUrl\":\"https:\/\/secure.gravatar.com\/avatar\/f89e2dea669a5551c66ffa714821576a30525f107cc8bea1e20ad6fb5c841eca?s=96&r=g&d=https:\/\/www.elase.com.br\/novo2025\/wp-content\/plugins\/userswp\/assets\/images\/no_profile.png\",\"caption\":\"suporte\"},\"description\":\"Suporte T\u00e9cnico.\",\"url\":\"https:\/\/www.elase.com.br\/novo2025\/author\/suporte\/\"}]}<\/script>\n<!-- \/ Yoast SEO plugin. -->","yoast_head_json":{"title":"Feijoada na Sede de Praia! Uma Tarde de sabor e m\u00fasica ao vivo - Elase 2025","robots":{"index":"index","follow":"follow","max-snippet":"max-snippet:-1","max-image-preview":"max-image-preview:large","max-video-preview":"max-video-preview:-1"},"canonical":"https:\/\/www.elase.com.br\/novo2025\/2025\/06\/08\/feijoada-na-sede-de-praia-uma-tarde-de-sabor-e-musica-ao-vivo\/","og_locale":"pt_BR","og_type":"article","og_title":"Feijoada na Sede de Praia! Uma Tarde de sabor e m\u00fasica ao vivo - Elase 2025","og_description":"Vem a\u00ed uma tarde deliciosa e cheia de sabor! No dia 14 de junho, a partir das 12h, o clube convida voc\u00ea e sua fam\u00edlia para aproveitar uma feijoada","og_url":"https:\/\/www.elase.com.br\/novo2025\/2025\/06\/08\/feijoada-na-sede-de-praia-uma-tarde-de-sabor-e-musica-ao-vivo\/","og_site_name":"Elase 2025","article_published_time":"2025-06-08T09:51:18+00:00","article_modified_time":"2025-06-08T09:53:41+00:00","og_image":[{"width":410,"height":215,"url":"http:\/\/www.elase.com.br\/novo2025\/wp-content\/uploads\/sites\/3\/2025\/06\/BANNER-SITE-elase-feijoada-1-1.jpg","type":"image\/jpeg"}],"author":"suporte","twitter_card":"summary_large_image","twitter_misc":{"Escrito por":"suporte","Est. tempo de leitura":"2 minutos"},"schema":{"@context":"https:\/\/schema.org","@graph":[{"@type":"Article","@id":"https:\/\/www.elase.com.br\/novo2025\/2025\/06\/08\/feijoada-na-sede-de-praia-uma-tarde-de-sabor-e-musica-ao-vivo\/#article","isPartOf":{"@id":"https:\/\/www.elase.com.br\/novo2025\/2025\/06\/08\/feijoada-na-sede-de-praia-uma-tarde-de-sabor-e-musica-ao-vivo\/"},"author":{"name":"suporte","@id":"https:\/\/www.elase.com.br\/novo2025\/#\/schema\/person\/11b3f895e6e08a1561b0c081ad97a221"},"headline":"Feijoada na Sede de Praia! Uma Tarde de sabor e m\u00fasica ao vivo","datePublished":"2025-06-08T09:51:18+00:00","dateModified":"2025-06-08T09:53:41+00:00","mainEntityOfPage":{"@id":"https:\/\/www.elase.com.br\/novo2025\/2025\/06\/08\/feijoada-na-sede-de-praia-uma-tarde-de-sabor-e-musica-ao-vivo\/"},"wordCount":113,"publisher":{"@id":"https:\/\/www.elase.com.br\/novo2025\/#organization"},"image":{"@id":"https:\/\/www.elase.com.br\/novo2025\/2025\/06\/08\/feijoada-na-sede-de-praia-uma-tarde-de-sabor-e-musica-ao-vivo\/#primaryimage"},"thumbnailUrl":"https:\/\/www.elase.com.br\/novo2025\/wp-content\/uploads\/sites\/3\/2025\/06\/BANNER-SITE-elase-feijoada-1-1.jpg","articleSection":["Eventos Sociais"],"inLanguage":"pt-BR"},{"@type":"WebPage","@id":"https:\/\/www.elase.com.br\/novo2025\/2025\/06\/08\/feijoada-na-sede-de-praia-uma-tarde-de-sabor-e-musica-ao-vivo\/","url":"https:\/\/www.elase.com.br\/novo2025\/2025\/06\/08\/feijoada-na-sede-de-praia-uma-tarde-de-sabor-e-musica-ao-vivo\/","name":"Feijoada na Sede de Praia! Uma Tarde de sabor e m\u00fasica ao vivo - Elase 2025","isPartOf":{"@id":"https:\/\/www.elase.com.br\/novo2025\/#website"},"primaryImageOfPage":{"@id":"https:\/\/www.elase.com.br\/novo2025\/2025\/06\/08\/feijoada-na-sede-de-praia-uma-tarde-de-sabor-e-musica-ao-vivo\/#primaryimage"},"image":{"@id":"https:\/\/www.elase.com.br\/novo2025\/2025\/06\/08\/feijoada-na-sede-de-praia-uma-tarde-de-sabor-e-musica-ao-vivo\/#primaryimage"},"thumbnailUrl":"https:\/\/www.elase.com.br\/novo2025\/wp-content\/uploads\/sites\/3\/2025\/06\/BANNER-SITE-elase-feijoada-1-1.jpg","datePublished":"2025-06-08T09:51:18+00:00","dateModified":"2025-06-08T09:53:41+00:00","breadcrumb":{"@id":"https:\/\/www.elase.com.br\/novo2025\/2025\/06\/08\/feijoada-na-sede-de-praia-uma-tarde-de-sabor-e-musica-ao-vivo\/#breadcrumb"},"inLanguage":"pt-BR","potentialAction":[{"@type":"ReadAction","target":["https:\/\/www.elase.com.br\/novo2025\/2025\/06\/08\/feijoada-na-sede-de-praia-uma-tarde-de-sabor-e-musica-ao-vivo\/"]}]},{"@type":"ImageObject","inLanguage":"pt-BR","@id":"https:\/\/www.elase.com.br\/novo2025\/2025\/06\/08\/feijoada-na-sede-de-praia-uma-tarde-de-sabor-e-musica-ao-vivo\/#primaryimage","url":"https:\/\/www.elase.com.br\/novo2025\/wp-content\/uploads\/sites\/3\/2025\/06\/BANNER-SITE-elase-feijoada-1-1.jpg","contentUrl":"https:\/\/www.elase.com.br\/novo2025\/wp-content\/uploads\/sites\/3\/2025\/06\/BANNER-SITE-elase-feijoada-1-1.jpg","width":410,"height":215},{"@type":"BreadcrumbList","@id":"https:\/\/www.elase.com.br\/novo2025\/2025\/06\/08\/feijoada-na-sede-de-praia-uma-tarde-de-sabor-e-musica-ao-vivo\/#breadcrumb","itemListElement":[{"@type":"ListItem","position":1,"name":"In\u00edcio","item":"https:\/\/www.elase.com.br\/novo2025\/"},{"@type":"ListItem","position":2,"name":"Feijoada na Sede de Praia! Uma Tarde de sabor e m\u00fasica ao vivo"}]},{"@type":"WebSite","@id":"https:\/\/www.elase.com.br\/novo2025\/#website","url":"https:\/\/www.elase.com.br\/novo2025\/","name":"Elase 2025","description":"","publisher":{"@id":"https:\/\/www.elase.com.br\/novo2025\/#organization"},"potentialAction":[{"@type":"SearchAction","target":{"@type":"EntryPoint","urlTemplate":"https:\/\/www.elase.com.br\/novo2025\/?s={search_term_string}"},"query-input":{"@type":"PropertyValueSpecification","valueRequired":true,"valueName":"search_term_string"}}],"inLanguage":"pt-BR"},{"@type":"Organization","@id":"https:\/\/www.elase.com.br\/novo2025\/#organization","name":"Elase 2025","url":"https:\/\/www.elase.com.br\/novo2025\/","logo":{"@type":"ImageObject","inLanguage":"pt-BR","@id":"https:\/\/www.elase.com.br\/novo2025\/#\/schema\/logo\/image\/","url":"https:\/\/www.elase.com.br\/novo2025\/wp-content\/uploads\/sites\/3\/2025\/06\/logo.png","contentUrl":"https:\/\/www.elase.com.br\/novo2025\/wp-content\/uploads\/sites\/3\/2025\/06\/logo.png","width":102,"height":66,"caption":"Elase 2025"},"image":{"@id":"https:\/\/www.elase.com.br\/novo2025\/#\/schema\/logo\/image\/"}},{"@type":"Person","@id":"https:\/\/www.elase.com.br\/novo2025\/#\/schema\/person\/11b3f895e6e08a1561b0c081ad97a221","name":"suporte","image":{"@type":"ImageObject","inLanguage":"pt-BR","@id":"https:\/\/www.elase.com.br\/novo2025\/#\/schema\/person\/image\/","url":"https:\/\/secure.gravatar.com\/avatar\/f89e2dea669a5551c66ffa714821576a30525f107cc8bea1e20ad6fb5c841eca?s=96&r=g&d=https:\/\/www.elase.com.br\/novo2025\/wp-content\/plugins\/userswp\/assets\/images\/no_profile.png","contentUrl":"https:\/\/secure.gravatar.com\/avatar\/f89e2dea669a5551c66ffa714821576a30525f107cc8bea1e20ad6fb5c841eca?s=96&r=g&d=https:\/\/www.elase.com.br\/novo2025\/wp-content\/plugins\/userswp\/assets\/images\/no_profile.png","caption":"suporte"},"description":"Suporte T\u00e9cnico.","url":"https:\/\/www.elase.com.br\/novo2025\/author\/suporte\/"}]}},"publishpress_future_action":{"enabled":false,"date":"2026-05-09 08:54:29","action":"change-status","newStatus":"draft","terms":[],"taxonomy":"category","extraData":[]},"publishpress_future_workflow_manual_trigger":{"enabledWorkflows":[]},"_links":{"self":[{"href":"https:\/\/www.elase.com.br\/novo2025\/wp-json\/wp\/v2\/posts\/76","targetHints":{"allow":["GET"]}}],"collection":[{"href":"https:\/\/www.elase.com.br\/novo2025\/wp-json\/wp\/v2\/posts"}],"about":[{"href":"https:\/\/www.elase.com.br\/novo2025\/wp-json\/wp\/v2\/types\/post"}],"author":[{"embeddable":true,"href":"https:\/\/www.elase.com.br\/novo2025\/wp-json\/wp\/v2\/users\/1"}],"replies":[{"embeddable":true,"href":"https:\/\/www.elase.com.br\/novo2025\/wp-json\/wp\/v2\/comments?post=76"}],"version-history":[{"count":2,"href":"https:\/\/www.elase.com.br\/novo2025\/wp-json\/wp\/v2\/posts\/76\/revisions"}],"predecessor-version":[{"id":80,"href":"https:\/\/www.elase.com.br\/novo2025\/wp-json\/wp\/v2\/posts\/76\/revisions\/80"}],"wp:featuredmedia":[{"embeddable":true,"href":"https:\/\/www.elase.com.br\/novo2025\/wp-json\/wp\/v2\/media\/79"}],"wp:attachment":[{"href":"https:\/\/www.elase.com.br\/novo2025\/wp-json\/wp\/v2\/media?parent=76"}],"wp:term":[{"taxonomy":"category","embeddable":true,"href":"https:\/\/www.elase.com.br\/novo2025\/wp-json\/wp\/v2\/categories?post=76"},{"taxonomy":"post_tag","embeddable":true,"href":"https:\/\/www.elase.com.br\/novo2025\/wp-json\/wp\/v2\/tags?post=76"}],"curies":[{"name":"wp","href":"https:\/\/api.w.org\/{rel}","templated":true}]}}