{"id":964,"date":"2022-07-01T10:04:45","date_gmt":"2022-07-01T13:04:45","guid":{"rendered":"https:\/\/www.elase.com.br\/blog\/?p=964"},"modified":"2022-07-01T10:07:56","modified_gmt":"2022-07-01T13:07:56","slug":"associado-academico","status":"publish","type":"post","link":"https:\/\/www.elase.com.br\/blog\/associado-academico\/","title":{"rendered":"Associado Acad\u00eamico: Conhe\u00e7a a nova categoria de associa\u00e7\u00e3o na ELASE!"},"content":{"rendered":"<p>Desde 1\u00ba de julho uma nova categoria de associado est\u00e1 dispon\u00edvel na <strong>ELASE<\/strong> ao p\u00fablico em geral: o <strong>Associado Acad\u00eamico<\/strong>. O interessado deve comprovar matr\u00edcula junto \u00e0 institui\u00e7\u00e3o de ensino em curso de gradua\u00e7\u00e3o superior ou p\u00f3s-gradua\u00e7\u00e3o (mestrados e doutorados) e ter idade inferior a 25 anos.<\/p>\n<p>Durante o tempo que o interessado permanecer como <strong>Associado Acad\u00eamico<\/strong>, ter\u00e1 um <strong>desconto no valor da mensalidade correspondente a 50%<\/strong>. Essa categoria \u00e9 de associado individual, n\u00e3o sendo permitidos dependentes.\u00a0<strong>Ao completar 25 anos de idade, o associado deixa de integrar a categoria<\/strong>.<\/p>\n<p>Quanto aos servi\u00e7os, os valores praticados ser\u00e3o id\u00eanticos \u00e0s demais categorias de associados, inclusive a taxa de ades\u00e3o de R$ 350.<\/p>\n<p>D\u00favidas? <strong>Entre em contato com a<\/strong> <strong>secretaria do clube pelos telefones (48)3234-2089 \u00a0ou 3234-2986<\/strong>. Nosso hor\u00e1rio de atendimento \u00e9 das 10h \u00e0s 19h.<\/p>\n","protected":false},"excerpt":{"rendered":"<p>Desde 1\u00ba de julho uma nova categoria de associado est\u00e1 dispon\u00edvel na ELASE ao p\u00fablico em geral: o Associado Acad\u00eamico. O interessado [&hellip;]<\/p>\n","protected":false},"author":1,"featured_media":966,"comment_status":"open","ping_status":"open","sticky":false,"template":"","format":"standard","meta":{"footnotes":"","_links_to":"","_links_to_target":""},"categories":[1],"tags":[],"class_list":["post-964","post","type-post","status-publish","format-standard","has-post-thumbnail","hentry","category-sem-categoria"],"yoast_head":"<!-- This site is optimized with the Yoast SEO plugin v26.1.1 - https:\/\/yoast.com\/wordpress\/plugins\/seo\/ -->\n<title>Associado Acad\u00eamico: Conhe\u00e7a a nova categoria de associa\u00e7\u00e3o na ELASE! - Blog da ELASE<\/title>\n<meta name=\"robots\" content=\"index, follow, max-snippet:-1, max-image-preview:large, max-video-preview:-1\" \/>\n<link rel=\"canonical\" href=\"https:\/\/www.elase.com.br\/blog\/associado-academico\/\" \/>\n<meta property=\"og:locale\" content=\"pt_BR\" \/>\n<meta property=\"og:type\" content=\"article\" \/>\n<meta property=\"og:title\" content=\"Associado Acad\u00eamico: Conhe\u00e7a a nova categoria de associa\u00e7\u00e3o na ELASE! - Blog da ELASE\" \/>\n<meta property=\"og:description\" content=\"Desde 1\u00ba de julho uma nova categoria de associado est\u00e1 dispon\u00edvel na ELASE ao p\u00fablico em geral: o Associado Acad\u00eamico. O interessado [&hellip;]\" \/>\n<meta property=\"og:url\" content=\"https:\/\/www.elase.com.br\/blog\/associado-academico\/\" \/>\n<meta property=\"og:site_name\" content=\"Blog da ELASE\" \/>\n<meta property=\"article:published_time\" content=\"2022-07-01T13:04:45+00:00\" \/>\n<meta property=\"article:modified_time\" content=\"2022-07-01T13:07:56+00:00\" \/>\n<meta property=\"og:image\" content=\"https:\/\/www.elase.com.br\/blog\/wp-content\/uploads\/sites\/2\/2022\/07\/associado_academico.jpg\" \/>\n\t<meta property=\"og:image:width\" content=\"385\" \/>\n\t<meta property=\"og:image:height\" content=\"321\" \/>\n\t<meta property=\"og:image:type\" content=\"image\/jpeg\" \/>\n<meta name=\"author\" content=\"suporte\" \/>\n<meta name=\"twitter:card\" content=\"summary_large_image\" \/>\n<meta name=\"twitter:label1\" content=\"Escrito por\" \/>\n\t<meta name=\"twitter:data1\" content=\"suporte\" \/>\n\t<meta name=\"twitter:label2\" content=\"Est. tempo de leitura\" \/>\n\t<meta name=\"twitter:data2\" content=\"1 minuto\" \/>\n<script type=\"application\/ld+json\" class=\"yoast-schema-graph\">{\"@context\":\"https:\/\/schema.org\",\"@graph\":[{\"@type\":\"WebPage\",\"@id\":\"https:\/\/www.elase.com.br\/blog\/associado-academico\/\",\"url\":\"https:\/\/www.elase.com.br\/blog\/associado-academico\/\",\"name\":\"Associado Acad\u00eamico: Conhe\u00e7a a nova categoria de associa\u00e7\u00e3o na ELASE! - Blog da ELASE\",\"isPartOf\":{\"@id\":\"https:\/\/www.elase.com.br\/blog\/#website\"},\"primaryImageOfPage\":{\"@id\":\"https:\/\/www.elase.com.br\/blog\/associado-academico\/#primaryimage\"},\"image\":{\"@id\":\"https:\/\/www.elase.com.br\/blog\/associado-academico\/#primaryimage\"},\"thumbnailUrl\":\"https:\/\/www.elase.com.br\/blog\/wp-content\/uploads\/sites\/2\/2022\/07\/associado_academico.jpg\",\"datePublished\":\"2022-07-01T13:04:45+00:00\",\"dateModified\":\"2022-07-01T13:07:56+00:00\",\"author\":{\"@id\":\"https:\/\/www.elase.com.br\/blog\/#\/schema\/person\/11b3f895e6e08a1561b0c081ad97a221\"},\"breadcrumb\":{\"@id\":\"https:\/\/www.elase.com.br\/blog\/associado-academico\/#breadcrumb\"},\"inLanguage\":\"pt-BR\",\"potentialAction\":[{\"@type\":\"ReadAction\",\"target\":[\"https:\/\/www.elase.com.br\/blog\/associado-academico\/\"]}]},{\"@type\":\"ImageObject\",\"inLanguage\":\"pt-BR\",\"@id\":\"https:\/\/www.elase.com.br\/blog\/associado-academico\/#primaryimage\",\"url\":\"https:\/\/www.elase.com.br\/blog\/wp-content\/uploads\/sites\/2\/2022\/07\/associado_academico.jpg\",\"contentUrl\":\"https:\/\/www.elase.com.br\/blog\/wp-content\/uploads\/sites\/2\/2022\/07\/associado_academico.jpg\",\"width\":385,\"height\":321},{\"@type\":\"BreadcrumbList\",\"@id\":\"https:\/\/www.elase.com.br\/blog\/associado-academico\/#breadcrumb\",\"itemListElement\":[{\"@type\":\"ListItem\",\"position\":1,\"name\":\"In\u00edcio\",\"item\":\"https:\/\/www.elase.com.br\/blog\/\"},{\"@type\":\"ListItem\",\"position\":2,\"name\":\"Associado Acad\u00eamico: Conhe\u00e7a a nova categoria de associa\u00e7\u00e3o na ELASE!\"}]},{\"@type\":\"WebSite\",\"@id\":\"https:\/\/www.elase.com.br\/blog\/#website\",\"url\":\"https:\/\/www.elase.com.br\/blog\/\",\"name\":\"Blog da ELASE\",\"description\":\"\",\"potentialAction\":[{\"@type\":\"SearchAction\",\"target\":{\"@type\":\"EntryPoint\",\"urlTemplate\":\"https:\/\/www.elase.com.br\/blog\/?s={search_term_string}\"},\"query-input\":{\"@type\":\"PropertyValueSpecification\",\"valueRequired\":true,\"valueName\":\"search_term_string\"}}],\"inLanguage\":\"pt-BR\"},{\"@type\":\"Person\",\"@id\":\"https:\/\/www.elase.com.br\/blog\/#\/schema\/person\/11b3f895e6e08a1561b0c081ad97a221\",\"name\":\"suporte\",\"image\":{\"@type\":\"ImageObject\",\"inLanguage\":\"pt-BR\",\"@id\":\"https:\/\/www.elase.com.br\/blog\/#\/schema\/person\/image\/\",\"url\":\"https:\/\/secure.gravatar.com\/avatar\/f89e2dea669a5551c66ffa714821576a30525f107cc8bea1e20ad6fb5c841eca?s=96&r=g&d=https:\/\/www.elase.com.br\/blog\/wp-content\/plugins\/userswp\/assets\/images\/no_profile.png\",\"contentUrl\":\"https:\/\/secure.gravatar.com\/avatar\/f89e2dea669a5551c66ffa714821576a30525f107cc8bea1e20ad6fb5c841eca?s=96&r=g&d=https:\/\/www.elase.com.br\/blog\/wp-content\/plugins\/userswp\/assets\/images\/no_profile.png\",\"caption\":\"suporte\"},\"description\":\"Suporte T\u00e9cnico.\",\"url\":\"https:\/\/www.elase.com.br\/blog\/author\/suporte\/\"}]}<\/script>\n<!-- \/ Yoast SEO plugin. -->","yoast_head_json":{"title":"Associado Acad\u00eamico: Conhe\u00e7a a nova categoria de associa\u00e7\u00e3o na ELASE! - Blog da ELASE","robots":{"index":"index","follow":"follow","max-snippet":"max-snippet:-1","max-image-preview":"max-image-preview:large","max-video-preview":"max-video-preview:-1"},"canonical":"https:\/\/www.elase.com.br\/blog\/associado-academico\/","og_locale":"pt_BR","og_type":"article","og_title":"Associado Acad\u00eamico: Conhe\u00e7a a nova categoria de associa\u00e7\u00e3o na ELASE! - Blog da ELASE","og_description":"Desde 1\u00ba de julho uma nova categoria de associado est\u00e1 dispon\u00edvel na ELASE ao p\u00fablico em geral: o Associado Acad\u00eamico. O interessado [&hellip;]","og_url":"https:\/\/www.elase.com.br\/blog\/associado-academico\/","og_site_name":"Blog da ELASE","article_published_time":"2022-07-01T13:04:45+00:00","article_modified_time":"2022-07-01T13:07:56+00:00","og_image":[{"width":385,"height":321,"url":"https:\/\/www.elase.com.br\/blog\/wp-content\/uploads\/sites\/2\/2022\/07\/associado_academico.jpg","type":"image\/jpeg"}],"author":"suporte","twitter_card":"summary_large_image","twitter_misc":{"Escrito por":"suporte","Est. tempo de leitura":"1 minuto"},"schema":{"@context":"https:\/\/schema.org","@graph":[{"@type":"WebPage","@id":"https:\/\/www.elase.com.br\/blog\/associado-academico\/","url":"https:\/\/www.elase.com.br\/blog\/associado-academico\/","name":"Associado Acad\u00eamico: Conhe\u00e7a a nova categoria de associa\u00e7\u00e3o na ELASE! - Blog da ELASE","isPartOf":{"@id":"https:\/\/www.elase.com.br\/blog\/#website"},"primaryImageOfPage":{"@id":"https:\/\/www.elase.com.br\/blog\/associado-academico\/#primaryimage"},"image":{"@id":"https:\/\/www.elase.com.br\/blog\/associado-academico\/#primaryimage"},"thumbnailUrl":"https:\/\/www.elase.com.br\/blog\/wp-content\/uploads\/sites\/2\/2022\/07\/associado_academico.jpg","datePublished":"2022-07-01T13:04:45+00:00","dateModified":"2022-07-01T13:07:56+00:00","author":{"@id":"https:\/\/www.elase.com.br\/blog\/#\/schema\/person\/11b3f895e6e08a1561b0c081ad97a221"},"breadcrumb":{"@id":"https:\/\/www.elase.com.br\/blog\/associado-academico\/#breadcrumb"},"inLanguage":"pt-BR","potentialAction":[{"@type":"ReadAction","target":["https:\/\/www.elase.com.br\/blog\/associado-academico\/"]}]},{"@type":"ImageObject","inLanguage":"pt-BR","@id":"https:\/\/www.elase.com.br\/blog\/associado-academico\/#primaryimage","url":"https:\/\/www.elase.com.br\/blog\/wp-content\/uploads\/sites\/2\/2022\/07\/associado_academico.jpg","contentUrl":"https:\/\/www.elase.com.br\/blog\/wp-content\/uploads\/sites\/2\/2022\/07\/associado_academico.jpg","width":385,"height":321},{"@type":"BreadcrumbList","@id":"https:\/\/www.elase.com.br\/blog\/associado-academico\/#breadcrumb","itemListElement":[{"@type":"ListItem","position":1,"name":"In\u00edcio","item":"https:\/\/www.elase.com.br\/blog\/"},{"@type":"ListItem","position":2,"name":"Associado Acad\u00eamico: Conhe\u00e7a a nova categoria de associa\u00e7\u00e3o na ELASE!"}]},{"@type":"WebSite","@id":"https:\/\/www.elase.com.br\/blog\/#website","url":"https:\/\/www.elase.com.br\/blog\/","name":"Blog da ELASE","description":"","potentialAction":[{"@type":"SearchAction","target":{"@type":"EntryPoint","urlTemplate":"https:\/\/www.elase.com.br\/blog\/?s={search_term_string}"},"query-input":{"@type":"PropertyValueSpecification","valueRequired":true,"valueName":"search_term_string"}}],"inLanguage":"pt-BR"},{"@type":"Person","@id":"https:\/\/www.elase.com.br\/blog\/#\/schema\/person\/11b3f895e6e08a1561b0c081ad97a221","name":"suporte","image":{"@type":"ImageObject","inLanguage":"pt-BR","@id":"https:\/\/www.elase.com.br\/blog\/#\/schema\/person\/image\/","url":"https:\/\/secure.gravatar.com\/avatar\/f89e2dea669a5551c66ffa714821576a30525f107cc8bea1e20ad6fb5c841eca?s=96&r=g&d=https:\/\/www.elase.com.br\/blog\/wp-content\/plugins\/userswp\/assets\/images\/no_profile.png","contentUrl":"https:\/\/secure.gravatar.com\/avatar\/f89e2dea669a5551c66ffa714821576a30525f107cc8bea1e20ad6fb5c841eca?s=96&r=g&d=https:\/\/www.elase.com.br\/blog\/wp-content\/plugins\/userswp\/assets\/images\/no_profile.png","caption":"suporte"},"description":"Suporte T\u00e9cnico.","url":"https:\/\/www.elase.com.br\/blog\/author\/suporte\/"}]}},"publishpress_future_action":{"enabled":false,"date":"2026-05-09 08:59:35","action":"change-status","newStatus":"draft","terms":[],"taxonomy":"category","extraData":[]},"publishpress_future_workflow_manual_trigger":{"enabledWorkflows":[]},"_links":{"self":[{"href":"https:\/\/www.elase.com.br\/blog\/wp-json\/wp\/v2\/posts\/964","targetHints":{"allow":["GET"]}}],"collection":[{"href":"https:\/\/www.elase.com.br\/blog\/wp-json\/wp\/v2\/posts"}],"about":[{"href":"https:\/\/www.elase.com.br\/blog\/wp-json\/wp\/v2\/types\/post"}],"author":[{"embeddable":true,"href":"https:\/\/www.elase.com.br\/blog\/wp-json\/wp\/v2\/users\/1"}],"replies":[{"embeddable":true,"href":"https:\/\/www.elase.com.br\/blog\/wp-json\/wp\/v2\/comments?post=964"}],"version-history":[{"count":3,"href":"https:\/\/www.elase.com.br\/blog\/wp-json\/wp\/v2\/posts\/964\/revisions"}],"predecessor-version":[{"id":969,"href":"https:\/\/www.elase.com.br\/blog\/wp-json\/wp\/v2\/posts\/964\/revisions\/969"}],"wp:featuredmedia":[{"embeddable":true,"href":"https:\/\/www.elase.com.br\/blog\/wp-json\/wp\/v2\/media\/966"}],"wp:attachment":[{"href":"https:\/\/www.elase.com.br\/blog\/wp-json\/wp\/v2\/media?parent=964"}],"wp:term":[{"taxonomy":"category","embeddable":true,"href":"https:\/\/www.elase.com.br\/blog\/wp-json\/wp\/v2\/categories?post=964"},{"taxonomy":"post_tag","embeddable":true,"href":"https:\/\/www.elase.com.br\/blog\/wp-json\/wp\/v2\/tags?post=964"}],"curies":[{"name":"wp","href":"https:\/\/api.w.org\/{rel}","templated":true}]}}