{"id":957,"date":"2022-06-21T10:44:03","date_gmt":"2022-06-21T13:44:03","guid":{"rendered":"https:\/\/www.elase.com.br\/blog\/?p=957"},"modified":"2022-06-22T12:54:24","modified_gmt":"2022-06-22T15:54:24","slug":"saloes-da-elase-conheca-os-espacos-sociais-do-clube","status":"publish","type":"post","link":"https:\/\/www.elase.com.br\/blog\/saloes-da-elase-conheca-os-espacos-sociais-do-clube\/","title":{"rendered":"Sal\u00f5es da ELASE: conhe\u00e7a os espa\u00e7os sociais do clube"},"content":{"rendered":"<p>A ELASE \u00e9 um clube social de Florian\u00f3polis com infraestrutura para esportes, eventos e muito mais. Ali\u00e1s, voc\u00ea sabia da possibilidade de realizar uma festa, com aluguel de espa\u00e7o de baixo custo ou sem pagar se for associado? Ent\u00e3o, conhe\u00e7a a seguir um pouco mais sobre nossos sal\u00f5es.<\/p>\n<p>Antes de mais nada, vale lembrar que a ELASE tem sede no bairro Carvoeira. Al\u00e9m disso, o clube conta tamb\u00e9m com uma sede balne\u00e1ria na Barra da Lagoa, leste da Ilha. Ou seja, op\u00e7\u00f5es n\u00e3o faltam para voc\u00ea se divertir em um dos espa\u00e7os.<\/p>\n<p>Nesse sentido, vamos apresentar cada uma das op\u00e7\u00f5es de sal\u00f5es dispon\u00edveis para eventos e festas. Caso n\u00e3o saiba, confira aqui as vantagens de se tornar um associado da ELASE em Florian\u00f3polis. Leia a seguir como o clube pode fazer a diferen\u00e7a na sua vida.<\/p>\n<p>&nbsp;<\/p>\n<h3>Muito al\u00e9m de um clube esportivo<\/h3>\n<p>\u00c0 primeira vista a ELASE parece ser apenas um clube esportivo, mas tem mais a oferecer. Os associados contam com uma ampla estrutura para a pr\u00e1tica de esportes, sim, mas tamb\u00e9m outras atividades. Ou seja, o clube tem op\u00e7\u00f5es para todos os gostos.<\/p>\n<p>S\u00f3 para exemplificar, cursos de m\u00fasica, ingl\u00eas e estimula\u00e7\u00e3o motora para autistas est\u00e3o dispon\u00edveis. Al\u00e9m disso, pode-se praticar yoga e outras atividades para o bem-estar. Agora, se o interesse estiver em realizar um evento ou uma festa, as op\u00e7\u00f5es s\u00e3o variadas. Conhe\u00e7a a seguir os sal\u00f5es da ELASE.<\/p>\n<p>&nbsp;<\/p>\n<h3>Sal\u00e3o Barra da Lagoa e Quiosques<\/h3>\n<p>A sede de praia do clube conta com tr\u00eas espa\u00e7os dispon\u00edveis. Um deles \u00e9 o Sal\u00e3o Barra da Lagoa, com capacidade para 80 pessoas e per\u00edodo de reserva entre 31 de mar\u00e7o e 15 de dezembro. O restante do per\u00edodo fica \u00e0 disposi\u00e7\u00e3o de quem acampa na sede balne\u00e1ria. A reserva tem o valor de R$ 250.<\/p>\n<p>Al\u00e9m disso, o espa\u00e7o conta com dois quiosques com churrasqueira livre para utiliza\u00e7\u00e3o e sem necessidade de reserva. O local tem capacidade para 12 pessoas e funciona por ordem de chegada.<\/p>\n<p>&nbsp;<\/p>\n<h3>Sal\u00e3o Daniela<\/h3>\n<p>A sede social do clube conta com outros espa\u00e7os, como o Sal\u00e3o Daniela. Ali\u00e1s, o local tem capacidade para 30 pessoas e a reserva \u00e9 realizada de forma gratuita. Por sinal, fica ao lado do Campo de Futebol Su\u00ed\u00e7o e de f\u00e1cil acesso.<\/p>\n<p>No entanto, h\u00e1 um per\u00edodo para realizar a reserva. O associado deve pedir o espa\u00e7o a partir do primeiro dia \u00fatil ap\u00f3s o dia 20 de cada m\u00eas. Assim, a data deve ser no m\u00eas subsequente. O associado deve respeitar o limite de uma reserva por m\u00eas, v\u00e1lida tamb\u00e9m para os dependentes.<\/p>\n<p>S\u00f3 para exemplificar, o Sal\u00e3o Daniela conta com kit churrasco, 8 mesas e 30 cadeiras. O ambiente garante todas as condi\u00e7\u00f5es para o seu evento.<\/p>\n<p>&nbsp;<\/p>\n<h3>Sal\u00e3o Ingleses<\/h3>\n<p>O Sal\u00e3o Ingleses conta com espa\u00e7o para 80 convidados e conforto para o seu evento. S\u00e3o 20 mesas, al\u00e9m de uma mesa de buffet e geladeira de 324l. Nesse sentido, o local abriga festas de anivers\u00e1rio, formatura e outras comemora\u00e7\u00f5es.<\/p>\n<p>O local tem valor de reserva de R$ 500, de segunda a quinta-feira, e R$ 550 de sexta a domingo.<\/p>\n<p>&nbsp;<\/p>\n<h3>Sal\u00e3o Jurer\u00ea<\/h3>\n<p>Antes de mais nada, o Sal\u00e3o Jurer\u00ea conta com a maior capacidade entre todos: 120 pessoas. Ali\u00e1s, o espa\u00e7o comporta casamentos, festas de 15 anos e formaturas.<\/p>\n<p>O Sal\u00e3o Jurer\u00ea tem taxa de reserva no valor de R$ 620, de segunda a quinta-feira, e R$ 880 de sexta a domingo. Assim, ficam \u00e0 disposi\u00e7\u00e3o dos associados e dependentes tr\u00eas fog\u00f5es, geladeiras, 30 mesas e 120 cadeiras.<\/p>\n<h3>Reservas<\/h3>\n<p>Quer fazer sua festa em algum dos sal\u00f5es da ELASE?<\/p>\n<p>Fa\u00e7a a pr\u00e9-reserva dos sal\u00f5es Ingleses, Barra da Lagoa e Jurer\u00ea atrav\u00e9s do telefone (48) 2324-2986. O associado tem 48h para confirmar a data atrav\u00e9s da assinatura do contrato e mediante pagamento.<\/p>\n<p>J\u00e1 o aluguel do sal\u00e3o Daniela ou os quiosques da Barra da Lagoa dever\u00e1 ser feito presencialmente, por ordem de chegada.<\/p>\n<p><a href=\"https:\/\/www.elase.com.br\/downloads\/\"><b>Fa\u00e7a sua reserva aqui!\u00a0<\/b><\/a><\/p>\n<p>&nbsp;<\/p>\n<h3>Seja um associado da ELASE<\/h3>\n<p>Agora que voc\u00ea conhece todos os sal\u00f5es da ELASE, que tal saber um pouco mais dos benef\u00edcios de ser um associado? O clube tem uma ampla oferta de atividades esportivas, como quadras para loca\u00e7\u00e3o e piscina aquecida. Al\u00e9m disso, disp\u00f5e de profissionais qualificados e equipes t\u00e9cnicas tamb\u00e9m para quem busca o alto rendimento.<\/p>\n<p>Entre os benef\u00edcios de ser um associado, destaca-se o pre\u00e7o convidativo das atividades e espa\u00e7os de loca\u00e7\u00e3o no clube. Al\u00e9m disso, a ELASE fica aberta todos os dias, assim d\u00e1 para aproveitar a estrutura o ano inteiro e com seguran\u00e7a.<\/p>\n<p>&nbsp;<\/p>\n<h3>Desconto na taxa<\/h3>\n<p>E mais uma coisa, a promo\u00e7\u00e3o de desconto na taxa de ades\u00e3o para os novos associados. Assim, at\u00e9 o dia 30 de junho o valor ir\u00e1 se manter em R$ 200. Vai perder essa oportunidade?<\/p>\n<p>O processo de associa\u00e7\u00e3o pode ser feito atrav\u00e9s do site ou indo at\u00e9 a sede do clube. Assim, voc\u00ea precisa preencher a ficha cadastral e apresentar os <a href=\"https:\/\/www.elase.com.br\/quero-me-associar\/\"><b>documentos pedidos<\/b><\/a>. A sede da ELASE fica na Avenida C\u00e9sar Seara, 560. O telefone \u00e9 o 48 3234-2986.<\/p>\n","protected":false},"excerpt":{"rendered":"<p>A ELASE \u00e9 um clube social de Florian\u00f3polis com infraestrutura para esportes, eventos e muito mais. Ali\u00e1s, voc\u00ea sabia da possibilidade de [&hellip;]<\/p>\n","protected":false},"author":7,"featured_media":958,"comment_status":"open","ping_status":"open","sticky":false,"template":"","format":"standard","meta":{"footnotes":"","_links_to":"","_links_to_target":""},"categories":[8],"tags":[],"class_list":["post-957","post","type-post","status-publish","format-standard","has-post-thumbnail","hentry","category-elase"],"yoast_head":"<!-- This site is optimized with the Yoast SEO plugin v26.1.1 - https:\/\/yoast.com\/wordpress\/plugins\/seo\/ -->\n<title>Sal\u00f5es da ELASE: conhe\u00e7a os espa\u00e7os sociais do clube<\/title>\n<meta name=\"description\" content=\"A ELASE conta com sal\u00f5es para eventos e comemora\u00e7\u00f5es. Veja as op\u00e7\u00f5es de reserva e as vantagens de ser um associado.\" \/>\n<meta name=\"robots\" content=\"index, follow, max-snippet:-1, max-image-preview:large, max-video-preview:-1\" \/>\n<link rel=\"canonical\" href=\"https:\/\/www.elase.com.br\/blog\/saloes-da-elase-conheca-os-espacos-sociais-do-clube\/\" \/>\n<meta property=\"og:locale\" content=\"pt_BR\" \/>\n<meta property=\"og:type\" content=\"article\" \/>\n<meta property=\"og:title\" content=\"Sal\u00f5es da ELASE: conhe\u00e7a os espa\u00e7os sociais do clube\" \/>\n<meta property=\"og:description\" content=\"A ELASE conta com sal\u00f5es para eventos e comemora\u00e7\u00f5es. Veja as op\u00e7\u00f5es de reserva e as vantagens de ser um associado.\" \/>\n<meta property=\"og:url\" content=\"https:\/\/www.elase.com.br\/blog\/saloes-da-elase-conheca-os-espacos-sociais-do-clube\/\" \/>\n<meta property=\"og:site_name\" content=\"Blog da ELASE\" \/>\n<meta property=\"article:published_time\" content=\"2022-06-21T13:44:03+00:00\" \/>\n<meta property=\"article:modified_time\" content=\"2022-06-22T15:54:24+00:00\" \/>\n<meta property=\"og:image\" content=\"https:\/\/www.elase.com.br\/blog\/wp-content\/uploads\/sites\/2\/2022\/06\/Blog-Elase-salao-festa1-1024x486.jpg\" \/>\n\t<meta property=\"og:image:width\" content=\"1024\" \/>\n\t<meta property=\"og:image:height\" content=\"486\" \/>\n\t<meta property=\"og:image:type\" content=\"image\/jpeg\" \/>\n<meta name=\"author\" content=\"Elase\" \/>\n<meta name=\"twitter:card\" content=\"summary_large_image\" \/>\n<meta name=\"twitter:label1\" content=\"Escrito por\" \/>\n\t<meta name=\"twitter:data1\" content=\"Elase\" \/>\n\t<meta name=\"twitter:label2\" content=\"Est. tempo de leitura\" \/>\n\t<meta name=\"twitter:data2\" content=\"5 minutos\" \/>\n<script type=\"application\/ld+json\" class=\"yoast-schema-graph\">{\"@context\":\"https:\/\/schema.org\",\"@graph\":[{\"@type\":\"WebPage\",\"@id\":\"https:\/\/www.elase.com.br\/blog\/saloes-da-elase-conheca-os-espacos-sociais-do-clube\/\",\"url\":\"https:\/\/www.elase.com.br\/blog\/saloes-da-elase-conheca-os-espacos-sociais-do-clube\/\",\"name\":\"Sal\u00f5es da ELASE: conhe\u00e7a os espa\u00e7os sociais do clube\",\"isPartOf\":{\"@id\":\"https:\/\/www.elase.com.br\/blog\/#website\"},\"primaryImageOfPage\":{\"@id\":\"https:\/\/www.elase.com.br\/blog\/saloes-da-elase-conheca-os-espacos-sociais-do-clube\/#primaryimage\"},\"image\":{\"@id\":\"https:\/\/www.elase.com.br\/blog\/saloes-da-elase-conheca-os-espacos-sociais-do-clube\/#primaryimage\"},\"thumbnailUrl\":\"https:\/\/www.elase.com.br\/blog\/wp-content\/uploads\/sites\/2\/2022\/06\/Blog-Elase-salao-festa1.jpg\",\"datePublished\":\"2022-06-21T13:44:03+00:00\",\"dateModified\":\"2022-06-22T15:54:24+00:00\",\"author\":{\"@id\":\"https:\/\/www.elase.com.br\/blog\/#\/schema\/person\/c5648edcd86e91cabc5f62555421edce\"},\"description\":\"A ELASE conta com sal\u00f5es para eventos e comemora\u00e7\u00f5es. Veja as op\u00e7\u00f5es de reserva e as vantagens de ser um associado.\",\"breadcrumb\":{\"@id\":\"https:\/\/www.elase.com.br\/blog\/saloes-da-elase-conheca-os-espacos-sociais-do-clube\/#breadcrumb\"},\"inLanguage\":\"pt-BR\",\"potentialAction\":[{\"@type\":\"ReadAction\",\"target\":[\"https:\/\/www.elase.com.br\/blog\/saloes-da-elase-conheca-os-espacos-sociais-do-clube\/\"]}]},{\"@type\":\"ImageObject\",\"inLanguage\":\"pt-BR\",\"@id\":\"https:\/\/www.elase.com.br\/blog\/saloes-da-elase-conheca-os-espacos-sociais-do-clube\/#primaryimage\",\"url\":\"https:\/\/www.elase.com.br\/blog\/wp-content\/uploads\/sites\/2\/2022\/06\/Blog-Elase-salao-festa1.jpg\",\"contentUrl\":\"https:\/\/www.elase.com.br\/blog\/wp-content\/uploads\/sites\/2\/2022\/06\/Blog-Elase-salao-festa1.jpg\",\"width\":2560,\"height\":1215,\"caption\":\"Sal\u00f5es da ELASE: conhe\u00e7a os espa\u00e7os sociais do clube\"},{\"@type\":\"BreadcrumbList\",\"@id\":\"https:\/\/www.elase.com.br\/blog\/saloes-da-elase-conheca-os-espacos-sociais-do-clube\/#breadcrumb\",\"itemListElement\":[{\"@type\":\"ListItem\",\"position\":1,\"name\":\"In\u00edcio\",\"item\":\"https:\/\/www.elase.com.br\/blog\/\"},{\"@type\":\"ListItem\",\"position\":2,\"name\":\"Sal\u00f5es da ELASE: conhe\u00e7a os espa\u00e7os sociais do clube\"}]},{\"@type\":\"WebSite\",\"@id\":\"https:\/\/www.elase.com.br\/blog\/#website\",\"url\":\"https:\/\/www.elase.com.br\/blog\/\",\"name\":\"Blog da ELASE\",\"description\":\"\",\"potentialAction\":[{\"@type\":\"SearchAction\",\"target\":{\"@type\":\"EntryPoint\",\"urlTemplate\":\"https:\/\/www.elase.com.br\/blog\/?s={search_term_string}\"},\"query-input\":{\"@type\":\"PropertyValueSpecification\",\"valueRequired\":true,\"valueName\":\"search_term_string\"}}],\"inLanguage\":\"pt-BR\"},{\"@type\":\"Person\",\"@id\":\"https:\/\/www.elase.com.br\/blog\/#\/schema\/person\/c5648edcd86e91cabc5f62555421edce\",\"name\":\"Elase\",\"image\":{\"@type\":\"ImageObject\",\"inLanguage\":\"pt-BR\",\"@id\":\"https:\/\/www.elase.com.br\/blog\/#\/schema\/person\/image\/\",\"url\":\"https:\/\/secure.gravatar.com\/avatar\/e04f303593dd0bee5fdbdc05ef63066d59e1a5bf61b911bf6653c92bfb86e392?s=96&r=g&d=https:\/\/www.elase.com.br\/blog\/wp-content\/plugins\/userswp\/assets\/images\/no_profile.png\",\"contentUrl\":\"https:\/\/secure.gravatar.com\/avatar\/e04f303593dd0bee5fdbdc05ef63066d59e1a5bf61b911bf6653c92bfb86e392?s=96&r=g&d=https:\/\/www.elase.com.br\/blog\/wp-content\/plugins\/userswp\/assets\/images\/no_profile.png\",\"caption\":\"Elase\"},\"url\":\"https:\/\/www.elase.com.br\/blog\/author\/roberta\/\"}]}<\/script>\n<!-- \/ Yoast SEO plugin. -->","yoast_head_json":{"title":"Sal\u00f5es da ELASE: conhe\u00e7a os espa\u00e7os sociais do clube","description":"A ELASE conta com sal\u00f5es para eventos e comemora\u00e7\u00f5es. Veja as op\u00e7\u00f5es de reserva e as vantagens de ser um associado.","robots":{"index":"index","follow":"follow","max-snippet":"max-snippet:-1","max-image-preview":"max-image-preview:large","max-video-preview":"max-video-preview:-1"},"canonical":"https:\/\/www.elase.com.br\/blog\/saloes-da-elase-conheca-os-espacos-sociais-do-clube\/","og_locale":"pt_BR","og_type":"article","og_title":"Sal\u00f5es da ELASE: conhe\u00e7a os espa\u00e7os sociais do clube","og_description":"A ELASE conta com sal\u00f5es para eventos e comemora\u00e7\u00f5es. Veja as op\u00e7\u00f5es de reserva e as vantagens de ser um associado.","og_url":"https:\/\/www.elase.com.br\/blog\/saloes-da-elase-conheca-os-espacos-sociais-do-clube\/","og_site_name":"Blog da ELASE","article_published_time":"2022-06-21T13:44:03+00:00","article_modified_time":"2022-06-22T15:54:24+00:00","og_image":[{"width":1024,"height":486,"url":"https:\/\/www.elase.com.br\/blog\/wp-content\/uploads\/sites\/2\/2022\/06\/Blog-Elase-salao-festa1-1024x486.jpg","type":"image\/jpeg"}],"author":"Elase","twitter_card":"summary_large_image","twitter_misc":{"Escrito por":"Elase","Est. tempo de leitura":"5 minutos"},"schema":{"@context":"https:\/\/schema.org","@graph":[{"@type":"WebPage","@id":"https:\/\/www.elase.com.br\/blog\/saloes-da-elase-conheca-os-espacos-sociais-do-clube\/","url":"https:\/\/www.elase.com.br\/blog\/saloes-da-elase-conheca-os-espacos-sociais-do-clube\/","name":"Sal\u00f5es da ELASE: conhe\u00e7a os espa\u00e7os sociais do clube","isPartOf":{"@id":"https:\/\/www.elase.com.br\/blog\/#website"},"primaryImageOfPage":{"@id":"https:\/\/www.elase.com.br\/blog\/saloes-da-elase-conheca-os-espacos-sociais-do-clube\/#primaryimage"},"image":{"@id":"https:\/\/www.elase.com.br\/blog\/saloes-da-elase-conheca-os-espacos-sociais-do-clube\/#primaryimage"},"thumbnailUrl":"https:\/\/www.elase.com.br\/blog\/wp-content\/uploads\/sites\/2\/2022\/06\/Blog-Elase-salao-festa1.jpg","datePublished":"2022-06-21T13:44:03+00:00","dateModified":"2022-06-22T15:54:24+00:00","author":{"@id":"https:\/\/www.elase.com.br\/blog\/#\/schema\/person\/c5648edcd86e91cabc5f62555421edce"},"description":"A ELASE conta com sal\u00f5es para eventos e comemora\u00e7\u00f5es. Veja as op\u00e7\u00f5es de reserva e as vantagens de ser um associado.","breadcrumb":{"@id":"https:\/\/www.elase.com.br\/blog\/saloes-da-elase-conheca-os-espacos-sociais-do-clube\/#breadcrumb"},"inLanguage":"pt-BR","potentialAction":[{"@type":"ReadAction","target":["https:\/\/www.elase.com.br\/blog\/saloes-da-elase-conheca-os-espacos-sociais-do-clube\/"]}]},{"@type":"ImageObject","inLanguage":"pt-BR","@id":"https:\/\/www.elase.com.br\/blog\/saloes-da-elase-conheca-os-espacos-sociais-do-clube\/#primaryimage","url":"https:\/\/www.elase.com.br\/blog\/wp-content\/uploads\/sites\/2\/2022\/06\/Blog-Elase-salao-festa1.jpg","contentUrl":"https:\/\/www.elase.com.br\/blog\/wp-content\/uploads\/sites\/2\/2022\/06\/Blog-Elase-salao-festa1.jpg","width":2560,"height":1215,"caption":"Sal\u00f5es da ELASE: conhe\u00e7a os espa\u00e7os sociais do clube"},{"@type":"BreadcrumbList","@id":"https:\/\/www.elase.com.br\/blog\/saloes-da-elase-conheca-os-espacos-sociais-do-clube\/#breadcrumb","itemListElement":[{"@type":"ListItem","position":1,"name":"In\u00edcio","item":"https:\/\/www.elase.com.br\/blog\/"},{"@type":"ListItem","position":2,"name":"Sal\u00f5es da ELASE: conhe\u00e7a os espa\u00e7os sociais do clube"}]},{"@type":"WebSite","@id":"https:\/\/www.elase.com.br\/blog\/#website","url":"https:\/\/www.elase.com.br\/blog\/","name":"Blog da ELASE","description":"","potentialAction":[{"@type":"SearchAction","target":{"@type":"EntryPoint","urlTemplate":"https:\/\/www.elase.com.br\/blog\/?s={search_term_string}"},"query-input":{"@type":"PropertyValueSpecification","valueRequired":true,"valueName":"search_term_string"}}],"inLanguage":"pt-BR"},{"@type":"Person","@id":"https:\/\/www.elase.com.br\/blog\/#\/schema\/person\/c5648edcd86e91cabc5f62555421edce","name":"Elase","image":{"@type":"ImageObject","inLanguage":"pt-BR","@id":"https:\/\/www.elase.com.br\/blog\/#\/schema\/person\/image\/","url":"https:\/\/secure.gravatar.com\/avatar\/e04f303593dd0bee5fdbdc05ef63066d59e1a5bf61b911bf6653c92bfb86e392?s=96&r=g&d=https:\/\/www.elase.com.br\/blog\/wp-content\/plugins\/userswp\/assets\/images\/no_profile.png","contentUrl":"https:\/\/secure.gravatar.com\/avatar\/e04f303593dd0bee5fdbdc05ef63066d59e1a5bf61b911bf6653c92bfb86e392?s=96&r=g&d=https:\/\/www.elase.com.br\/blog\/wp-content\/plugins\/userswp\/assets\/images\/no_profile.png","caption":"Elase"},"url":"https:\/\/www.elase.com.br\/blog\/author\/roberta\/"}]}},"publishpress_future_action":{"enabled":false,"date":"2026-05-09 07:40:47","action":"change-status","newStatus":"draft","terms":[],"taxonomy":"category","extraData":[]},"publishpress_future_workflow_manual_trigger":{"enabledWorkflows":[]},"_links":{"self":[{"href":"https:\/\/www.elase.com.br\/blog\/wp-json\/wp\/v2\/posts\/957","targetHints":{"allow":["GET"]}}],"collection":[{"href":"https:\/\/www.elase.com.br\/blog\/wp-json\/wp\/v2\/posts"}],"about":[{"href":"https:\/\/www.elase.com.br\/blog\/wp-json\/wp\/v2\/types\/post"}],"author":[{"embeddable":true,"href":"https:\/\/www.elase.com.br\/blog\/wp-json\/wp\/v2\/users\/7"}],"replies":[{"embeddable":true,"href":"https:\/\/www.elase.com.br\/blog\/wp-json\/wp\/v2\/comments?post=957"}],"version-history":[{"count":4,"href":"https:\/\/www.elase.com.br\/blog\/wp-json\/wp\/v2\/posts\/957\/revisions"}],"predecessor-version":[{"id":962,"href":"https:\/\/www.elase.com.br\/blog\/wp-json\/wp\/v2\/posts\/957\/revisions\/962"}],"wp:featuredmedia":[{"embeddable":true,"href":"https:\/\/www.elase.com.br\/blog\/wp-json\/wp\/v2\/media\/958"}],"wp:attachment":[{"href":"https:\/\/www.elase.com.br\/blog\/wp-json\/wp\/v2\/media?parent=957"}],"wp:term":[{"taxonomy":"category","embeddable":true,"href":"https:\/\/www.elase.com.br\/blog\/wp-json\/wp\/v2\/categories?post=957"},{"taxonomy":"post_tag","embeddable":true,"href":"https:\/\/www.elase.com.br\/blog\/wp-json\/wp\/v2\/tags?post=957"}],"curies":[{"name":"wp","href":"https:\/\/api.w.org\/{rel}","templated":true}]}}