{"id":948,"date":"2022-05-19T14:38:24","date_gmt":"2022-05-19T17:38:24","guid":{"rendered":"https:\/\/www.elase.com.br\/blog\/?p=948"},"modified":"2022-05-19T14:38:24","modified_gmt":"2022-05-19T17:38:24","slug":"santiago-ocampo-analisa-trajetoria-de-25-anos-na-presidencia-da-elase","status":"publish","type":"post","link":"https:\/\/www.elase.com.br\/blog\/santiago-ocampo-analisa-trajetoria-de-25-anos-na-presidencia-da-elase\/","title":{"rendered":"Santiago Ocampo Fernandez comemora legado e analisa trajet\u00f3ria de 25 anos na presid\u00eancia da ELASE"},"content":{"rendered":"<p><i>Presidente abre o \u00faltimo ano de mandato, que termina em abril de 2023 e prepara transi\u00e7\u00e3o com a sensa\u00e7\u00e3o de ter cumprido a miss\u00e3o<\/i>.<\/p>\n<p>&#8220;No que diz respeito ao empenho, ao compromisso, ao esfor\u00e7o, \u00e0 dedica\u00e7\u00e3o, n\u00e3o existe meio termo. Ou voc\u00ea faz uma coisa bem feita, ou n\u00e3o faz&#8221;. A frase atribu\u00edda ao ex-piloto de F\u00f3rmula 1, Ayrton Senna, \u00e9 um bom exemplo para destacar a rela\u00e7\u00e3o entre ELASE e Santiago Ocampo Fernandez. O clube, que completa 45 anos em maio, tem o mesmo presidente desde setembro de 1997. A trajet\u00f3ria dos dois est\u00e1 entrela\u00e7ada, e isso os tornam importantes, um para o outro.<\/p>\n<p>&#8220;A ELASE \u00e9 um marco importante na minha vida, junto com minha fam\u00edlia e meus amigos. O legado que deixamos nesses 25 anos vai permanecer aqui no clube. A semente que plantamos na ELASE serve de base \u00e0 nossa comunidade, pois \u00e9 fruto de muito carinho, dedica\u00e7\u00e3o e amor. E isso n\u00e3o tem pre\u00e7o&#8221;, afirma o presidente, de 73 anos de idade.<\/p>\n<p><img fetchpriority=\"high\" decoding=\"async\" class=\"wp-image-950 aligncenter\" src=\"https:\/\/www.elase.com.br\/blog\/wp-content\/uploads\/sites\/2\/2022\/05\/Santiago_ELASE_021-300x184.jpeg\" alt=\"\" width=\"464\" height=\"285\" srcset=\"https:\/\/www.elase.com.br\/blog\/wp-content\/uploads\/sites\/2\/2022\/05\/Santiago_ELASE_021-300x184.jpeg 300w, https:\/\/www.elase.com.br\/blog\/wp-content\/uploads\/sites\/2\/2022\/05\/Santiago_ELASE_021-1024x629.jpeg 1024w, https:\/\/www.elase.com.br\/blog\/wp-content\/uploads\/sites\/2\/2022\/05\/Santiago_ELASE_021-768x472.jpeg 768w, https:\/\/www.elase.com.br\/blog\/wp-content\/uploads\/sites\/2\/2022\/05\/Santiago_ELASE_021-920x565.jpeg 920w, https:\/\/www.elase.com.br\/blog\/wp-content\/uploads\/sites\/2\/2022\/05\/Santiago_ELASE_021-230x141.jpeg 230w, https:\/\/www.elase.com.br\/blog\/wp-content\/uploads\/sites\/2\/2022\/05\/Santiago_ELASE_021-350x215.jpeg 350w, https:\/\/www.elase.com.br\/blog\/wp-content\/uploads\/sites\/2\/2022\/05\/Santiago_ELASE_021-480x295.jpeg 480w, https:\/\/www.elase.com.br\/blog\/wp-content\/uploads\/sites\/2\/2022\/05\/Santiago_ELASE_021.jpeg 1140w\" sizes=\"(max-width: 464px) 100vw, 464px\" \/><\/p>\n<p>Ex-funcion\u00e1rio da Eletrosul, Santiago assumiu a presid\u00eancia do clube com a miss\u00e3o de transform\u00e1-lo em refer\u00eancia de infraestrutura e gest\u00e3o. Em 25 anos, a ELASE teve amplo crescimento social, esportivo e patrimonial, sendo um deles a compra total da Sede Praia, localizada na Barra da Lagoa. No per\u00edodo ainda foram realizadas grandes obras, como um gin\u00e1sio, o complexo multiuso, o complexo de raquetes e a cobertura da piscina.<\/p>\n<p>&#8220;Quando me tornei presidente, a ELASE estava em crise. Levamos tr\u00eas anos na recupera\u00e7\u00e3o e em 2000 iniciamos com os investimentos para dar ao clube uma outra roupagem, para que as pessoas pudessem chegar aqui e se orgulhar das instala\u00e7\u00f5es. Hoje \u00e9 poss\u00edvel notar que essa miss\u00e3o foi alcan\u00e7ada&#8221;, diz Santiago.<\/p>\n<p>O presidente deixa claro que n\u00e3o \u00e9 &#8220;apenas o respons\u00e1vel por assinar os cheques&#8221;. Santiago tenta, ao m\u00e1ximo, estar presente no conv\u00edvio dos oito mil associados da ELASE. Ele acompanha de perto a rotina di\u00e1ria do clube.<\/p>\n<p>&#8220;Estou aqui diariamente, acompanhando os servi\u00e7os, as obras e principalmente os esportes. Vou para a arquibancada ver os nossos atletas, mas tamb\u00e9m observo a parte de manuten\u00e7\u00e3o, desde a planta\u00e7\u00e3o de \u00e1rvores, o cuidado com os jardins, com a pintura e, tamb\u00e9m, com a limpeza. Isso tudo \u00e9 muito importante para mim. Enxergo como uma maneira de motivar o funcion\u00e1rio ou o atleta, pois hoje eles representam a minha fam\u00edlia no dia a dia&#8221;, relata o presidente.<\/p>\n<p>&nbsp;<\/p>\n<p><img decoding=\"async\" class=\"size-medium wp-image-951 alignleft\" src=\"https:\/\/www.elase.com.br\/blog\/wp-content\/uploads\/sites\/2\/2022\/05\/Santiago_ELASE_031-288x300.jpeg\" alt=\"\" width=\"288\" height=\"300\" srcset=\"https:\/\/www.elase.com.br\/blog\/wp-content\/uploads\/sites\/2\/2022\/05\/Santiago_ELASE_031-288x300.jpeg 288w, https:\/\/www.elase.com.br\/blog\/wp-content\/uploads\/sites\/2\/2022\/05\/Santiago_ELASE_031-230x239.jpeg 230w, https:\/\/www.elase.com.br\/blog\/wp-content\/uploads\/sites\/2\/2022\/05\/Santiago_ELASE_031-350x364.jpeg 350w, https:\/\/www.elase.com.br\/blog\/wp-content\/uploads\/sites\/2\/2022\/05\/Santiago_ELASE_031-480x499.jpeg 480w, https:\/\/www.elase.com.br\/blog\/wp-content\/uploads\/sites\/2\/2022\/05\/Santiago_ELASE_031.jpeg 670w\" sizes=\"(max-width: 288px) 100vw, 288px\" \/><\/p>\n<p><b>Projeto social como base para o futuro<\/b><\/p>\n<p>A ELASE conta atualmente com 1,5 mil crian\u00e7as, abaixo de 13 anos de idade, em suas atividades di\u00e1rias. Um deles \u00e9 o Portas Abertas, onde qualquer crian\u00e7a pode realizar at\u00e9 tr\u00eas modalidades esportivas diferentes, no per\u00edodo matutino (das 8h \u00e0s 11h), de forma totalmente gratuita.<\/p>\n<p>O clube ainda mant\u00e9m conv\u00eanios com a Prefeitura de Florian\u00f3polis e recebe 200 jovens e crian\u00e7as, sem custo, de bairros como Pantanal, Serrinha, C\u00f3rrego Grande, Saco do Lim\u00f5es e Costeira do Pirajuba\u00e9 para a pr\u00e1tica de esportes, entre eles xadrez, futebol, futebol de sal\u00e3o, v\u00f4lei e t\u00eanis. Santiago considera a inclus\u00e3o social como um importante benef\u00edcio para a forma\u00e7\u00e3o do cidad\u00e3o.<\/p>\n<p>&#8220;Aqui na ELASE promovemos a inclus\u00e3o social ao longo dos anos. A pr\u00e1tica esportiva \u00e9 uma forma que o clube tem de se inserir dentro da comunidade. O esporte \u00e9 um aliado contra a criminalidade. Infelizmente, essa preocupa\u00e7\u00e3o os nossos governantes n\u00e3o t\u00eam&#8221;, destaca o presidente.<\/p>\n","protected":false},"excerpt":{"rendered":"<p>Presidente abre o \u00faltimo ano de mandato, que termina em abril de 2023 e prepara transi\u00e7\u00e3o com a sensa\u00e7\u00e3o de ter cumprido [&hellip;]<\/p>\n","protected":false},"author":7,"featured_media":949,"comment_status":"open","ping_status":"open","sticky":false,"template":"","format":"standard","meta":{"footnotes":"","_links_to":"","_links_to_target":""},"categories":[8],"tags":[],"class_list":["post-948","post","type-post","status-publish","format-standard","has-post-thumbnail","hentry","category-elase"],"yoast_head":"<!-- This site is optimized with the Yoast SEO plugin v26.1.1 - https:\/\/yoast.com\/wordpress\/plugins\/seo\/ -->\n<title>Santiago Ocampo analisa trajet\u00f3ria de 25 anos na presid\u00eancia da ELASE<\/title>\n<meta name=\"description\" content=\"Presidente abre o \u00faltimo ano na presid\u00eancia da ELASE e prepara transi\u00e7\u00e3o com a sensa\u00e7\u00e3o de ter cumprido sua miss\u00e3o.\" \/>\n<meta name=\"robots\" content=\"index, follow, max-snippet:-1, max-image-preview:large, max-video-preview:-1\" \/>\n<link rel=\"canonical\" href=\"https:\/\/www.elase.com.br\/blog\/santiago-ocampo-analisa-trajetoria-de-25-anos-na-presidencia-da-elase\/\" \/>\n<meta property=\"og:locale\" content=\"pt_BR\" \/>\n<meta property=\"og:type\" content=\"article\" \/>\n<meta property=\"og:title\" content=\"Santiago Ocampo analisa trajet\u00f3ria de 25 anos na presid\u00eancia da ELASE\" \/>\n<meta property=\"og:description\" content=\"Presidente abre o \u00faltimo ano na presid\u00eancia da ELASE e prepara transi\u00e7\u00e3o com a sensa\u00e7\u00e3o de ter cumprido sua miss\u00e3o.\" \/>\n<meta property=\"og:url\" content=\"https:\/\/www.elase.com.br\/blog\/santiago-ocampo-analisa-trajetoria-de-25-anos-na-presidencia-da-elase\/\" \/>\n<meta property=\"og:site_name\" content=\"Blog da ELASE\" \/>\n<meta property=\"article:published_time\" content=\"2022-05-19T17:38:24+00:00\" \/>\n<meta property=\"og:image\" content=\"https:\/\/www.elase.com.br\/blog\/wp-content\/uploads\/sites\/2\/2022\/05\/Blog-Elase-entrevista.jpg\" \/>\n\t<meta property=\"og:image:width\" content=\"2560\" \/>\n\t<meta property=\"og:image:height\" content=\"1215\" \/>\n\t<meta property=\"og:image:type\" content=\"image\/jpeg\" \/>\n<meta name=\"author\" content=\"Elase\" \/>\n<meta name=\"twitter:card\" content=\"summary_large_image\" \/>\n<meta name=\"twitter:label1\" content=\"Escrito por\" \/>\n\t<meta name=\"twitter:data1\" content=\"Elase\" \/>\n\t<meta name=\"twitter:label2\" content=\"Est. tempo de leitura\" \/>\n\t<meta name=\"twitter:data2\" content=\"4 minutos\" \/>\n<script type=\"application\/ld+json\" class=\"yoast-schema-graph\">{\"@context\":\"https:\/\/schema.org\",\"@graph\":[{\"@type\":\"WebPage\",\"@id\":\"https:\/\/www.elase.com.br\/blog\/santiago-ocampo-analisa-trajetoria-de-25-anos-na-presidencia-da-elase\/\",\"url\":\"https:\/\/www.elase.com.br\/blog\/santiago-ocampo-analisa-trajetoria-de-25-anos-na-presidencia-da-elase\/\",\"name\":\"Santiago Ocampo analisa trajet\u00f3ria de 25 anos na presid\u00eancia da ELASE\",\"isPartOf\":{\"@id\":\"https:\/\/www.elase.com.br\/blog\/#website\"},\"primaryImageOfPage\":{\"@id\":\"https:\/\/www.elase.com.br\/blog\/santiago-ocampo-analisa-trajetoria-de-25-anos-na-presidencia-da-elase\/#primaryimage\"},\"image\":{\"@id\":\"https:\/\/www.elase.com.br\/blog\/santiago-ocampo-analisa-trajetoria-de-25-anos-na-presidencia-da-elase\/#primaryimage\"},\"thumbnailUrl\":\"https:\/\/www.elase.com.br\/blog\/wp-content\/uploads\/sites\/2\/2022\/05\/Blog-Elase-entrevista.jpg\",\"datePublished\":\"2022-05-19T17:38:24+00:00\",\"author\":{\"@id\":\"https:\/\/www.elase.com.br\/blog\/#\/schema\/person\/c5648edcd86e91cabc5f62555421edce\"},\"description\":\"Presidente abre o \u00faltimo ano na presid\u00eancia da ELASE e prepara transi\u00e7\u00e3o com a sensa\u00e7\u00e3o de ter cumprido sua miss\u00e3o.\",\"breadcrumb\":{\"@id\":\"https:\/\/www.elase.com.br\/blog\/santiago-ocampo-analisa-trajetoria-de-25-anos-na-presidencia-da-elase\/#breadcrumb\"},\"inLanguage\":\"pt-BR\",\"potentialAction\":[{\"@type\":\"ReadAction\",\"target\":[\"https:\/\/www.elase.com.br\/blog\/santiago-ocampo-analisa-trajetoria-de-25-anos-na-presidencia-da-elase\/\"]}]},{\"@type\":\"ImageObject\",\"inLanguage\":\"pt-BR\",\"@id\":\"https:\/\/www.elase.com.br\/blog\/santiago-ocampo-analisa-trajetoria-de-25-anos-na-presidencia-da-elase\/#primaryimage\",\"url\":\"https:\/\/www.elase.com.br\/blog\/wp-content\/uploads\/sites\/2\/2022\/05\/Blog-Elase-entrevista.jpg\",\"contentUrl\":\"https:\/\/www.elase.com.br\/blog\/wp-content\/uploads\/sites\/2\/2022\/05\/Blog-Elase-entrevista.jpg\",\"width\":2560,\"height\":1215,\"caption\":\"Santiago Ocampo Fernandez comemora legado e analisa trajet\u00f3ria de 25 anos na presid\u00eancia da ELASE\"},{\"@type\":\"BreadcrumbList\",\"@id\":\"https:\/\/www.elase.com.br\/blog\/santiago-ocampo-analisa-trajetoria-de-25-anos-na-presidencia-da-elase\/#breadcrumb\",\"itemListElement\":[{\"@type\":\"ListItem\",\"position\":1,\"name\":\"In\u00edcio\",\"item\":\"https:\/\/www.elase.com.br\/blog\/\"},{\"@type\":\"ListItem\",\"position\":2,\"name\":\"Santiago Ocampo Fernandez comemora legado e analisa trajet\u00f3ria de 25 anos na presid\u00eancia da ELASE\"}]},{\"@type\":\"WebSite\",\"@id\":\"https:\/\/www.elase.com.br\/blog\/#website\",\"url\":\"https:\/\/www.elase.com.br\/blog\/\",\"name\":\"Blog da ELASE\",\"description\":\"\",\"potentialAction\":[{\"@type\":\"SearchAction\",\"target\":{\"@type\":\"EntryPoint\",\"urlTemplate\":\"https:\/\/www.elase.com.br\/blog\/?s={search_term_string}\"},\"query-input\":{\"@type\":\"PropertyValueSpecification\",\"valueRequired\":true,\"valueName\":\"search_term_string\"}}],\"inLanguage\":\"pt-BR\"},{\"@type\":\"Person\",\"@id\":\"https:\/\/www.elase.com.br\/blog\/#\/schema\/person\/c5648edcd86e91cabc5f62555421edce\",\"name\":\"Elase\",\"image\":{\"@type\":\"ImageObject\",\"inLanguage\":\"pt-BR\",\"@id\":\"https:\/\/www.elase.com.br\/blog\/#\/schema\/person\/image\/\",\"url\":\"https:\/\/secure.gravatar.com\/avatar\/e04f303593dd0bee5fdbdc05ef63066d59e1a5bf61b911bf6653c92bfb86e392?s=96&r=g&d=https:\/\/www.elase.com.br\/blog\/wp-content\/plugins\/userswp\/assets\/images\/no_profile.png\",\"contentUrl\":\"https:\/\/secure.gravatar.com\/avatar\/e04f303593dd0bee5fdbdc05ef63066d59e1a5bf61b911bf6653c92bfb86e392?s=96&r=g&d=https:\/\/www.elase.com.br\/blog\/wp-content\/plugins\/userswp\/assets\/images\/no_profile.png\",\"caption\":\"Elase\"},\"url\":\"https:\/\/www.elase.com.br\/blog\/author\/roberta\/\"}]}<\/script>\n<!-- \/ Yoast SEO plugin. -->","yoast_head_json":{"title":"Santiago Ocampo analisa trajet\u00f3ria de 25 anos na presid\u00eancia da ELASE","description":"Presidente abre o \u00faltimo ano na presid\u00eancia da ELASE e prepara transi\u00e7\u00e3o com a sensa\u00e7\u00e3o de ter cumprido sua miss\u00e3o.","robots":{"index":"index","follow":"follow","max-snippet":"max-snippet:-1","max-image-preview":"max-image-preview:large","max-video-preview":"max-video-preview:-1"},"canonical":"https:\/\/www.elase.com.br\/blog\/santiago-ocampo-analisa-trajetoria-de-25-anos-na-presidencia-da-elase\/","og_locale":"pt_BR","og_type":"article","og_title":"Santiago Ocampo analisa trajet\u00f3ria de 25 anos na presid\u00eancia da ELASE","og_description":"Presidente abre o \u00faltimo ano na presid\u00eancia da ELASE e prepara transi\u00e7\u00e3o com a sensa\u00e7\u00e3o de ter cumprido sua miss\u00e3o.","og_url":"https:\/\/www.elase.com.br\/blog\/santiago-ocampo-analisa-trajetoria-de-25-anos-na-presidencia-da-elase\/","og_site_name":"Blog da ELASE","article_published_time":"2022-05-19T17:38:24+00:00","og_image":[{"width":2560,"height":1215,"url":"https:\/\/www.elase.com.br\/blog\/wp-content\/uploads\/sites\/2\/2022\/05\/Blog-Elase-entrevista.jpg","type":"image\/jpeg"}],"author":"Elase","twitter_card":"summary_large_image","twitter_misc":{"Escrito por":"Elase","Est. tempo de leitura":"4 minutos"},"schema":{"@context":"https:\/\/schema.org","@graph":[{"@type":"WebPage","@id":"https:\/\/www.elase.com.br\/blog\/santiago-ocampo-analisa-trajetoria-de-25-anos-na-presidencia-da-elase\/","url":"https:\/\/www.elase.com.br\/blog\/santiago-ocampo-analisa-trajetoria-de-25-anos-na-presidencia-da-elase\/","name":"Santiago Ocampo analisa trajet\u00f3ria de 25 anos na presid\u00eancia da ELASE","isPartOf":{"@id":"https:\/\/www.elase.com.br\/blog\/#website"},"primaryImageOfPage":{"@id":"https:\/\/www.elase.com.br\/blog\/santiago-ocampo-analisa-trajetoria-de-25-anos-na-presidencia-da-elase\/#primaryimage"},"image":{"@id":"https:\/\/www.elase.com.br\/blog\/santiago-ocampo-analisa-trajetoria-de-25-anos-na-presidencia-da-elase\/#primaryimage"},"thumbnailUrl":"https:\/\/www.elase.com.br\/blog\/wp-content\/uploads\/sites\/2\/2022\/05\/Blog-Elase-entrevista.jpg","datePublished":"2022-05-19T17:38:24+00:00","author":{"@id":"https:\/\/www.elase.com.br\/blog\/#\/schema\/person\/c5648edcd86e91cabc5f62555421edce"},"description":"Presidente abre o \u00faltimo ano na presid\u00eancia da ELASE e prepara transi\u00e7\u00e3o com a sensa\u00e7\u00e3o de ter cumprido sua miss\u00e3o.","breadcrumb":{"@id":"https:\/\/www.elase.com.br\/blog\/santiago-ocampo-analisa-trajetoria-de-25-anos-na-presidencia-da-elase\/#breadcrumb"},"inLanguage":"pt-BR","potentialAction":[{"@type":"ReadAction","target":["https:\/\/www.elase.com.br\/blog\/santiago-ocampo-analisa-trajetoria-de-25-anos-na-presidencia-da-elase\/"]}]},{"@type":"ImageObject","inLanguage":"pt-BR","@id":"https:\/\/www.elase.com.br\/blog\/santiago-ocampo-analisa-trajetoria-de-25-anos-na-presidencia-da-elase\/#primaryimage","url":"https:\/\/www.elase.com.br\/blog\/wp-content\/uploads\/sites\/2\/2022\/05\/Blog-Elase-entrevista.jpg","contentUrl":"https:\/\/www.elase.com.br\/blog\/wp-content\/uploads\/sites\/2\/2022\/05\/Blog-Elase-entrevista.jpg","width":2560,"height":1215,"caption":"Santiago Ocampo Fernandez comemora legado e analisa trajet\u00f3ria de 25 anos na presid\u00eancia da ELASE"},{"@type":"BreadcrumbList","@id":"https:\/\/www.elase.com.br\/blog\/santiago-ocampo-analisa-trajetoria-de-25-anos-na-presidencia-da-elase\/#breadcrumb","itemListElement":[{"@type":"ListItem","position":1,"name":"In\u00edcio","item":"https:\/\/www.elase.com.br\/blog\/"},{"@type":"ListItem","position":2,"name":"Santiago Ocampo Fernandez comemora legado e analisa trajet\u00f3ria de 25 anos na presid\u00eancia da ELASE"}]},{"@type":"WebSite","@id":"https:\/\/www.elase.com.br\/blog\/#website","url":"https:\/\/www.elase.com.br\/blog\/","name":"Blog da ELASE","description":"","potentialAction":[{"@type":"SearchAction","target":{"@type":"EntryPoint","urlTemplate":"https:\/\/www.elase.com.br\/blog\/?s={search_term_string}"},"query-input":{"@type":"PropertyValueSpecification","valueRequired":true,"valueName":"search_term_string"}}],"inLanguage":"pt-BR"},{"@type":"Person","@id":"https:\/\/www.elase.com.br\/blog\/#\/schema\/person\/c5648edcd86e91cabc5f62555421edce","name":"Elase","image":{"@type":"ImageObject","inLanguage":"pt-BR","@id":"https:\/\/www.elase.com.br\/blog\/#\/schema\/person\/image\/","url":"https:\/\/secure.gravatar.com\/avatar\/e04f303593dd0bee5fdbdc05ef63066d59e1a5bf61b911bf6653c92bfb86e392?s=96&r=g&d=https:\/\/www.elase.com.br\/blog\/wp-content\/plugins\/userswp\/assets\/images\/no_profile.png","contentUrl":"https:\/\/secure.gravatar.com\/avatar\/e04f303593dd0bee5fdbdc05ef63066d59e1a5bf61b911bf6653c92bfb86e392?s=96&r=g&d=https:\/\/www.elase.com.br\/blog\/wp-content\/plugins\/userswp\/assets\/images\/no_profile.png","caption":"Elase"},"url":"https:\/\/www.elase.com.br\/blog\/author\/roberta\/"}]}},"publishpress_future_action":{"enabled":false,"date":"2026-05-09 08:59:35","action":"change-status","newStatus":"draft","terms":[],"taxonomy":"category","extraData":[]},"publishpress_future_workflow_manual_trigger":{"enabledWorkflows":[]},"_links":{"self":[{"href":"https:\/\/www.elase.com.br\/blog\/wp-json\/wp\/v2\/posts\/948","targetHints":{"allow":["GET"]}}],"collection":[{"href":"https:\/\/www.elase.com.br\/blog\/wp-json\/wp\/v2\/posts"}],"about":[{"href":"https:\/\/www.elase.com.br\/blog\/wp-json\/wp\/v2\/types\/post"}],"author":[{"embeddable":true,"href":"https:\/\/www.elase.com.br\/blog\/wp-json\/wp\/v2\/users\/7"}],"replies":[{"embeddable":true,"href":"https:\/\/www.elase.com.br\/blog\/wp-json\/wp\/v2\/comments?post=948"}],"version-history":[{"count":4,"href":"https:\/\/www.elase.com.br\/blog\/wp-json\/wp\/v2\/posts\/948\/revisions"}],"predecessor-version":[{"id":955,"href":"https:\/\/www.elase.com.br\/blog\/wp-json\/wp\/v2\/posts\/948\/revisions\/955"}],"wp:featuredmedia":[{"embeddable":true,"href":"https:\/\/www.elase.com.br\/blog\/wp-json\/wp\/v2\/media\/949"}],"wp:attachment":[{"href":"https:\/\/www.elase.com.br\/blog\/wp-json\/wp\/v2\/media?parent=948"}],"wp:term":[{"taxonomy":"category","embeddable":true,"href":"https:\/\/www.elase.com.br\/blog\/wp-json\/wp\/v2\/categories?post=948"},{"taxonomy":"post_tag","embeddable":true,"href":"https:\/\/www.elase.com.br\/blog\/wp-json\/wp\/v2\/tags?post=948"}],"curies":[{"name":"wp","href":"https:\/\/api.w.org\/{rel}","templated":true}]}}