{"id":917,"date":"2022-01-18T09:00:56","date_gmt":"2022-01-18T12:00:56","guid":{"rendered":"https:\/\/www.elase.com.br\/blog\/?p=917"},"modified":"2022-01-19T10:04:49","modified_gmt":"2022-01-19T13:04:49","slug":"atividades-da-colonia-de-ferias","status":"publish","type":"post","link":"https:\/\/www.elase.com.br\/blog\/atividades-da-colonia-de-ferias\/","title":{"rendered":"Inscreva seus filhos na col\u00f4nia de f\u00e9rias de ver\u00e3o da ELASE"},"content":{"rendered":"<p><span style=\"font-weight: 400;\">Qual crian\u00e7a n\u00e3o gosta de brincar no ver\u00e3o, n\u00e3o \u00e9 mesmo? Assim, a col\u00f4nia de f\u00e9rias Sports Kids ELASE 2022 oferece in\u00fameras oportunidades para os baixinhos. Al\u00e9m de divers\u00e3o, as atividades tamb\u00e9m mostram o qu\u00e3o saud\u00e1vel pode ser se divertir.<\/span><\/p>\n<p><span style=\"font-weight: 400;\">Primeiramente, energia para brincadeiras as crian\u00e7as possuem de sobra. Nesse sentido, a col\u00f4nia de f\u00e9rias Sports Kids ELASE t\u00eam atividades esportivas como meio tamb\u00e9m de ensinar. Ali\u00e1s, todas as \u00e1reas do clube esportivo s\u00e3o utilizadas neste per\u00edodo.<\/span><\/p>\n<p><span style=\"font-weight: 400;\">Segundo, quer saber quanto custa, hor\u00e1rios e at\u00e9 quando voc\u00ea pode inscrever o seu filho? Confira a seguir. Antes de mais nada, associados e tamb\u00e9m n\u00e3o associados podem participar. Vamos l\u00e1!<\/span><\/p>\n<h3><b>O que \u00e9 uma col\u00f4nia de f\u00e9rias<\/b><\/h3>\n<p><span style=\"font-weight: 400;\">Em suma, uma col\u00f4nia de f\u00e9rias tem determinado per\u00edodo em que as crian\u00e7as podem brincar livremente sob a supervis\u00e3o de profissionais. Logo, atividades s\u00e3o determinadas de forma pr\u00e9via para que a divers\u00e3o seja garantida do in\u00edcio ao fim.<\/span><\/p>\n<p><span style=\"font-weight: 400;\">Preferencialmente, as crian\u00e7as podem desenvolver novas habilidades em um per\u00edodo sem escola e em que os pais se encontram ocupados. Por exemplo, a ELASE possui col\u00f4nia de f\u00e9rias no ver\u00e3o e tamb\u00e9m no inverno.<\/span><\/p>\n<h3><b>Como participar da col\u00f4nia de f\u00e9rias<\/b><\/h3>\n<p><span style=\"font-weight: 400;\">A col\u00f4nia de f\u00e9rias Sports Kids ELASE come\u00e7ou no dia 3 de janeiro e vai at\u00e9 o pr\u00f3ximo dia 28. As atividades est\u00e3o dispon\u00edveis para crian\u00e7as de 4 a 10 anos. Ali\u00e1s, haver\u00e1 separa\u00e7\u00e3o por faixa et\u00e1ria e grupos.<\/span><\/p>\n<p><span style=\"font-weight: 400;\">As atividades ajudam as crian\u00e7as a fazerem novos amigos. Acima de tudo, o ambiente \u00e9 seguro e com profissionais preparados para auxiliar os menores em todas as a\u00e7\u00f5es da col\u00f4nia de f\u00e9rias. Al\u00e9m disso, a divers\u00e3o \u00e9 garantida e os pais podem ficar bem tranquilos no per\u00edodo. Igualmente, as brincadeiras na piscina contam com supervis\u00e3o e as que tiverem entre 4 e 7 anos precisam levar boia de bra\u00e7o identificada.<\/span><\/p>\n<p><span style=\"font-weight: 400;\">H\u00e1 uma ficha de inscri\u00e7\u00e3o (<\/span><a href=\"https:\/\/www.elase.com.br\/vem-ai-a-18a-colonia-de-ferias-elase-2022\/\"><b>dispon\u00edvel aqui<\/b><\/a><span style=\"font-weight: 400;\">) que os pais devem entregar na secretaria do clube devidamente preenchida. A col\u00f4nia de f\u00e9rias tem suas a\u00e7\u00f5es no per\u00edodo vespertino, das 13h \u00e0s 18h, com tempo de toler\u00e2ncia at\u00e9 18h45min para os pais buscarem as crian\u00e7as.<\/span><\/p>\n<h3><b>Atividades da col\u00f4nia de f\u00e9rias<\/b><\/h3>\n<p><span style=\"font-weight: 400;\">Atualmente as atividades s\u00e3o divididas por faixa et\u00e1ria na col\u00f4nia de f\u00e9rias da ELASE. De acordo com o clube, s\u00e3o op\u00e7\u00f5es de lazer do in\u00edcio ao fim do per\u00edodo das crian\u00e7as, com encerramento especial e muito mais. Portanto, a estrutura da ELASE serve como base para as atividades. No entanto, algumas das atividades necessitam de traje.<\/span><\/p>\n<p><span style=\"font-weight: 400;\">As crian\u00e7as precisam levar duas mudas de roupas (leves), toalha de banho, chinelo tipo havaianas, duas pe\u00e7as de roupa \u00edntima, no m\u00ednimo tr\u00eas m\u00e1scaras limpas, um repelente e um protetor. Outra coisa, as crian\u00e7as de 4 anos precisam estar desfraldadas para poder participar. Desse modo, \u00e9 proibida a participa\u00e7\u00e3o de acompanhantes e bab\u00e1s nas atividades da col\u00f4nia de f\u00e9rias.<\/span><\/p>\n<p><span style=\"font-weight: 400;\">Assim tamb\u00e9m, o documento com outras regras espec\u00edficas pode ser consultado<\/span><a href=\"https:\/\/www.elase.com.br\/wp-content\/uploads\/18FERIAS-VERAO-SPORTSKIDS-ELASE-JANEIRO-2022.pdf\"> <b>neste link<\/b><\/a><span style=\"font-weight: 400;\">. Por fim, as crian\u00e7as devem levar de casa uma garrafa d&#8217;\u00e1gua. Confira a seguir a divis\u00e3o das brincadeiras conforme o grupo de crian\u00e7as:<\/span><\/p>\n<h3><b>4 a 5 anos<\/b><\/h3>\n<ul>\n<li style=\"font-weight: 400;\" aria-level=\"1\"><span style=\"font-weight: 400;\">Atividades art\u00edsticas<\/span><\/li>\n<li style=\"font-weight: 400;\" aria-level=\"1\"><span style=\"font-weight: 400;\">brincadeiras recreativas<\/span><\/li>\n<li style=\"font-weight: 400;\" aria-level=\"1\"><span style=\"font-weight: 400;\">hora do parque<\/span><\/li>\n<li style=\"font-weight: 400;\" aria-level=\"1\"><span style=\"font-weight: 400;\">estafetas<\/span><\/li>\n<li style=\"font-weight: 400;\" aria-level=\"1\"><span style=\"font-weight: 400;\">brincadeiras com bolas e bal\u00f5es<\/span><\/li>\n<li style=\"font-weight: 400;\" aria-level=\"1\"><span style=\"font-weight: 400;\">brincadeiras musicais<\/span><\/li>\n<li style=\"font-weight: 400;\" aria-level=\"1\"><span style=\"font-weight: 400;\">recrea\u00e7\u00e3o aqu\u00e1tica<\/span><\/li>\n<li style=\"font-weight: 400;\" aria-level=\"1\"><span style=\"font-weight: 400;\">brincadeira de roda<\/span><\/li>\n<li style=\"font-weight: 400;\" aria-level=\"1\"><span style=\"font-weight: 400;\">hora do filme<\/span><\/li>\n<li style=\"font-weight: 400;\" aria-level=\"1\"><span style=\"font-weight: 400;\">ca\u00e7a ao tesouro<\/span><\/li>\n<li style=\"font-weight: 400;\" aria-level=\"1\"><span style=\"font-weight: 400;\">quadra de lazer<\/span><\/li>\n<li style=\"font-weight: 400;\" aria-level=\"1\"><span style=\"font-weight: 400;\">piquenique coletivo<\/span><\/li>\n<li style=\"font-weight: 400;\" aria-level=\"1\"><span style=\"font-weight: 400;\">brincadeiras de corda e com sucata<\/span><\/li>\n<\/ul>\n<h3><b>6 a 7 anos<\/b><\/h3>\n<ul>\n<li style=\"font-weight: 400;\" aria-level=\"1\"><span style=\"font-weight: 400;\">Brincadeiras recreativas<\/span><\/li>\n<li style=\"font-weight: 400;\" aria-level=\"1\"><span style=\"font-weight: 400;\">brincadeiras musicais<\/span><\/li>\n<li style=\"font-weight: 400;\" aria-level=\"1\"><span style=\"font-weight: 400;\">hora do parque<\/span><\/li>\n<li style=\"font-weight: 400;\" aria-level=\"1\"><span style=\"font-weight: 400;\">futebol e jogos<\/span><\/li>\n<li style=\"font-weight: 400;\" aria-level=\"1\"><span style=\"font-weight: 400;\">recrea\u00e7\u00e3o aqu\u00e1tica<\/span><\/li>\n<li style=\"font-weight: 400;\" aria-level=\"1\"><span style=\"font-weight: 400;\">brincadeiras de roda e de corda<\/span><\/li>\n<li style=\"font-weight: 400;\" aria-level=\"1\"><span style=\"font-weight: 400;\">atividades art\u00edsticas<\/span><\/li>\n<li style=\"font-weight: 400;\" aria-level=\"1\"><span style=\"font-weight: 400;\">estafeta<\/span><\/li>\n<li style=\"font-weight: 400;\" aria-level=\"1\"><span style=\"font-weight: 400;\">brincadeiras com bolas e bal\u00f5es<\/span><\/li>\n<li style=\"font-weight: 400;\" aria-level=\"1\"><span style=\"font-weight: 400;\">piquenique coletivo<\/span><\/li>\n<li style=\"font-weight: 400;\" aria-level=\"1\"><span style=\"font-weight: 400;\">quadra de lazer<\/span><\/li>\n<li style=\"font-weight: 400;\" aria-level=\"1\"><span style=\"font-weight: 400;\">ca\u00e7a ao tesouro<\/span><\/li>\n<li style=\"font-weight: 400;\" aria-level=\"1\"><span style=\"font-weight: 400;\">brincadeira com sucata<\/span><\/li>\n<li style=\"font-weight: 400;\" aria-level=\"1\"><span style=\"font-weight: 400;\">atividades extras<\/span><\/li>\n<\/ul>\n<h3><b>8 a 10 anos<\/b><\/h3>\n<ul>\n<li style=\"font-weight: 400;\" aria-level=\"1\"><span style=\"font-weight: 400;\">Brincadeiras recreativas<\/span><\/li>\n<li style=\"font-weight: 400;\" aria-level=\"1\"><span style=\"font-weight: 400;\">futebol sint\u00e9tico e jogos<\/span><\/li>\n<li style=\"font-weight: 400;\" aria-level=\"1\"><span style=\"font-weight: 400;\">handebol<\/span><\/li>\n<li style=\"font-weight: 400;\" aria-level=\"1\"><span style=\"font-weight: 400;\">estafeta<\/span><\/li>\n<li style=\"font-weight: 400;\" aria-level=\"1\"><span style=\"font-weight: 400;\">recrea\u00e7\u00e3o aqu\u00e1tica<\/span><\/li>\n<li style=\"font-weight: 400;\" aria-level=\"1\"><span style=\"font-weight: 400;\">jogos coletivos do grupo<\/span><\/li>\n<li style=\"font-weight: 400;\" aria-level=\"1\"><span style=\"font-weight: 400;\">street ball<\/span><\/li>\n<li style=\"font-weight: 400;\" aria-level=\"1\"><span style=\"font-weight: 400;\">ca\u00e7a ao tesouro<\/span><\/li>\n<li style=\"font-weight: 400;\" aria-level=\"1\"><span style=\"font-weight: 400;\">desafio X<\/span><\/li>\n<li style=\"font-weight: 400;\" aria-level=\"1\"><span style=\"font-weight: 400;\">basquete<\/span><\/li>\n<li style=\"font-weight: 400;\" aria-level=\"1\"><span style=\"font-weight: 400;\">gincana recreativa<\/span><\/li>\n<li style=\"font-weight: 400;\" aria-level=\"1\"><span style=\"font-weight: 400;\">bingo recreativo<\/span><\/li>\n<\/ul>\n<h3><b>Quanto custa a col\u00f4nia de f\u00e9rias?<\/b><\/h3>\n<p><span style=\"font-weight: 400;\">A col\u00f4nia de f\u00e9rias Sports Kids ELASE pode ser paga em pacotes por semana ou at\u00e9 di\u00e1ria, conforme a disponibilidade dos pais. Dessa forma, as crian\u00e7as podem usufruir das atividades de segunda a sexta-feira at\u00e9 o pr\u00f3ximo dia 28 de janeiro.<\/span><\/p>\n<p><b>Valores para associados<\/b><\/p>\n<p><span style=\"font-weight: 400;\">1 Semana &#8211; R$ 320<\/span><\/p>\n<p><span style=\"font-weight: 400;\">2 Semanas &#8211; R$ 370<\/span><\/p>\n<p><span style=\"font-weight: 400;\">3 Semanas &#8211; R$ 450<\/span><\/p>\n<p><span style=\"font-weight: 400;\">4 Semanas &#8211; R$ 490<\/span><\/p>\n<p><span style=\"font-weight: 400;\">Per\u00edodo avulso &#8211; R$ 75<\/span><\/p>\n<p><b>Valores para p\u00fablico em geral<\/b><\/p>\n<p><span style=\"font-weight: 400;\">1 Semana &#8211; R$ 626<\/span><\/p>\n<p><span style=\"font-weight: 400;\">2 Semanas &#8211; R$ 696<\/span><\/p>\n<p><span style=\"font-weight: 400;\">3 Semanas &#8211; R$ 756<\/span><\/p>\n<p><span style=\"font-weight: 400;\">4 Semanas &#8211; R$ 816<\/span><\/p>\n<p><span style=\"font-weight: 400;\">Per\u00edodo avulso &#8211; R$ 95<\/span><\/p>\n<p><span style=\"font-weight: 400;\">S\u00f3 para exemplificar, a diferen\u00e7a de valores entre o valor do associado da ELASE e do p\u00fablico em geral mostra a vantagem de fazer parte do clube. Dessa forma, os novos associados<\/span><a href=\"https:\/\/www.elase.com.br\/novos-associados-da-elase-terao-descontos-na-taxa-de-adesao\/\"> <b>contam com desconto na taxa de ades\u00e3o<\/b><\/a><span style=\"font-weight: 400;\"> neste m\u00eas de janeiro.<\/span><\/p>\n<h3><b>Contato direto<\/b><\/h3>\n<p><span style=\"font-weight: 400;\">Quer mais informa\u00e7\u00f5es sobre a col\u00f4nia de f\u00e9rias Sports Kids ELASE? Voc\u00ea pode mandar e-mail para Vanessa Lima no vanessalima.sportkids@gmail.com ou telefonar para (48) 3234-5233, (48) 3234-2986 ou (48) 99958-0136. A fim de entender como funciona, veja aqui um pouco de como foi a<\/span><a href=\"https:\/\/www.facebook.com\/watch\/?v=3007660526180476\"> <b>col\u00f4nia de f\u00e9rias no inverno<\/b><\/a><span style=\"font-weight: 400;\">.<\/span><\/p>\n","protected":false},"excerpt":{"rendered":"<p>Qual crian\u00e7a n\u00e3o gosta de brincar no ver\u00e3o, n\u00e3o \u00e9 mesmo? Assim, a col\u00f4nia de f\u00e9rias Sports Kids ELASE 2022 oferece in\u00fameras [&hellip;]<\/p>\n","protected":false},"author":7,"featured_media":918,"comment_status":"open","ping_status":"open","sticky":false,"template":"","format":"standard","meta":{"footnotes":"","_links_to":"","_links_to_target":""},"categories":[7,8],"tags":[],"class_list":["post-917","post","type-post","status-publish","format-standard","has-post-thumbnail","hentry","category-colonia-de-ferias","category-elase"],"yoast_head":"<!-- This site is optimized with the Yoast SEO plugin v26.1.1 - https:\/\/yoast.com\/wordpress\/plugins\/seo\/ -->\n<title>Atividades da col\u00f4nia de f\u00e9rias<\/title>\n<meta name=\"description\" content=\"A 18\u00aa edi\u00e7\u00e3o da col\u00f4nia de f\u00e9rias da ELASE est\u00e1 com inscri\u00e7\u00f5es abertas. S\u00e3o op\u00e7\u00f5es de sports kids neste ver\u00e3o em Florian\u00f3polis.\" \/>\n<meta name=\"robots\" content=\"index, follow, max-snippet:-1, max-image-preview:large, max-video-preview:-1\" \/>\n<link rel=\"canonical\" href=\"https:\/\/www.elase.com.br\/blog\/atividades-da-colonia-de-ferias\/\" \/>\n<meta property=\"og:locale\" content=\"pt_BR\" \/>\n<meta property=\"og:type\" content=\"article\" \/>\n<meta property=\"og:title\" content=\"Atividades da col\u00f4nia de f\u00e9rias\" \/>\n<meta property=\"og:description\" content=\"A 18\u00aa edi\u00e7\u00e3o da col\u00f4nia de f\u00e9rias da ELASE est\u00e1 com inscri\u00e7\u00f5es abertas. S\u00e3o op\u00e7\u00f5es de sports kids neste ver\u00e3o em Florian\u00f3polis.\" \/>\n<meta property=\"og:url\" content=\"https:\/\/www.elase.com.br\/blog\/atividades-da-colonia-de-ferias\/\" \/>\n<meta property=\"og:site_name\" content=\"Blog da ELASE\" \/>\n<meta property=\"article:published_time\" content=\"2022-01-18T12:00:56+00:00\" \/>\n<meta property=\"article:modified_time\" content=\"2022-01-19T13:04:49+00:00\" \/>\n<meta property=\"og:image\" content=\"https:\/\/www.elase.com.br\/blog\/wp-content\/uploads\/sites\/2\/2022\/01\/Blog-Elase-ferias.jpg\" \/>\n\t<meta property=\"og:image:width\" content=\"2560\" \/>\n\t<meta property=\"og:image:height\" content=\"1215\" \/>\n\t<meta property=\"og:image:type\" content=\"image\/jpeg\" \/>\n<meta name=\"author\" content=\"Elase\" \/>\n<meta name=\"twitter:card\" content=\"summary_large_image\" \/>\n<meta name=\"twitter:label1\" content=\"Escrito por\" \/>\n\t<meta name=\"twitter:data1\" content=\"Elase\" \/>\n\t<meta name=\"twitter:label2\" content=\"Est. tempo de leitura\" \/>\n\t<meta name=\"twitter:data2\" content=\"5 minutos\" \/>\n<script type=\"application\/ld+json\" class=\"yoast-schema-graph\">{\"@context\":\"https:\/\/schema.org\",\"@graph\":[{\"@type\":\"WebPage\",\"@id\":\"https:\/\/www.elase.com.br\/blog\/atividades-da-colonia-de-ferias\/\",\"url\":\"https:\/\/www.elase.com.br\/blog\/atividades-da-colonia-de-ferias\/\",\"name\":\"Atividades da col\u00f4nia de f\u00e9rias\",\"isPartOf\":{\"@id\":\"https:\/\/www.elase.com.br\/blog\/#website\"},\"primaryImageOfPage\":{\"@id\":\"https:\/\/www.elase.com.br\/blog\/atividades-da-colonia-de-ferias\/#primaryimage\"},\"image\":{\"@id\":\"https:\/\/www.elase.com.br\/blog\/atividades-da-colonia-de-ferias\/#primaryimage\"},\"thumbnailUrl\":\"https:\/\/www.elase.com.br\/blog\/wp-content\/uploads\/sites\/2\/2022\/01\/Blog-Elase-ferias.jpg\",\"datePublished\":\"2022-01-18T12:00:56+00:00\",\"dateModified\":\"2022-01-19T13:04:49+00:00\",\"author\":{\"@id\":\"https:\/\/www.elase.com.br\/blog\/#\/schema\/person\/c5648edcd86e91cabc5f62555421edce\"},\"description\":\"A 18\u00aa edi\u00e7\u00e3o da col\u00f4nia de f\u00e9rias da ELASE est\u00e1 com inscri\u00e7\u00f5es abertas. S\u00e3o op\u00e7\u00f5es de sports kids neste ver\u00e3o em Florian\u00f3polis.\",\"breadcrumb\":{\"@id\":\"https:\/\/www.elase.com.br\/blog\/atividades-da-colonia-de-ferias\/#breadcrumb\"},\"inLanguage\":\"pt-BR\",\"potentialAction\":[{\"@type\":\"ReadAction\",\"target\":[\"https:\/\/www.elase.com.br\/blog\/atividades-da-colonia-de-ferias\/\"]}]},{\"@type\":\"ImageObject\",\"inLanguage\":\"pt-BR\",\"@id\":\"https:\/\/www.elase.com.br\/blog\/atividades-da-colonia-de-ferias\/#primaryimage\",\"url\":\"https:\/\/www.elase.com.br\/blog\/wp-content\/uploads\/sites\/2\/2022\/01\/Blog-Elase-ferias.jpg\",\"contentUrl\":\"https:\/\/www.elase.com.br\/blog\/wp-content\/uploads\/sites\/2\/2022\/01\/Blog-Elase-ferias.jpg\",\"width\":2560,\"height\":1215},{\"@type\":\"BreadcrumbList\",\"@id\":\"https:\/\/www.elase.com.br\/blog\/atividades-da-colonia-de-ferias\/#breadcrumb\",\"itemListElement\":[{\"@type\":\"ListItem\",\"position\":1,\"name\":\"In\u00edcio\",\"item\":\"https:\/\/www.elase.com.br\/blog\/\"},{\"@type\":\"ListItem\",\"position\":2,\"name\":\"Inscreva seus filhos na col\u00f4nia de f\u00e9rias de ver\u00e3o da ELASE\"}]},{\"@type\":\"WebSite\",\"@id\":\"https:\/\/www.elase.com.br\/blog\/#website\",\"url\":\"https:\/\/www.elase.com.br\/blog\/\",\"name\":\"Blog da ELASE\",\"description\":\"\",\"potentialAction\":[{\"@type\":\"SearchAction\",\"target\":{\"@type\":\"EntryPoint\",\"urlTemplate\":\"https:\/\/www.elase.com.br\/blog\/?s={search_term_string}\"},\"query-input\":{\"@type\":\"PropertyValueSpecification\",\"valueRequired\":true,\"valueName\":\"search_term_string\"}}],\"inLanguage\":\"pt-BR\"},{\"@type\":\"Person\",\"@id\":\"https:\/\/www.elase.com.br\/blog\/#\/schema\/person\/c5648edcd86e91cabc5f62555421edce\",\"name\":\"Elase\",\"image\":{\"@type\":\"ImageObject\",\"inLanguage\":\"pt-BR\",\"@id\":\"https:\/\/www.elase.com.br\/blog\/#\/schema\/person\/image\/\",\"url\":\"https:\/\/secure.gravatar.com\/avatar\/e04f303593dd0bee5fdbdc05ef63066d59e1a5bf61b911bf6653c92bfb86e392?s=96&r=g&d=https:\/\/www.elase.com.br\/blog\/wp-content\/plugins\/userswp\/assets\/images\/no_profile.png\",\"contentUrl\":\"https:\/\/secure.gravatar.com\/avatar\/e04f303593dd0bee5fdbdc05ef63066d59e1a5bf61b911bf6653c92bfb86e392?s=96&r=g&d=https:\/\/www.elase.com.br\/blog\/wp-content\/plugins\/userswp\/assets\/images\/no_profile.png\",\"caption\":\"Elase\"},\"url\":\"https:\/\/www.elase.com.br\/blog\/author\/roberta\/\"}]}<\/script>\n<!-- \/ Yoast SEO plugin. -->","yoast_head_json":{"title":"Atividades da col\u00f4nia de f\u00e9rias","description":"A 18\u00aa edi\u00e7\u00e3o da col\u00f4nia de f\u00e9rias da ELASE est\u00e1 com inscri\u00e7\u00f5es abertas. S\u00e3o op\u00e7\u00f5es de sports kids neste ver\u00e3o em Florian\u00f3polis.","robots":{"index":"index","follow":"follow","max-snippet":"max-snippet:-1","max-image-preview":"max-image-preview:large","max-video-preview":"max-video-preview:-1"},"canonical":"https:\/\/www.elase.com.br\/blog\/atividades-da-colonia-de-ferias\/","og_locale":"pt_BR","og_type":"article","og_title":"Atividades da col\u00f4nia de f\u00e9rias","og_description":"A 18\u00aa edi\u00e7\u00e3o da col\u00f4nia de f\u00e9rias da ELASE est\u00e1 com inscri\u00e7\u00f5es abertas. S\u00e3o op\u00e7\u00f5es de sports kids neste ver\u00e3o em Florian\u00f3polis.","og_url":"https:\/\/www.elase.com.br\/blog\/atividades-da-colonia-de-ferias\/","og_site_name":"Blog da ELASE","article_published_time":"2022-01-18T12:00:56+00:00","article_modified_time":"2022-01-19T13:04:49+00:00","og_image":[{"width":2560,"height":1215,"url":"https:\/\/www.elase.com.br\/blog\/wp-content\/uploads\/sites\/2\/2022\/01\/Blog-Elase-ferias.jpg","type":"image\/jpeg"}],"author":"Elase","twitter_card":"summary_large_image","twitter_misc":{"Escrito por":"Elase","Est. tempo de leitura":"5 minutos"},"schema":{"@context":"https:\/\/schema.org","@graph":[{"@type":"WebPage","@id":"https:\/\/www.elase.com.br\/blog\/atividades-da-colonia-de-ferias\/","url":"https:\/\/www.elase.com.br\/blog\/atividades-da-colonia-de-ferias\/","name":"Atividades da col\u00f4nia de f\u00e9rias","isPartOf":{"@id":"https:\/\/www.elase.com.br\/blog\/#website"},"primaryImageOfPage":{"@id":"https:\/\/www.elase.com.br\/blog\/atividades-da-colonia-de-ferias\/#primaryimage"},"image":{"@id":"https:\/\/www.elase.com.br\/blog\/atividades-da-colonia-de-ferias\/#primaryimage"},"thumbnailUrl":"https:\/\/www.elase.com.br\/blog\/wp-content\/uploads\/sites\/2\/2022\/01\/Blog-Elase-ferias.jpg","datePublished":"2022-01-18T12:00:56+00:00","dateModified":"2022-01-19T13:04:49+00:00","author":{"@id":"https:\/\/www.elase.com.br\/blog\/#\/schema\/person\/c5648edcd86e91cabc5f62555421edce"},"description":"A 18\u00aa edi\u00e7\u00e3o da col\u00f4nia de f\u00e9rias da ELASE est\u00e1 com inscri\u00e7\u00f5es abertas. S\u00e3o op\u00e7\u00f5es de sports kids neste ver\u00e3o em Florian\u00f3polis.","breadcrumb":{"@id":"https:\/\/www.elase.com.br\/blog\/atividades-da-colonia-de-ferias\/#breadcrumb"},"inLanguage":"pt-BR","potentialAction":[{"@type":"ReadAction","target":["https:\/\/www.elase.com.br\/blog\/atividades-da-colonia-de-ferias\/"]}]},{"@type":"ImageObject","inLanguage":"pt-BR","@id":"https:\/\/www.elase.com.br\/blog\/atividades-da-colonia-de-ferias\/#primaryimage","url":"https:\/\/www.elase.com.br\/blog\/wp-content\/uploads\/sites\/2\/2022\/01\/Blog-Elase-ferias.jpg","contentUrl":"https:\/\/www.elase.com.br\/blog\/wp-content\/uploads\/sites\/2\/2022\/01\/Blog-Elase-ferias.jpg","width":2560,"height":1215},{"@type":"BreadcrumbList","@id":"https:\/\/www.elase.com.br\/blog\/atividades-da-colonia-de-ferias\/#breadcrumb","itemListElement":[{"@type":"ListItem","position":1,"name":"In\u00edcio","item":"https:\/\/www.elase.com.br\/blog\/"},{"@type":"ListItem","position":2,"name":"Inscreva seus filhos na col\u00f4nia de f\u00e9rias de ver\u00e3o da ELASE"}]},{"@type":"WebSite","@id":"https:\/\/www.elase.com.br\/blog\/#website","url":"https:\/\/www.elase.com.br\/blog\/","name":"Blog da ELASE","description":"","potentialAction":[{"@type":"SearchAction","target":{"@type":"EntryPoint","urlTemplate":"https:\/\/www.elase.com.br\/blog\/?s={search_term_string}"},"query-input":{"@type":"PropertyValueSpecification","valueRequired":true,"valueName":"search_term_string"}}],"inLanguage":"pt-BR"},{"@type":"Person","@id":"https:\/\/www.elase.com.br\/blog\/#\/schema\/person\/c5648edcd86e91cabc5f62555421edce","name":"Elase","image":{"@type":"ImageObject","inLanguage":"pt-BR","@id":"https:\/\/www.elase.com.br\/blog\/#\/schema\/person\/image\/","url":"https:\/\/secure.gravatar.com\/avatar\/e04f303593dd0bee5fdbdc05ef63066d59e1a5bf61b911bf6653c92bfb86e392?s=96&r=g&d=https:\/\/www.elase.com.br\/blog\/wp-content\/plugins\/userswp\/assets\/images\/no_profile.png","contentUrl":"https:\/\/secure.gravatar.com\/avatar\/e04f303593dd0bee5fdbdc05ef63066d59e1a5bf61b911bf6653c92bfb86e392?s=96&r=g&d=https:\/\/www.elase.com.br\/blog\/wp-content\/plugins\/userswp\/assets\/images\/no_profile.png","caption":"Elase"},"url":"https:\/\/www.elase.com.br\/blog\/author\/roberta\/"}]}},"publishpress_future_action":{"enabled":false,"date":"2026-05-07 14:31:09","action":"change-status","newStatus":"draft","terms":[],"taxonomy":"category","extraData":[]},"publishpress_future_workflow_manual_trigger":{"enabledWorkflows":[]},"_links":{"self":[{"href":"https:\/\/www.elase.com.br\/blog\/wp-json\/wp\/v2\/posts\/917","targetHints":{"allow":["GET"]}}],"collection":[{"href":"https:\/\/www.elase.com.br\/blog\/wp-json\/wp\/v2\/posts"}],"about":[{"href":"https:\/\/www.elase.com.br\/blog\/wp-json\/wp\/v2\/types\/post"}],"author":[{"embeddable":true,"href":"https:\/\/www.elase.com.br\/blog\/wp-json\/wp\/v2\/users\/7"}],"replies":[{"embeddable":true,"href":"https:\/\/www.elase.com.br\/blog\/wp-json\/wp\/v2\/comments?post=917"}],"version-history":[{"count":2,"href":"https:\/\/www.elase.com.br\/blog\/wp-json\/wp\/v2\/posts\/917\/revisions"}],"predecessor-version":[{"id":920,"href":"https:\/\/www.elase.com.br\/blog\/wp-json\/wp\/v2\/posts\/917\/revisions\/920"}],"wp:featuredmedia":[{"embeddable":true,"href":"https:\/\/www.elase.com.br\/blog\/wp-json\/wp\/v2\/media\/918"}],"wp:attachment":[{"href":"https:\/\/www.elase.com.br\/blog\/wp-json\/wp\/v2\/media?parent=917"}],"wp:term":[{"taxonomy":"category","embeddable":true,"href":"https:\/\/www.elase.com.br\/blog\/wp-json\/wp\/v2\/categories?post=917"},{"taxonomy":"post_tag","embeddable":true,"href":"https:\/\/www.elase.com.br\/blog\/wp-json\/wp\/v2\/tags?post=917"}],"curies":[{"name":"wp","href":"https:\/\/api.w.org\/{rel}","templated":true}]}}