{"id":912,"date":"2021-12-24T08:00:19","date_gmt":"2021-12-24T11:00:19","guid":{"rendered":"https:\/\/www.elase.com.br\/blog\/?p=912"},"modified":"2021-12-22T21:22:42","modified_gmt":"2021-12-23T00:22:42","slug":"atleta-da-elase-maria-turchetto-vence-a-primeira-no-tenis-profissional","status":"publish","type":"post","link":"https:\/\/www.elase.com.br\/blog\/atleta-da-elase-maria-turchetto-vence-a-primeira-no-tenis-profissional\/","title":{"rendered":"Atleta da ELASE, Maria Turchetto vence a primeira no t\u00eanis profissional"},"content":{"rendered":"<p><span style=\"font-weight: 400;\">O t\u00eanis em Santa Catarina tem a ELASE como clube formador de atletas. Nesse sentido, a catarinense Maria Turchetto aparece no cen\u00e1rio como uma das promessas da modalidade no juvenil. Atleta do clube, a tenista tem motivos de sobra para comemorar sobre a temporada 2021.<\/span><\/p>\n<p><span style=\"font-weight: 400;\">Aos 17 anos, Maria Turchetto conquistou a primeira vit\u00f3ria como tenista profissional. A representante da ELASE come\u00e7ou no esporte aos oito anos, em 2013. Assim, h\u00e1 quatro anos passou a integrar a Escola Guga FR Tennis BR no clube e teve um salto na carreira.<\/span><\/p>\n<p><span style=\"font-weight: 400;\">O t\u00eanis \u00e9 um dos esportes que a ELASE oferece aos associados e possui uma estrutura de dar inveja. Conhe\u00e7a um pouco mais da trajet\u00f3ria da tenista Maria Turchetto e de como a modalidade \u00e9 tratada no clube.<\/span><\/p>\n<h3><b>O come\u00e7o de Maria Turchetto<\/b><\/h3>\n<p><span style=\"font-weight: 400;\">A tenista Maria Turchetto iniciou na categoria aos oito anos, em 2013. Desde 2017 ela faz parte da Escola Guga FR Tennis BR, na ELASE. Assim, no clube ela tem vencido torneios e melhorando o jogo desde a base at\u00e9 agora.<\/span><\/p>\n<p><span style=\"font-weight: 400;\">Em primeiro lugar, o ano m\u00e1gico da atleta no amador foi em 2019. Ela conquistou o Estadual Feminino 16 anos quando tinha 15. Ali\u00e1s, Maria passou o ano inteiro sem perder um \u00fanico set. Em segundo lugar, os primeiros pontos conquistados no ranking juvenil mundial foram na Copa Guga daquele ano.<\/span><\/p>\n<p><span style=\"font-weight: 400;\">Por\u00e9m, 2021 tem sido de grandes resultados para a tenista catarinense. Maria Turchetto disputou cinco finais de torneios da categoria juvenil. S\u00f3 para exemplificar, at\u00e9 a primeira vit\u00f3ria como profissional Maria Turchetto estava embalada. No juvenil, ela emplacou 19 vit\u00f3rias consecutivas at\u00e9 chegar ao torneio em Curitiba. Ela conquistou os t\u00edtulos em Blumenau, Londrina, Curitiba e Salvador e havia ficado com o vice em uma competi\u00e7\u00e3o em Gaspar.<\/span><\/p>\n<h3><b>A primeira vit\u00f3ria profissional<\/b><\/h3>\n<p><span style=\"font-weight: 400;\">Ali\u00e1s, Maria Turchuetto rec\u00e9m havia vencido mais um torneio juvenil quando estreou no profissional em Curitiba. Ela foi convidada para disputar a Copa Feminina de T\u00eanis no fim de novembro. Logo na estreia veio o triunfo para somar pontos no ranking da WTA (Women&#8217;s Tennis Association).<\/span><\/p>\n<p><span style=\"font-weight: 400;\">Contra Julia Klomovicz, 18 anos, a<\/span><a href=\"https:\/\/tenisbrasil.uol.com.br\/noticias\/91768\/Apos-4-titulos-no-juvenil-Turchetto-pontua-na-WTA\/\"> <b>atleta da ELASE venceu por 7\/5 e 6\/2<\/b><\/a><span style=\"font-weight: 400;\">. Antes de mais nada, ela precisa somar 10 pontos em torneios profissionais para subir no ranking da WTA.<\/span><\/p>\n<h3><b>Como a ELASE forma atletas<\/b><\/h3>\n<p><span style=\"font-weight: 400;\">Talvez voc\u00ea n\u00e3o saiba, mas a ELASE tem um trabalho diferenciado para a forma\u00e7\u00e3o de atletas. Afinal, exemplos n\u00e3o faltam para comprovar os feitos. Por exemplo, basta ver o desempenho da pr\u00f3pria Maria Turchetto ou da jogadora de v\u00f4lei<\/span><a href=\"https:\/\/www.elase.com.br\/blog\/daniela-cechetto-atleta-que-iniciou-volei-na-elase-e-brilha-na-superliga\/\"> <b>Dani Cechetto<\/b><\/a><span style=\"font-weight: 400;\">, que iniciou sua carreira nas escolinhas do Clube, ou do jogador de futebol<\/span><a href=\"https:\/\/www.elase.com.br\/blog\/atleta-formado-na-elase-rhuan-zanotto-destaca-se-no-joinville\/\"> <b>Rhuan Zanotto<\/b><\/a><b>.<\/b><\/p>\n<p><span style=\"font-weight: 400;\">O acompanhamento profissional tem sido um diferencial na forma\u00e7\u00e3o de atletas. Com profissionais capacitados e amplo espa\u00e7o f\u00edsico, o desenvolvimento acontece de forma natural. Nesse sentido, s\u00e3o levadas em conta todas as val\u00eancias para se formar o atleta, como f\u00edsico e mental.<\/span><\/p>\n<p><span style=\"font-weight: 400;\">Al\u00e9m disso, o atleta deve ter tamb\u00e9m disciplina. Mesmo que n\u00e3o tenha os fundamentos da modalidade, o foco deve ser em melhorar e conhecer melhor o pr\u00f3prio corpo e as regras. Nesse sentido, j\u00e1 listamos aqui no blog<\/span><a href=\"https:\/\/www.elase.com.br\/blog\/conheca-cinco-dicas-para-se-tornar-um-atleta-profissional\/\"> <b>5 dicas para se tornar um atleta profissional<\/b><\/a><span style=\"font-weight: 400;\">. Entre elas est\u00e1 a import\u00e2ncia do trabalho em equipe, seja no esporte individual ou coletivo. A Olimp\u00edada de T\u00f3quio foi um grande exemplo disso.<\/span><\/p>\n<h3><b>Estrutura do t\u00eanis na ELASE<\/b><\/h3>\n<p><span style=\"font-weight: 400;\">A ELASE conta com o Complexo de Raquetes como \u00e1rea destinada exclusivamente ao t\u00eanis. No local s\u00e3o desenvolvidos projetos individuais ou em grupo, assim como a Escola Guga FR Tennis BR. Dessa forma, s\u00e3o quadras de saibro, r\u00e1pida, beach tennis, padel e squash \u00e0 disposi\u00e7\u00e3o.<\/span><\/p>\n<p><span style=\"font-weight: 400;\">Tanto associados como p\u00fablico em geral podem fazer o uso das quadras. Ali\u00e1s, h\u00e1 uma quadra coberta e um elevador dispon\u00edvel no Complexo de Raquetes.<\/span><\/p>\n<h3><b>Quadras de t\u00eanis na ELASE<\/b><\/h3>\n<ul>\n<li style=\"font-weight: 400;\" aria-level=\"1\"><span style=\"font-weight: 400;\">3 quadras cobertas de saibro<\/span><\/li>\n<li style=\"font-weight: 400;\" aria-level=\"1\"><span style=\"font-weight: 400;\">3 quadras r\u00e1pidas descobertas<\/span><\/li>\n<li style=\"font-weight: 400;\" aria-level=\"1\"><span style=\"font-weight: 400;\">5 quadras de squash<\/span><\/li>\n<li style=\"font-weight: 400;\" aria-level=\"1\"><span style=\"font-weight: 400;\">1 quadra de padel<\/span><\/li>\n<li style=\"font-weight: 400;\" aria-level=\"1\"><span style=\"font-weight: 400;\">1 quadra de beach t\u00eanis<\/span><\/li>\n<\/ul>\n<p><span style=\"font-weight: 400;\">A Escola Guga FR Tennis BR tem escolinha para quem vai praticar por hobby ou para se tornar profissional. A princ\u00edpio as aulas s\u00e3o ministradas a partir dos tr\u00eas anos e n\u00e3o tem limite. Todos os profissionais possuem qualifica\u00e7\u00e3o para as aulas no clube.<\/span><\/p>\n<p><span style=\"font-weight: 400;\">Escolinha Guga \u2013 para crian\u00e7as de 3 a 10 anos;<\/span><\/p>\n<p><span style=\"font-weight: 400;\">Escola Juvenil \u2013 para adolescentes de 11 a 18 anos;<\/span><\/p>\n<p><span style=\"font-weight: 400;\">Escola Adultos \u2013 para atletas com mais de 18 anos.<\/span><\/p>\n<p><span style=\"font-weight: 400;\">Alguns nomes da nova gera\u00e7\u00e3o do t\u00eanis fazem parte da Escola Guga FR Tennis BR. O jovem Enzo Prediger tem conquistado t\u00edtulos no t\u00eanis, como fez em novembro no Rio Grande do Sul. Entre os mais experientes, Nelson Germann foi vice-campe\u00e3o brasileiro nas duplas e simples na categoria 65 anos no Brasileiro Seniors, em Itaja\u00ed.<\/span><\/p>\n<h3><strong>Treine na ELASE<\/strong><\/h3>\n<p><span style=\"font-weight: 400;\">A ELASE oferece diversas modalidades esportivas e profissionais experientes para auxili\u00e1-lo a se tornar um atleta. Entre em contato com a secretaria do clube pelo telefone (48) 3234-5233 ou v\u00e1 at\u00e9 a sede, na Avenida C\u00e9sar Seara, 560, ao lado da UFSC.<\/span><\/p>\n<p>&nbsp;<\/p>\n","protected":false},"excerpt":{"rendered":"<p>O t\u00eanis em Santa Catarina tem a ELASE como clube formador de atletas. Nesse sentido, a catarinense Maria Turchetto aparece no cen\u00e1rio [&hellip;]<\/p>\n","protected":false},"author":7,"featured_media":913,"comment_status":"open","ping_status":"open","sticky":false,"template":"","format":"standard","meta":{"footnotes":"","_links_to":"","_links_to_target":""},"categories":[8,10],"tags":[],"class_list":["post-912","post","type-post","status-publish","format-standard","has-post-thumbnail","hentry","category-elase","category-esportes"],"yoast_head":"<!-- This site is optimized with the Yoast SEO plugin v26.1.1 - https:\/\/yoast.com\/wordpress\/plugins\/seo\/ -->\n<title>Atleta da ELASE, Maria Turchetto vence a primeira no t\u00eanis profissional<\/title>\n<meta name=\"description\" content=\"A tenista da ELASE Maria Turchetto venceu pela primeira vez uma partida profissional, isso ap\u00f3s vir de 19 vit\u00f3rias seguidas no juvenil.\" \/>\n<meta name=\"robots\" content=\"index, follow, max-snippet:-1, max-image-preview:large, max-video-preview:-1\" \/>\n<link rel=\"canonical\" href=\"https:\/\/www.elase.com.br\/blog\/atleta-da-elase-maria-turchetto-vence-a-primeira-no-tenis-profissional\/\" \/>\n<meta property=\"og:locale\" content=\"pt_BR\" \/>\n<meta property=\"og:type\" content=\"article\" \/>\n<meta property=\"og:title\" content=\"Atleta da ELASE, Maria Turchetto vence a primeira no t\u00eanis profissional\" \/>\n<meta property=\"og:description\" content=\"A tenista da ELASE Maria Turchetto venceu pela primeira vez uma partida profissional, isso ap\u00f3s vir de 19 vit\u00f3rias seguidas no juvenil.\" \/>\n<meta property=\"og:url\" content=\"https:\/\/www.elase.com.br\/blog\/atleta-da-elase-maria-turchetto-vence-a-primeira-no-tenis-profissional\/\" \/>\n<meta property=\"og:site_name\" content=\"Blog da ELASE\" \/>\n<meta property=\"article:published_time\" content=\"2021-12-24T11:00:19+00:00\" \/>\n<meta property=\"og:image\" content=\"https:\/\/www.elase.com.br\/blog\/wp-content\/uploads\/sites\/2\/2021\/12\/Blog-Elase-atleta.jpg\" \/>\n\t<meta property=\"og:image:width\" content=\"2560\" \/>\n\t<meta property=\"og:image:height\" content=\"1215\" \/>\n\t<meta property=\"og:image:type\" content=\"image\/jpeg\" \/>\n<meta name=\"author\" content=\"Elase\" \/>\n<meta name=\"twitter:card\" content=\"summary_large_image\" \/>\n<meta name=\"twitter:label1\" content=\"Escrito por\" \/>\n\t<meta name=\"twitter:data1\" content=\"Elase\" \/>\n\t<meta name=\"twitter:label2\" content=\"Est. tempo de leitura\" \/>\n\t<meta name=\"twitter:data2\" content=\"4 minutos\" \/>\n<script type=\"application\/ld+json\" class=\"yoast-schema-graph\">{\"@context\":\"https:\/\/schema.org\",\"@graph\":[{\"@type\":\"WebPage\",\"@id\":\"https:\/\/www.elase.com.br\/blog\/atleta-da-elase-maria-turchetto-vence-a-primeira-no-tenis-profissional\/\",\"url\":\"https:\/\/www.elase.com.br\/blog\/atleta-da-elase-maria-turchetto-vence-a-primeira-no-tenis-profissional\/\",\"name\":\"Atleta da ELASE, Maria Turchetto vence a primeira no t\u00eanis profissional\",\"isPartOf\":{\"@id\":\"https:\/\/www.elase.com.br\/blog\/#website\"},\"primaryImageOfPage\":{\"@id\":\"https:\/\/www.elase.com.br\/blog\/atleta-da-elase-maria-turchetto-vence-a-primeira-no-tenis-profissional\/#primaryimage\"},\"image\":{\"@id\":\"https:\/\/www.elase.com.br\/blog\/atleta-da-elase-maria-turchetto-vence-a-primeira-no-tenis-profissional\/#primaryimage\"},\"thumbnailUrl\":\"https:\/\/www.elase.com.br\/blog\/wp-content\/uploads\/sites\/2\/2021\/12\/Blog-Elase-atleta.jpg\",\"datePublished\":\"2021-12-24T11:00:19+00:00\",\"author\":{\"@id\":\"https:\/\/www.elase.com.br\/blog\/#\/schema\/person\/c5648edcd86e91cabc5f62555421edce\"},\"description\":\"A tenista da ELASE Maria Turchetto venceu pela primeira vez uma partida profissional, isso ap\u00f3s vir de 19 vit\u00f3rias seguidas no juvenil.\",\"breadcrumb\":{\"@id\":\"https:\/\/www.elase.com.br\/blog\/atleta-da-elase-maria-turchetto-vence-a-primeira-no-tenis-profissional\/#breadcrumb\"},\"inLanguage\":\"pt-BR\",\"potentialAction\":[{\"@type\":\"ReadAction\",\"target\":[\"https:\/\/www.elase.com.br\/blog\/atleta-da-elase-maria-turchetto-vence-a-primeira-no-tenis-profissional\/\"]}]},{\"@type\":\"ImageObject\",\"inLanguage\":\"pt-BR\",\"@id\":\"https:\/\/www.elase.com.br\/blog\/atleta-da-elase-maria-turchetto-vence-a-primeira-no-tenis-profissional\/#primaryimage\",\"url\":\"https:\/\/www.elase.com.br\/blog\/wp-content\/uploads\/sites\/2\/2021\/12\/Blog-Elase-atleta.jpg\",\"contentUrl\":\"https:\/\/www.elase.com.br\/blog\/wp-content\/uploads\/sites\/2\/2021\/12\/Blog-Elase-atleta.jpg\",\"width\":2560,\"height\":1215},{\"@type\":\"BreadcrumbList\",\"@id\":\"https:\/\/www.elase.com.br\/blog\/atleta-da-elase-maria-turchetto-vence-a-primeira-no-tenis-profissional\/#breadcrumb\",\"itemListElement\":[{\"@type\":\"ListItem\",\"position\":1,\"name\":\"In\u00edcio\",\"item\":\"https:\/\/www.elase.com.br\/blog\/\"},{\"@type\":\"ListItem\",\"position\":2,\"name\":\"Atleta da ELASE, Maria Turchetto vence a primeira no t\u00eanis profissional\"}]},{\"@type\":\"WebSite\",\"@id\":\"https:\/\/www.elase.com.br\/blog\/#website\",\"url\":\"https:\/\/www.elase.com.br\/blog\/\",\"name\":\"Blog da ELASE\",\"description\":\"\",\"potentialAction\":[{\"@type\":\"SearchAction\",\"target\":{\"@type\":\"EntryPoint\",\"urlTemplate\":\"https:\/\/www.elase.com.br\/blog\/?s={search_term_string}\"},\"query-input\":{\"@type\":\"PropertyValueSpecification\",\"valueRequired\":true,\"valueName\":\"search_term_string\"}}],\"inLanguage\":\"pt-BR\"},{\"@type\":\"Person\",\"@id\":\"https:\/\/www.elase.com.br\/blog\/#\/schema\/person\/c5648edcd86e91cabc5f62555421edce\",\"name\":\"Elase\",\"image\":{\"@type\":\"ImageObject\",\"inLanguage\":\"pt-BR\",\"@id\":\"https:\/\/www.elase.com.br\/blog\/#\/schema\/person\/image\/\",\"url\":\"https:\/\/secure.gravatar.com\/avatar\/e04f303593dd0bee5fdbdc05ef63066d59e1a5bf61b911bf6653c92bfb86e392?s=96&r=g&d=https:\/\/www.elase.com.br\/blog\/wp-content\/plugins\/userswp\/assets\/images\/no_profile.png\",\"contentUrl\":\"https:\/\/secure.gravatar.com\/avatar\/e04f303593dd0bee5fdbdc05ef63066d59e1a5bf61b911bf6653c92bfb86e392?s=96&r=g&d=https:\/\/www.elase.com.br\/blog\/wp-content\/plugins\/userswp\/assets\/images\/no_profile.png\",\"caption\":\"Elase\"},\"url\":\"https:\/\/www.elase.com.br\/blog\/author\/roberta\/\"}]}<\/script>\n<!-- \/ Yoast SEO plugin. -->","yoast_head_json":{"title":"Atleta da ELASE, Maria Turchetto vence a primeira no t\u00eanis profissional","description":"A tenista da ELASE Maria Turchetto venceu pela primeira vez uma partida profissional, isso ap\u00f3s vir de 19 vit\u00f3rias seguidas no juvenil.","robots":{"index":"index","follow":"follow","max-snippet":"max-snippet:-1","max-image-preview":"max-image-preview:large","max-video-preview":"max-video-preview:-1"},"canonical":"https:\/\/www.elase.com.br\/blog\/atleta-da-elase-maria-turchetto-vence-a-primeira-no-tenis-profissional\/","og_locale":"pt_BR","og_type":"article","og_title":"Atleta da ELASE, Maria Turchetto vence a primeira no t\u00eanis profissional","og_description":"A tenista da ELASE Maria Turchetto venceu pela primeira vez uma partida profissional, isso ap\u00f3s vir de 19 vit\u00f3rias seguidas no juvenil.","og_url":"https:\/\/www.elase.com.br\/blog\/atleta-da-elase-maria-turchetto-vence-a-primeira-no-tenis-profissional\/","og_site_name":"Blog da ELASE","article_published_time":"2021-12-24T11:00:19+00:00","og_image":[{"width":2560,"height":1215,"url":"https:\/\/www.elase.com.br\/blog\/wp-content\/uploads\/sites\/2\/2021\/12\/Blog-Elase-atleta.jpg","type":"image\/jpeg"}],"author":"Elase","twitter_card":"summary_large_image","twitter_misc":{"Escrito por":"Elase","Est. tempo de leitura":"4 minutos"},"schema":{"@context":"https:\/\/schema.org","@graph":[{"@type":"WebPage","@id":"https:\/\/www.elase.com.br\/blog\/atleta-da-elase-maria-turchetto-vence-a-primeira-no-tenis-profissional\/","url":"https:\/\/www.elase.com.br\/blog\/atleta-da-elase-maria-turchetto-vence-a-primeira-no-tenis-profissional\/","name":"Atleta da ELASE, Maria Turchetto vence a primeira no t\u00eanis profissional","isPartOf":{"@id":"https:\/\/www.elase.com.br\/blog\/#website"},"primaryImageOfPage":{"@id":"https:\/\/www.elase.com.br\/blog\/atleta-da-elase-maria-turchetto-vence-a-primeira-no-tenis-profissional\/#primaryimage"},"image":{"@id":"https:\/\/www.elase.com.br\/blog\/atleta-da-elase-maria-turchetto-vence-a-primeira-no-tenis-profissional\/#primaryimage"},"thumbnailUrl":"https:\/\/www.elase.com.br\/blog\/wp-content\/uploads\/sites\/2\/2021\/12\/Blog-Elase-atleta.jpg","datePublished":"2021-12-24T11:00:19+00:00","author":{"@id":"https:\/\/www.elase.com.br\/blog\/#\/schema\/person\/c5648edcd86e91cabc5f62555421edce"},"description":"A tenista da ELASE Maria Turchetto venceu pela primeira vez uma partida profissional, isso ap\u00f3s vir de 19 vit\u00f3rias seguidas no juvenil.","breadcrumb":{"@id":"https:\/\/www.elase.com.br\/blog\/atleta-da-elase-maria-turchetto-vence-a-primeira-no-tenis-profissional\/#breadcrumb"},"inLanguage":"pt-BR","potentialAction":[{"@type":"ReadAction","target":["https:\/\/www.elase.com.br\/blog\/atleta-da-elase-maria-turchetto-vence-a-primeira-no-tenis-profissional\/"]}]},{"@type":"ImageObject","inLanguage":"pt-BR","@id":"https:\/\/www.elase.com.br\/blog\/atleta-da-elase-maria-turchetto-vence-a-primeira-no-tenis-profissional\/#primaryimage","url":"https:\/\/www.elase.com.br\/blog\/wp-content\/uploads\/sites\/2\/2021\/12\/Blog-Elase-atleta.jpg","contentUrl":"https:\/\/www.elase.com.br\/blog\/wp-content\/uploads\/sites\/2\/2021\/12\/Blog-Elase-atleta.jpg","width":2560,"height":1215},{"@type":"BreadcrumbList","@id":"https:\/\/www.elase.com.br\/blog\/atleta-da-elase-maria-turchetto-vence-a-primeira-no-tenis-profissional\/#breadcrumb","itemListElement":[{"@type":"ListItem","position":1,"name":"In\u00edcio","item":"https:\/\/www.elase.com.br\/blog\/"},{"@type":"ListItem","position":2,"name":"Atleta da ELASE, Maria Turchetto vence a primeira no t\u00eanis profissional"}]},{"@type":"WebSite","@id":"https:\/\/www.elase.com.br\/blog\/#website","url":"https:\/\/www.elase.com.br\/blog\/","name":"Blog da ELASE","description":"","potentialAction":[{"@type":"SearchAction","target":{"@type":"EntryPoint","urlTemplate":"https:\/\/www.elase.com.br\/blog\/?s={search_term_string}"},"query-input":{"@type":"PropertyValueSpecification","valueRequired":true,"valueName":"search_term_string"}}],"inLanguage":"pt-BR"},{"@type":"Person","@id":"https:\/\/www.elase.com.br\/blog\/#\/schema\/person\/c5648edcd86e91cabc5f62555421edce","name":"Elase","image":{"@type":"ImageObject","inLanguage":"pt-BR","@id":"https:\/\/www.elase.com.br\/blog\/#\/schema\/person\/image\/","url":"https:\/\/secure.gravatar.com\/avatar\/e04f303593dd0bee5fdbdc05ef63066d59e1a5bf61b911bf6653c92bfb86e392?s=96&r=g&d=https:\/\/www.elase.com.br\/blog\/wp-content\/plugins\/userswp\/assets\/images\/no_profile.png","contentUrl":"https:\/\/secure.gravatar.com\/avatar\/e04f303593dd0bee5fdbdc05ef63066d59e1a5bf61b911bf6653c92bfb86e392?s=96&r=g&d=https:\/\/www.elase.com.br\/blog\/wp-content\/plugins\/userswp\/assets\/images\/no_profile.png","caption":"Elase"},"url":"https:\/\/www.elase.com.br\/blog\/author\/roberta\/"}]}},"publishpress_future_action":{"enabled":false,"date":"2026-05-06 04:56:37","action":"change-status","newStatus":"draft","terms":[],"taxonomy":"category","extraData":[]},"publishpress_future_workflow_manual_trigger":{"enabledWorkflows":[]},"_links":{"self":[{"href":"https:\/\/www.elase.com.br\/blog\/wp-json\/wp\/v2\/posts\/912","targetHints":{"allow":["GET"]}}],"collection":[{"href":"https:\/\/www.elase.com.br\/blog\/wp-json\/wp\/v2\/posts"}],"about":[{"href":"https:\/\/www.elase.com.br\/blog\/wp-json\/wp\/v2\/types\/post"}],"author":[{"embeddable":true,"href":"https:\/\/www.elase.com.br\/blog\/wp-json\/wp\/v2\/users\/7"}],"replies":[{"embeddable":true,"href":"https:\/\/www.elase.com.br\/blog\/wp-json\/wp\/v2\/comments?post=912"}],"version-history":[{"count":1,"href":"https:\/\/www.elase.com.br\/blog\/wp-json\/wp\/v2\/posts\/912\/revisions"}],"predecessor-version":[{"id":914,"href":"https:\/\/www.elase.com.br\/blog\/wp-json\/wp\/v2\/posts\/912\/revisions\/914"}],"wp:featuredmedia":[{"embeddable":true,"href":"https:\/\/www.elase.com.br\/blog\/wp-json\/wp\/v2\/media\/913"}],"wp:attachment":[{"href":"https:\/\/www.elase.com.br\/blog\/wp-json\/wp\/v2\/media?parent=912"}],"wp:term":[{"taxonomy":"category","embeddable":true,"href":"https:\/\/www.elase.com.br\/blog\/wp-json\/wp\/v2\/categories?post=912"},{"taxonomy":"post_tag","embeddable":true,"href":"https:\/\/www.elase.com.br\/blog\/wp-json\/wp\/v2\/tags?post=912"}],"curies":[{"name":"wp","href":"https:\/\/api.w.org\/{rel}","templated":true}]}}