{"id":896,"date":"2021-11-18T12:00:17","date_gmt":"2021-11-18T15:00:17","guid":{"rendered":"https:\/\/www.elase.com.br\/blog\/?p=896"},"modified":"2021-11-22T16:31:32","modified_gmt":"2021-11-22T19:31:32","slug":"atleta-formado-na-elase-rhuan-zanotto-destaca-se-no-joinville","status":"publish","type":"post","link":"https:\/\/www.elase.com.br\/blog\/atleta-formado-na-elase-rhuan-zanotto-destaca-se-no-joinville\/","title":{"rendered":"Atleta formado na ELASE, Rhuan Zanotto, destaca-se no Joinville"},"content":{"rendered":"<p><span style=\"font-weight: 400;\">A ELASE atua na<\/span><a href=\"https:\/\/www.elase.com.br\/blog\/atletas-da-elase-da-formacao-a-profissionalizacao-no-cenario-esportivo\/\"> <b>forma\u00e7\u00e3o de jovens atletas<\/b><\/a><span style=\"font-weight: 400;\"> e oferece uma ampla estrutura para o desenvolvimento de talentos. Nesse sentido, o jovem Rhuan Zanotto Martins, 19 anos, \u00e9 mais um exemplo do trabalho desenvolvido pelo clube.\u00a0<\/span><\/p>\n<p><span style=\"font-weight: 400;\">Assim como outros jovens, Rhuan teve a sua forma\u00e7\u00e3o realizada no futsal da ELASE e hoje atua na equipe profissional de futebol do Joinville. Ali\u00e1s, ele esteve em campo na Copa Santa Catarina e em breve inicia a prepara\u00e7\u00e3o para o Campeonato Catarinense 2022. A seguir, voc\u00ea confere uma entrevista com o lateral Rhuan Zanotto Martins, uma das promessas do futebol no Estado.<\/span><\/p>\n<h2><strong>Entrevista com o jogador Rhuan Zanotto Martins<\/strong><\/h2>\n<h3><b>Como foi o seu in\u00edcio no esporte, desde a base at\u00e9 hoje?<\/b><\/h3>\n<p><b>Rhuan:<\/b><span style=\"font-weight: 400;\"> Meu contato com o futsal iniciou bem cedo. Por volta dos seis anos tive os primeiros treinos na ELASE, onde fiz a maior parte da minha forma\u00e7\u00e3o at\u00e9 os 12 anos. Logo ap\u00f3s fui jogar meu \u00faltimo campeonato estadual pelo Ava\u00ed, que possibilitou minha transi\u00e7\u00e3o para o futebol de campo. No Ava\u00ed permaneci at\u00e9 os 16 anos, lugar onde pude realizar alguns objetivos e ser muito feliz durante esse tempo. Dessa forma, aos 17 anos fui para o norte do Estado defender as cores do Joinville, clube o qual me acolheu muito bem e<\/span><a href=\"https:\/\/www.zerozero.pt\/player.php?id=893003\"> <b>permane\u00e7o at\u00e9 os dias de hoje<\/b><\/a><span style=\"font-weight: 400;\">.<\/span><\/p>\n<h3><b>Como ocorreu a transi\u00e7\u00e3o do futsal para o futebol de campo?<\/b><\/h3>\n<p><b>Rhuan<\/b><span style=\"font-weight: 400;\">: A minha transi\u00e7\u00e3o para o futebol de campo ocorreu naturalmente, meu foco em rela\u00e7\u00e3o ao treinamento at\u00e9 os 13 anos sempre foi o futsal. No entanto, dos 10 aos 13 em paralelo aos treinos de futsal eu disputei alguns campeonatos de campo, onde fui me adaptando \u00e0 nova modalidade. Ent\u00e3o o foco mudou aos 14 e passei a treinar cinco vezes por semana futebol de campo no Ava\u00ed e parei totalmente com o futsal.<\/span><\/p>\n<h3><b>Qual a import\u00e2ncia da ELASE na sua vida e forma\u00e7\u00e3o?<\/b><\/h3>\n<p><b>Rhuan<\/b><span style=\"font-weight: 400;\">: A import\u00e2ncia da ELASE na minha forma\u00e7\u00e3o ao todo foi gigante. Por exemplo, na forma\u00e7\u00e3o esportiva foi a ELASE quem me moldou, foi onde aprendi os primeiros fundamentos, joguei minha primeira competi\u00e7\u00e3o, fiz as primeiras viagens para jogar em outras cidades e adquiri gosto pelo esporte, por todo esse ambiente competitivo. A forma\u00e7\u00e3o pessoal me ajudou demais na parte de aprender a respeitar meus colegas, na quest\u00e3o de companheirismo dentro e fora de quadra e na educa\u00e7\u00e3o com os professores.<\/span><\/p>\n<h3><b>Quais momentos voc\u00ea considera como marcantes vestindo a camisa da ELASE?<\/b><\/h3>\n<p><b>Rhuan<\/b><span style=\"font-weight: 400;\">: Vou citar dois momentos como mais marcantes, o primeiro foi em 2011 em que eu tinha 9 anos e disputei o primeiro estadual de futsal da categoria. Foi uma sensa\u00e7\u00e3o \u00fanica na \u00e9poca. Al\u00e9m disso, outro momento que destaco foi o vice-campeonato estadual de 2013, l\u00e1 eu tive a honra de ser capit\u00e3o de um dos melhores grupos que fiz parte e que tinha uma comiss\u00e3o fant\u00e1stica ao nosso lado.<\/span><\/p>\n<h3><b>Como \u00e9 conciliar os estudos com uma rotina de atleta de alto rendimento?<\/b><\/h3>\n<p><b>Rhuan<\/b><span style=\"font-weight: 400;\">: No come\u00e7o foi uma tarefa bem dif\u00edcil por causa da idade, e tamb\u00e9m ter que me adaptar \u00e0quela nova rotina exigindo um pouco mais de responsabilidade da minha parte em cumprir com ambas atividades. Com o passar do tempo, eu consegui conciliar bem os dois lados.<\/span><\/p>\n<h3><b>Levando em conta os clubes que voc\u00ea passou, tanto campo e futsal, como avalia a estrutura que a ELASE disponibiliza para seus atletas?<\/b><\/h3>\n<p><b>Rhuan<\/b><span style=\"font-weight: 400;\">: Em rela\u00e7\u00e3o \u00e0 estrutura, n\u00e3o tenho d\u00favidas que a ELASE tem uma das melhores da cidade e do estado. Ali\u00e1s, sempre disponibilizou excelentes materiais para os treinos e nunca ficou devendo em nada, com certeza \u00e9 refer\u00eancia.<\/span><\/p>\n<h3><b>Alimenta\u00e7\u00e3o, descanso e treinos, como voc\u00ea se organiza nessas quest\u00f5es: Existe apoio de algu\u00e9m nessas rotinas?<\/b><\/h3>\n<p><b>Rhuan<\/b><span style=\"font-weight: 400;\">: A parte de treinamento quem fica respons\u00e1vel \u00e9 o clube, eles passam a programa\u00e7\u00e3o e n\u00f3s a seguimos. Por exemplo, a parte de alimenta\u00e7\u00e3o e descanso sou eu o respons\u00e1vel, a organiza\u00e7\u00e3o \u00e9 feita semanalmente com base nos treinos. Atualmente recebo muito apoio da minha fam\u00edlia.<\/span><\/p>\n<h3><b>Qual recado voc\u00ea deixaria para os meninos que jogam na ELASE?<\/b><\/h3>\n<p><span style=\"font-weight: 400;\">Rhuan: O recado que eu tenho pra deixar \u00e9 o seguinte: treinem e joguem sempre com muita alegria, se divirtam em quadra e aproveitem essa fase, que foi uma das melhores na minha vida. Ou seja, se voc\u00ea tem um sonho, independente de qual seja, corra por ele e jamais deixe de tentar realiz\u00e1-lo.<\/span><\/p>\n","protected":false},"excerpt":{"rendered":"<p>A ELASE atua na forma\u00e7\u00e3o de jovens atletas e oferece uma ampla estrutura para o desenvolvimento de talentos. Nesse sentido, o jovem [&hellip;]<\/p>\n","protected":false},"author":7,"featured_media":897,"comment_status":"open","ping_status":"open","sticky":false,"template":"","format":"standard","meta":{"footnotes":"","_links_to":"","_links_to_target":""},"categories":[8,10],"tags":[],"class_list":["post-896","post","type-post","status-publish","format-standard","has-post-thumbnail","hentry","category-elase","category-esportes"],"yoast_head":"<!-- This site is optimized with the Yoast SEO plugin v26.1.1 - https:\/\/yoast.com\/wordpress\/plugins\/seo\/ -->\n<title>Atleta formado na ELASE, Rhuan Zanotto, destaca-se no Joinville<\/title>\n<meta name=\"description\" content=\"Nesse sentido, o jovem atleta Rhuan Zanotto Martins, 19 anos, \u00e9 mais um exemplo do trabalho desenvolvido pelo clube.\" \/>\n<meta name=\"robots\" content=\"index, follow, max-snippet:-1, max-image-preview:large, max-video-preview:-1\" \/>\n<link rel=\"canonical\" href=\"https:\/\/www.elase.com.br\/blog\/atleta-formado-na-elase-rhuan-zanotto-destaca-se-no-joinville\/\" \/>\n<meta property=\"og:locale\" content=\"pt_BR\" \/>\n<meta property=\"og:type\" content=\"article\" \/>\n<meta property=\"og:title\" content=\"Atleta formado na ELASE, Rhuan Zanotto, destaca-se no Joinville\" \/>\n<meta property=\"og:description\" content=\"Nesse sentido, o jovem atleta Rhuan Zanotto Martins, 19 anos, \u00e9 mais um exemplo do trabalho desenvolvido pelo clube.\" \/>\n<meta property=\"og:url\" content=\"https:\/\/www.elase.com.br\/blog\/atleta-formado-na-elase-rhuan-zanotto-destaca-se-no-joinville\/\" \/>\n<meta property=\"og:site_name\" content=\"Blog da ELASE\" \/>\n<meta property=\"article:published_time\" content=\"2021-11-18T15:00:17+00:00\" \/>\n<meta property=\"article:modified_time\" content=\"2021-11-22T19:31:32+00:00\" \/>\n<meta property=\"og:image\" content=\"https:\/\/www.elase.com.br\/blog\/wp-content\/uploads\/sites\/2\/2021\/11\/Blog-Elase-atleta.jpg\" \/>\n\t<meta property=\"og:image:width\" content=\"2560\" \/>\n\t<meta property=\"og:image:height\" content=\"1215\" \/>\n\t<meta property=\"og:image:type\" content=\"image\/jpeg\" \/>\n<meta name=\"author\" content=\"Elase\" \/>\n<meta name=\"twitter:card\" content=\"summary_large_image\" \/>\n<meta name=\"twitter:label1\" content=\"Escrito por\" \/>\n\t<meta name=\"twitter:data1\" content=\"Elase\" \/>\n\t<meta name=\"twitter:label2\" content=\"Est. tempo de leitura\" \/>\n\t<meta name=\"twitter:data2\" content=\"4 minutos\" \/>\n<script type=\"application\/ld+json\" class=\"yoast-schema-graph\">{\"@context\":\"https:\/\/schema.org\",\"@graph\":[{\"@type\":\"WebPage\",\"@id\":\"https:\/\/www.elase.com.br\/blog\/atleta-formado-na-elase-rhuan-zanotto-destaca-se-no-joinville\/\",\"url\":\"https:\/\/www.elase.com.br\/blog\/atleta-formado-na-elase-rhuan-zanotto-destaca-se-no-joinville\/\",\"name\":\"Atleta formado na ELASE, Rhuan Zanotto, destaca-se no Joinville\",\"isPartOf\":{\"@id\":\"https:\/\/www.elase.com.br\/blog\/#website\"},\"primaryImageOfPage\":{\"@id\":\"https:\/\/www.elase.com.br\/blog\/atleta-formado-na-elase-rhuan-zanotto-destaca-se-no-joinville\/#primaryimage\"},\"image\":{\"@id\":\"https:\/\/www.elase.com.br\/blog\/atleta-formado-na-elase-rhuan-zanotto-destaca-se-no-joinville\/#primaryimage\"},\"thumbnailUrl\":\"https:\/\/www.elase.com.br\/blog\/wp-content\/uploads\/sites\/2\/2021\/11\/Blog-Elase-atleta.jpg\",\"datePublished\":\"2021-11-18T15:00:17+00:00\",\"dateModified\":\"2021-11-22T19:31:32+00:00\",\"author\":{\"@id\":\"https:\/\/www.elase.com.br\/blog\/#\/schema\/person\/c5648edcd86e91cabc5f62555421edce\"},\"description\":\"Nesse sentido, o jovem atleta Rhuan Zanotto Martins, 19 anos, \u00e9 mais um exemplo do trabalho desenvolvido pelo clube.\",\"breadcrumb\":{\"@id\":\"https:\/\/www.elase.com.br\/blog\/atleta-formado-na-elase-rhuan-zanotto-destaca-se-no-joinville\/#breadcrumb\"},\"inLanguage\":\"pt-BR\",\"potentialAction\":[{\"@type\":\"ReadAction\",\"target\":[\"https:\/\/www.elase.com.br\/blog\/atleta-formado-na-elase-rhuan-zanotto-destaca-se-no-joinville\/\"]}]},{\"@type\":\"ImageObject\",\"inLanguage\":\"pt-BR\",\"@id\":\"https:\/\/www.elase.com.br\/blog\/atleta-formado-na-elase-rhuan-zanotto-destaca-se-no-joinville\/#primaryimage\",\"url\":\"https:\/\/www.elase.com.br\/blog\/wp-content\/uploads\/sites\/2\/2021\/11\/Blog-Elase-atleta.jpg\",\"contentUrl\":\"https:\/\/www.elase.com.br\/blog\/wp-content\/uploads\/sites\/2\/2021\/11\/Blog-Elase-atleta.jpg\",\"width\":2560,\"height\":1215},{\"@type\":\"BreadcrumbList\",\"@id\":\"https:\/\/www.elase.com.br\/blog\/atleta-formado-na-elase-rhuan-zanotto-destaca-se-no-joinville\/#breadcrumb\",\"itemListElement\":[{\"@type\":\"ListItem\",\"position\":1,\"name\":\"In\u00edcio\",\"item\":\"https:\/\/www.elase.com.br\/blog\/\"},{\"@type\":\"ListItem\",\"position\":2,\"name\":\"Atleta formado na ELASE, Rhuan Zanotto, destaca-se no Joinville\"}]},{\"@type\":\"WebSite\",\"@id\":\"https:\/\/www.elase.com.br\/blog\/#website\",\"url\":\"https:\/\/www.elase.com.br\/blog\/\",\"name\":\"Blog da ELASE\",\"description\":\"\",\"potentialAction\":[{\"@type\":\"SearchAction\",\"target\":{\"@type\":\"EntryPoint\",\"urlTemplate\":\"https:\/\/www.elase.com.br\/blog\/?s={search_term_string}\"},\"query-input\":{\"@type\":\"PropertyValueSpecification\",\"valueRequired\":true,\"valueName\":\"search_term_string\"}}],\"inLanguage\":\"pt-BR\"},{\"@type\":\"Person\",\"@id\":\"https:\/\/www.elase.com.br\/blog\/#\/schema\/person\/c5648edcd86e91cabc5f62555421edce\",\"name\":\"Elase\",\"image\":{\"@type\":\"ImageObject\",\"inLanguage\":\"pt-BR\",\"@id\":\"https:\/\/www.elase.com.br\/blog\/#\/schema\/person\/image\/\",\"url\":\"https:\/\/secure.gravatar.com\/avatar\/e04f303593dd0bee5fdbdc05ef63066d59e1a5bf61b911bf6653c92bfb86e392?s=96&r=g&d=https:\/\/www.elase.com.br\/blog\/wp-content\/plugins\/userswp\/assets\/images\/no_profile.png\",\"contentUrl\":\"https:\/\/secure.gravatar.com\/avatar\/e04f303593dd0bee5fdbdc05ef63066d59e1a5bf61b911bf6653c92bfb86e392?s=96&r=g&d=https:\/\/www.elase.com.br\/blog\/wp-content\/plugins\/userswp\/assets\/images\/no_profile.png\",\"caption\":\"Elase\"},\"url\":\"https:\/\/www.elase.com.br\/blog\/author\/roberta\/\"}]}<\/script>\n<!-- \/ Yoast SEO plugin. -->","yoast_head_json":{"title":"Atleta formado na ELASE, Rhuan Zanotto, destaca-se no Joinville","description":"Nesse sentido, o jovem atleta Rhuan Zanotto Martins, 19 anos, \u00e9 mais um exemplo do trabalho desenvolvido pelo clube.","robots":{"index":"index","follow":"follow","max-snippet":"max-snippet:-1","max-image-preview":"max-image-preview:large","max-video-preview":"max-video-preview:-1"},"canonical":"https:\/\/www.elase.com.br\/blog\/atleta-formado-na-elase-rhuan-zanotto-destaca-se-no-joinville\/","og_locale":"pt_BR","og_type":"article","og_title":"Atleta formado na ELASE, Rhuan Zanotto, destaca-se no Joinville","og_description":"Nesse sentido, o jovem atleta Rhuan Zanotto Martins, 19 anos, \u00e9 mais um exemplo do trabalho desenvolvido pelo clube.","og_url":"https:\/\/www.elase.com.br\/blog\/atleta-formado-na-elase-rhuan-zanotto-destaca-se-no-joinville\/","og_site_name":"Blog da ELASE","article_published_time":"2021-11-18T15:00:17+00:00","article_modified_time":"2021-11-22T19:31:32+00:00","og_image":[{"width":2560,"height":1215,"url":"https:\/\/www.elase.com.br\/blog\/wp-content\/uploads\/sites\/2\/2021\/11\/Blog-Elase-atleta.jpg","type":"image\/jpeg"}],"author":"Elase","twitter_card":"summary_large_image","twitter_misc":{"Escrito por":"Elase","Est. tempo de leitura":"4 minutos"},"schema":{"@context":"https:\/\/schema.org","@graph":[{"@type":"WebPage","@id":"https:\/\/www.elase.com.br\/blog\/atleta-formado-na-elase-rhuan-zanotto-destaca-se-no-joinville\/","url":"https:\/\/www.elase.com.br\/blog\/atleta-formado-na-elase-rhuan-zanotto-destaca-se-no-joinville\/","name":"Atleta formado na ELASE, Rhuan Zanotto, destaca-se no Joinville","isPartOf":{"@id":"https:\/\/www.elase.com.br\/blog\/#website"},"primaryImageOfPage":{"@id":"https:\/\/www.elase.com.br\/blog\/atleta-formado-na-elase-rhuan-zanotto-destaca-se-no-joinville\/#primaryimage"},"image":{"@id":"https:\/\/www.elase.com.br\/blog\/atleta-formado-na-elase-rhuan-zanotto-destaca-se-no-joinville\/#primaryimage"},"thumbnailUrl":"https:\/\/www.elase.com.br\/blog\/wp-content\/uploads\/sites\/2\/2021\/11\/Blog-Elase-atleta.jpg","datePublished":"2021-11-18T15:00:17+00:00","dateModified":"2021-11-22T19:31:32+00:00","author":{"@id":"https:\/\/www.elase.com.br\/blog\/#\/schema\/person\/c5648edcd86e91cabc5f62555421edce"},"description":"Nesse sentido, o jovem atleta Rhuan Zanotto Martins, 19 anos, \u00e9 mais um exemplo do trabalho desenvolvido pelo clube.","breadcrumb":{"@id":"https:\/\/www.elase.com.br\/blog\/atleta-formado-na-elase-rhuan-zanotto-destaca-se-no-joinville\/#breadcrumb"},"inLanguage":"pt-BR","potentialAction":[{"@type":"ReadAction","target":["https:\/\/www.elase.com.br\/blog\/atleta-formado-na-elase-rhuan-zanotto-destaca-se-no-joinville\/"]}]},{"@type":"ImageObject","inLanguage":"pt-BR","@id":"https:\/\/www.elase.com.br\/blog\/atleta-formado-na-elase-rhuan-zanotto-destaca-se-no-joinville\/#primaryimage","url":"https:\/\/www.elase.com.br\/blog\/wp-content\/uploads\/sites\/2\/2021\/11\/Blog-Elase-atleta.jpg","contentUrl":"https:\/\/www.elase.com.br\/blog\/wp-content\/uploads\/sites\/2\/2021\/11\/Blog-Elase-atleta.jpg","width":2560,"height":1215},{"@type":"BreadcrumbList","@id":"https:\/\/www.elase.com.br\/blog\/atleta-formado-na-elase-rhuan-zanotto-destaca-se-no-joinville\/#breadcrumb","itemListElement":[{"@type":"ListItem","position":1,"name":"In\u00edcio","item":"https:\/\/www.elase.com.br\/blog\/"},{"@type":"ListItem","position":2,"name":"Atleta formado na ELASE, Rhuan Zanotto, destaca-se no Joinville"}]},{"@type":"WebSite","@id":"https:\/\/www.elase.com.br\/blog\/#website","url":"https:\/\/www.elase.com.br\/blog\/","name":"Blog da ELASE","description":"","potentialAction":[{"@type":"SearchAction","target":{"@type":"EntryPoint","urlTemplate":"https:\/\/www.elase.com.br\/blog\/?s={search_term_string}"},"query-input":{"@type":"PropertyValueSpecification","valueRequired":true,"valueName":"search_term_string"}}],"inLanguage":"pt-BR"},{"@type":"Person","@id":"https:\/\/www.elase.com.br\/blog\/#\/schema\/person\/c5648edcd86e91cabc5f62555421edce","name":"Elase","image":{"@type":"ImageObject","inLanguage":"pt-BR","@id":"https:\/\/www.elase.com.br\/blog\/#\/schema\/person\/image\/","url":"https:\/\/secure.gravatar.com\/avatar\/e04f303593dd0bee5fdbdc05ef63066d59e1a5bf61b911bf6653c92bfb86e392?s=96&r=g&d=https:\/\/www.elase.com.br\/blog\/wp-content\/plugins\/userswp\/assets\/images\/no_profile.png","contentUrl":"https:\/\/secure.gravatar.com\/avatar\/e04f303593dd0bee5fdbdc05ef63066d59e1a5bf61b911bf6653c92bfb86e392?s=96&r=g&d=https:\/\/www.elase.com.br\/blog\/wp-content\/plugins\/userswp\/assets\/images\/no_profile.png","caption":"Elase"},"url":"https:\/\/www.elase.com.br\/blog\/author\/roberta\/"}]}},"publishpress_future_action":{"enabled":false,"date":"2026-05-06 04:55:50","action":"change-status","newStatus":"draft","terms":[],"taxonomy":"category","extraData":[]},"publishpress_future_workflow_manual_trigger":{"enabledWorkflows":[]},"_links":{"self":[{"href":"https:\/\/www.elase.com.br\/blog\/wp-json\/wp\/v2\/posts\/896","targetHints":{"allow":["GET"]}}],"collection":[{"href":"https:\/\/www.elase.com.br\/blog\/wp-json\/wp\/v2\/posts"}],"about":[{"href":"https:\/\/www.elase.com.br\/blog\/wp-json\/wp\/v2\/types\/post"}],"author":[{"embeddable":true,"href":"https:\/\/www.elase.com.br\/blog\/wp-json\/wp\/v2\/users\/7"}],"replies":[{"embeddable":true,"href":"https:\/\/www.elase.com.br\/blog\/wp-json\/wp\/v2\/comments?post=896"}],"version-history":[{"count":4,"href":"https:\/\/www.elase.com.br\/blog\/wp-json\/wp\/v2\/posts\/896\/revisions"}],"predecessor-version":[{"id":900,"href":"https:\/\/www.elase.com.br\/blog\/wp-json\/wp\/v2\/posts\/896\/revisions\/900"}],"wp:featuredmedia":[{"embeddable":true,"href":"https:\/\/www.elase.com.br\/blog\/wp-json\/wp\/v2\/media\/897"}],"wp:attachment":[{"href":"https:\/\/www.elase.com.br\/blog\/wp-json\/wp\/v2\/media?parent=896"}],"wp:term":[{"taxonomy":"category","embeddable":true,"href":"https:\/\/www.elase.com.br\/blog\/wp-json\/wp\/v2\/categories?post=896"},{"taxonomy":"post_tag","embeddable":true,"href":"https:\/\/www.elase.com.br\/blog\/wp-json\/wp\/v2\/tags?post=896"}],"curies":[{"name":"wp","href":"https:\/\/api.w.org\/{rel}","templated":true}]}}