{"id":806,"date":"2021-02-26T09:00:50","date_gmt":"2021-02-26T12:00:50","guid":{"rendered":"https:\/\/www.elase.com.br\/blog\/?p=806"},"modified":"2021-03-01T18:47:07","modified_gmt":"2021-03-01T21:47:07","slug":"atletas-da-elase-da-formacao-a-profissionalizacao-no-cenario-esportivo","status":"publish","type":"post","link":"https:\/\/www.elase.com.br\/blog\/atletas-da-elase-da-formacao-a-profissionalizacao-no-cenario-esportivo\/","title":{"rendered":"Atletas da ELASE: da forma\u00e7\u00e3o \u00e0 profissionaliza\u00e7\u00e3o no cen\u00e1rio esportivo"},"content":{"rendered":"<p><span style=\"font-weight: 400;\">Em meados de 2020, o ex-tenista Pat Cash, campe\u00e3o do Torneio de Wimbledon de 1987, convidou o catarinense Lucca Nesi para aperfei\u00e7oar os treinos em sua pr\u00f3pria academia em Londres. Lucca tinha 15 anos quando se mudou para a capital do Reino Unido. Ao longo do mesmo ano, o jogador Mateus Bender foi transferido para a equipe de v\u00f4lei do Sesi SP e\u00a0 Gabriel Mendes para o time do Flamengo, ambos para disputarem a Superliga de V\u00f4lei. J\u00e1 no fim do mesmo 2020, Bernardo Adam Tozzo Alfredo foi convocado para a sele\u00e7\u00e3o brasileira de voleibol sub-19, mais ou menos na mesma \u00e9poca que a equipe sub-12 de futebol de sal\u00e3o conquistou a Copa Palho\u00e7a de Futsal. J\u00e1 o tenista Nelson German tinha mais de 65 anos quando alcan\u00e7ou o t\u00edtulo internacional de campe\u00e3o do Torneio International Senior e a 1\u00aa coloca\u00e7\u00e3o no ranking nacional da Confedera\u00e7\u00e3o Brasileira de T\u00eanis. \u00c9 muito f\u00e1cil de perceber como os atletas da ELASE v\u00eam ultrapassando as fronteiras do Estado e sendo reconhecidos em todo o mundo. E estes s\u00e3o apenas alguns exemplos.<\/span><\/p>\n<p><span style=\"font-weight: 400;\">Sub-10, adultos em geral e idosos com mais de 65 anos. No t\u00eanis, no t\u00eanis de mesa, no voleibol, no v\u00f4lei de praia e no futsal. N\u00e3o importa a idade, nem o esporte: a ELASE possui tradi\u00e7\u00e3o na forma\u00e7\u00e3o e desenvolvimento de atletas de todas as categorias. Somente em 2020, mais de 100 atletas ou grupo de atletas tiveram destaque nas competi\u00e7\u00f5es que disputaram. Em 2021, j\u00e1 s\u00e3o quase 20 t\u00edtulos somados apenas nos dois primeiros meses do ano.\u00a0<\/span><\/p>\n<p><span style=\"font-weight: 400;\">Resultados assim n\u00e3o v\u00eam por acaso. Por tr\u00e1s de cada medalha e de cada p\u00f3dium, tem muito treino, muita dedica\u00e7\u00e3o, muito foco e muito sacrif\u00edcio. Mas \u00e9 isso que faz da ELASE uma refer\u00eancia no cen\u00e1rio desportivo de Santa Catarina. S\u00e3o todas essas conquistas que refor\u00e7am, cada vez mais, a excel\u00eancia do clube no treinamento e desenvolvimento dos seus atletas.\u00a0<\/span><\/p>\n<p><span style=\"font-weight: 400;\">Afinal, sempre h\u00e1 algu\u00e9m se destacando no cen\u00e1rio esportivo, ganhando alguma competi\u00e7\u00e3o ou sendo convocado para sele\u00e7\u00f5es estaduais ou nacionais da sua modalidade.\u00a0<\/span><\/p>\n<h3><strong>Como s\u00e3o os treinos dos atletas da ELASE<\/strong><\/h3>\n<p><span style=\"font-weight: 400;\">Duas quest\u00f5es precisam ser levadas em considera\u00e7\u00e3o por aqueles que pretendem se dedicar e se destacar em um esporte: a aptid\u00e3o para a pr\u00e1tica do desporto escolhido e o treinamento regular e adequado.\u00a0<\/span><\/p>\n<p><span style=\"font-weight: 400;\">Os treinamentos dos atletas da ELASE seguem \u00e0 risca esses par\u00e2metros. A rotina de aulas costuma respeitar o n\u00edvel de desenvolvimento t\u00e9cnico, atl\u00e9tico, desportivo e de idade de cada um. Assim, quanto mais desenvolvida a pessoa estiver, maior ser\u00e1 o volume e a intensidade do treino, com aumento proporcional.\u00a0<\/span><\/p>\n<p><span style=\"font-weight: 400;\">Al\u00e9m disso, a amplia\u00e7\u00e3o nos treinos t\u00e1ticos tamb\u00e9m pode acontecer de acordo com o calend\u00e1rio de competi\u00e7\u00f5es. Dentro do per\u00edodo que antecede o evento, os treinadores adequam a melhor maneira de fazer com que os atletas da ELASE consigam atingir a performance t\u00e9cnica, t\u00e1tica e f\u00edsica ideal. Portanto, quanto mais distante estiver a competi\u00e7\u00e3o, maior ser\u00e1 o volume de treinos t\u00e9cnicos. E maior ser\u00e1 o aumento da intensidade dos treinos na reta final de prepara\u00e7\u00e3o com a aproxima\u00e7\u00e3o da data.<\/span><\/p>\n<p><span style=\"font-weight: 400;\">A ELASE, no entanto, n\u00e3o se limita somente aos treinamentos de performance. O clube tamb\u00e9m disp\u00f5e de professores especializados em outras modalidades, como nata\u00e7\u00e3o, basquete e jud\u00f4, por exemplo, para ajudar na forma\u00e7\u00e3o e orienta\u00e7\u00e3o de pessoas em qualquer n\u00edvel de rendimento.\u00a0<\/span><\/p>\n<p><span style=\"font-weight: 400;\">Ent\u00e3o, se voc\u00ea tem interesse em aprender ou se desenvolver em um esporte, n\u00e3o deixe de fazer parte dos grupos de atletas da ELASE! Venha experimentar os nossos treinos e conhecer as nossas instala\u00e7\u00f5es!<\/span><\/p>\n","protected":false},"excerpt":{"rendered":"<p>Em meados de 2020, o ex-tenista Pat Cash, campe\u00e3o do Torneio de Wimbledon de 1987, convidou o catarinense Lucca Nesi para aperfei\u00e7oar [&hellip;]<\/p>\n","protected":false},"author":7,"featured_media":807,"comment_status":"closed","ping_status":"closed","sticky":false,"template":"","format":"standard","meta":{"footnotes":"","_links_to":"","_links_to_target":""},"categories":[8],"tags":[],"class_list":["post-806","post","type-post","status-publish","format-standard","has-post-thumbnail","hentry","category-elase"],"yoast_head":"<!-- This site is optimized with the Yoast SEO plugin v26.1.1 - https:\/\/yoast.com\/wordpress\/plugins\/seo\/ -->\n<title>Atletas da ELASE: da forma\u00e7\u00e3o \u00e0 profissionaliza\u00e7\u00e3o no cen\u00e1rio esportivo<\/title>\n<meta name=\"description\" content=\"\u00c9 muito f\u00e1cil de perceber como os atletas da ELASE v\u00eam ultrapassando as fronteiras do Estado e sendo reconhecidos em todo o mundo.\" \/>\n<meta name=\"robots\" content=\"index, follow, max-snippet:-1, max-image-preview:large, max-video-preview:-1\" \/>\n<link rel=\"canonical\" href=\"https:\/\/www.elase.com.br\/blog\/atletas-da-elase-da-formacao-a-profissionalizacao-no-cenario-esportivo\/\" \/>\n<meta property=\"og:locale\" content=\"pt_BR\" \/>\n<meta property=\"og:type\" content=\"article\" \/>\n<meta property=\"og:title\" content=\"Atletas da ELASE: da forma\u00e7\u00e3o \u00e0 profissionaliza\u00e7\u00e3o no cen\u00e1rio esportivo\" \/>\n<meta property=\"og:description\" content=\"\u00c9 muito f\u00e1cil de perceber como os atletas da ELASE v\u00eam ultrapassando as fronteiras do Estado e sendo reconhecidos em todo o mundo.\" \/>\n<meta property=\"og:url\" content=\"https:\/\/www.elase.com.br\/blog\/atletas-da-elase-da-formacao-a-profissionalizacao-no-cenario-esportivo\/\" \/>\n<meta property=\"og:site_name\" content=\"Blog da ELASE\" \/>\n<meta property=\"article:published_time\" content=\"2021-02-26T12:00:50+00:00\" \/>\n<meta property=\"article:modified_time\" content=\"2021-03-01T21:47:07+00:00\" \/>\n<meta property=\"og:image\" content=\"https:\/\/www.elase.com.br\/blog\/wp-content\/uploads\/sites\/2\/2021\/03\/Elase-blog-atletas_capa.jpg\" \/>\n\t<meta property=\"og:image:width\" content=\"1501\" \/>\n\t<meta property=\"og:image:height\" content=\"772\" \/>\n\t<meta property=\"og:image:type\" content=\"image\/jpeg\" \/>\n<meta name=\"author\" content=\"Elase\" \/>\n<meta name=\"twitter:card\" content=\"summary_large_image\" \/>\n<meta name=\"twitter:label1\" content=\"Escrito por\" \/>\n\t<meta name=\"twitter:data1\" content=\"Elase\" \/>\n\t<meta name=\"twitter:label2\" content=\"Est. tempo de leitura\" \/>\n\t<meta name=\"twitter:data2\" content=\"3 minutos\" \/>\n<script type=\"application\/ld+json\" class=\"yoast-schema-graph\">{\"@context\":\"https:\/\/schema.org\",\"@graph\":[{\"@type\":\"WebPage\",\"@id\":\"https:\/\/www.elase.com.br\/blog\/atletas-da-elase-da-formacao-a-profissionalizacao-no-cenario-esportivo\/\",\"url\":\"https:\/\/www.elase.com.br\/blog\/atletas-da-elase-da-formacao-a-profissionalizacao-no-cenario-esportivo\/\",\"name\":\"Atletas da ELASE: da forma\u00e7\u00e3o \u00e0 profissionaliza\u00e7\u00e3o no cen\u00e1rio esportivo\",\"isPartOf\":{\"@id\":\"https:\/\/www.elase.com.br\/blog\/#website\"},\"primaryImageOfPage\":{\"@id\":\"https:\/\/www.elase.com.br\/blog\/atletas-da-elase-da-formacao-a-profissionalizacao-no-cenario-esportivo\/#primaryimage\"},\"image\":{\"@id\":\"https:\/\/www.elase.com.br\/blog\/atletas-da-elase-da-formacao-a-profissionalizacao-no-cenario-esportivo\/#primaryimage\"},\"thumbnailUrl\":\"https:\/\/www.elase.com.br\/blog\/wp-content\/uploads\/sites\/2\/2021\/03\/Elase-blog-atletas_capa.jpg\",\"datePublished\":\"2021-02-26T12:00:50+00:00\",\"dateModified\":\"2021-03-01T21:47:07+00:00\",\"author\":{\"@id\":\"https:\/\/www.elase.com.br\/blog\/#\/schema\/person\/c5648edcd86e91cabc5f62555421edce\"},\"description\":\"\u00c9 muito f\u00e1cil de perceber como os atletas da ELASE v\u00eam ultrapassando as fronteiras do Estado e sendo reconhecidos em todo o mundo.\",\"breadcrumb\":{\"@id\":\"https:\/\/www.elase.com.br\/blog\/atletas-da-elase-da-formacao-a-profissionalizacao-no-cenario-esportivo\/#breadcrumb\"},\"inLanguage\":\"pt-BR\",\"potentialAction\":[{\"@type\":\"ReadAction\",\"target\":[\"https:\/\/www.elase.com.br\/blog\/atletas-da-elase-da-formacao-a-profissionalizacao-no-cenario-esportivo\/\"]}]},{\"@type\":\"ImageObject\",\"inLanguage\":\"pt-BR\",\"@id\":\"https:\/\/www.elase.com.br\/blog\/atletas-da-elase-da-formacao-a-profissionalizacao-no-cenario-esportivo\/#primaryimage\",\"url\":\"https:\/\/www.elase.com.br\/blog\/wp-content\/uploads\/sites\/2\/2021\/03\/Elase-blog-atletas_capa.jpg\",\"contentUrl\":\"https:\/\/www.elase.com.br\/blog\/wp-content\/uploads\/sites\/2\/2021\/03\/Elase-blog-atletas_capa.jpg\",\"width\":1501,\"height\":772},{\"@type\":\"BreadcrumbList\",\"@id\":\"https:\/\/www.elase.com.br\/blog\/atletas-da-elase-da-formacao-a-profissionalizacao-no-cenario-esportivo\/#breadcrumb\",\"itemListElement\":[{\"@type\":\"ListItem\",\"position\":1,\"name\":\"In\u00edcio\",\"item\":\"https:\/\/www.elase.com.br\/blog\/\"},{\"@type\":\"ListItem\",\"position\":2,\"name\":\"Atletas da ELASE: da forma\u00e7\u00e3o \u00e0 profissionaliza\u00e7\u00e3o no cen\u00e1rio esportivo\"}]},{\"@type\":\"WebSite\",\"@id\":\"https:\/\/www.elase.com.br\/blog\/#website\",\"url\":\"https:\/\/www.elase.com.br\/blog\/\",\"name\":\"Blog da ELASE\",\"description\":\"\",\"potentialAction\":[{\"@type\":\"SearchAction\",\"target\":{\"@type\":\"EntryPoint\",\"urlTemplate\":\"https:\/\/www.elase.com.br\/blog\/?s={search_term_string}\"},\"query-input\":{\"@type\":\"PropertyValueSpecification\",\"valueRequired\":true,\"valueName\":\"search_term_string\"}}],\"inLanguage\":\"pt-BR\"},{\"@type\":\"Person\",\"@id\":\"https:\/\/www.elase.com.br\/blog\/#\/schema\/person\/c5648edcd86e91cabc5f62555421edce\",\"name\":\"Elase\",\"image\":{\"@type\":\"ImageObject\",\"inLanguage\":\"pt-BR\",\"@id\":\"https:\/\/www.elase.com.br\/blog\/#\/schema\/person\/image\/\",\"url\":\"https:\/\/secure.gravatar.com\/avatar\/e04f303593dd0bee5fdbdc05ef63066d59e1a5bf61b911bf6653c92bfb86e392?s=96&r=g&d=https:\/\/www.elase.com.br\/blog\/wp-content\/plugins\/userswp\/assets\/images\/no_profile.png\",\"contentUrl\":\"https:\/\/secure.gravatar.com\/avatar\/e04f303593dd0bee5fdbdc05ef63066d59e1a5bf61b911bf6653c92bfb86e392?s=96&r=g&d=https:\/\/www.elase.com.br\/blog\/wp-content\/plugins\/userswp\/assets\/images\/no_profile.png\",\"caption\":\"Elase\"},\"url\":\"https:\/\/www.elase.com.br\/blog\/author\/roberta\/\"}]}<\/script>\n<!-- \/ Yoast SEO plugin. -->","yoast_head_json":{"title":"Atletas da ELASE: da forma\u00e7\u00e3o \u00e0 profissionaliza\u00e7\u00e3o no cen\u00e1rio esportivo","description":"\u00c9 muito f\u00e1cil de perceber como os atletas da ELASE v\u00eam ultrapassando as fronteiras do Estado e sendo reconhecidos em todo o mundo.","robots":{"index":"index","follow":"follow","max-snippet":"max-snippet:-1","max-image-preview":"max-image-preview:large","max-video-preview":"max-video-preview:-1"},"canonical":"https:\/\/www.elase.com.br\/blog\/atletas-da-elase-da-formacao-a-profissionalizacao-no-cenario-esportivo\/","og_locale":"pt_BR","og_type":"article","og_title":"Atletas da ELASE: da forma\u00e7\u00e3o \u00e0 profissionaliza\u00e7\u00e3o no cen\u00e1rio esportivo","og_description":"\u00c9 muito f\u00e1cil de perceber como os atletas da ELASE v\u00eam ultrapassando as fronteiras do Estado e sendo reconhecidos em todo o mundo.","og_url":"https:\/\/www.elase.com.br\/blog\/atletas-da-elase-da-formacao-a-profissionalizacao-no-cenario-esportivo\/","og_site_name":"Blog da ELASE","article_published_time":"2021-02-26T12:00:50+00:00","article_modified_time":"2021-03-01T21:47:07+00:00","og_image":[{"width":1501,"height":772,"url":"https:\/\/www.elase.com.br\/blog\/wp-content\/uploads\/sites\/2\/2021\/03\/Elase-blog-atletas_capa.jpg","type":"image\/jpeg"}],"author":"Elase","twitter_card":"summary_large_image","twitter_misc":{"Escrito por":"Elase","Est. tempo de leitura":"3 minutos"},"schema":{"@context":"https:\/\/schema.org","@graph":[{"@type":"WebPage","@id":"https:\/\/www.elase.com.br\/blog\/atletas-da-elase-da-formacao-a-profissionalizacao-no-cenario-esportivo\/","url":"https:\/\/www.elase.com.br\/blog\/atletas-da-elase-da-formacao-a-profissionalizacao-no-cenario-esportivo\/","name":"Atletas da ELASE: da forma\u00e7\u00e3o \u00e0 profissionaliza\u00e7\u00e3o no cen\u00e1rio esportivo","isPartOf":{"@id":"https:\/\/www.elase.com.br\/blog\/#website"},"primaryImageOfPage":{"@id":"https:\/\/www.elase.com.br\/blog\/atletas-da-elase-da-formacao-a-profissionalizacao-no-cenario-esportivo\/#primaryimage"},"image":{"@id":"https:\/\/www.elase.com.br\/blog\/atletas-da-elase-da-formacao-a-profissionalizacao-no-cenario-esportivo\/#primaryimage"},"thumbnailUrl":"https:\/\/www.elase.com.br\/blog\/wp-content\/uploads\/sites\/2\/2021\/03\/Elase-blog-atletas_capa.jpg","datePublished":"2021-02-26T12:00:50+00:00","dateModified":"2021-03-01T21:47:07+00:00","author":{"@id":"https:\/\/www.elase.com.br\/blog\/#\/schema\/person\/c5648edcd86e91cabc5f62555421edce"},"description":"\u00c9 muito f\u00e1cil de perceber como os atletas da ELASE v\u00eam ultrapassando as fronteiras do Estado e sendo reconhecidos em todo o mundo.","breadcrumb":{"@id":"https:\/\/www.elase.com.br\/blog\/atletas-da-elase-da-formacao-a-profissionalizacao-no-cenario-esportivo\/#breadcrumb"},"inLanguage":"pt-BR","potentialAction":[{"@type":"ReadAction","target":["https:\/\/www.elase.com.br\/blog\/atletas-da-elase-da-formacao-a-profissionalizacao-no-cenario-esportivo\/"]}]},{"@type":"ImageObject","inLanguage":"pt-BR","@id":"https:\/\/www.elase.com.br\/blog\/atletas-da-elase-da-formacao-a-profissionalizacao-no-cenario-esportivo\/#primaryimage","url":"https:\/\/www.elase.com.br\/blog\/wp-content\/uploads\/sites\/2\/2021\/03\/Elase-blog-atletas_capa.jpg","contentUrl":"https:\/\/www.elase.com.br\/blog\/wp-content\/uploads\/sites\/2\/2021\/03\/Elase-blog-atletas_capa.jpg","width":1501,"height":772},{"@type":"BreadcrumbList","@id":"https:\/\/www.elase.com.br\/blog\/atletas-da-elase-da-formacao-a-profissionalizacao-no-cenario-esportivo\/#breadcrumb","itemListElement":[{"@type":"ListItem","position":1,"name":"In\u00edcio","item":"https:\/\/www.elase.com.br\/blog\/"},{"@type":"ListItem","position":2,"name":"Atletas da ELASE: da forma\u00e7\u00e3o \u00e0 profissionaliza\u00e7\u00e3o no cen\u00e1rio esportivo"}]},{"@type":"WebSite","@id":"https:\/\/www.elase.com.br\/blog\/#website","url":"https:\/\/www.elase.com.br\/blog\/","name":"Blog da ELASE","description":"","potentialAction":[{"@type":"SearchAction","target":{"@type":"EntryPoint","urlTemplate":"https:\/\/www.elase.com.br\/blog\/?s={search_term_string}"},"query-input":{"@type":"PropertyValueSpecification","valueRequired":true,"valueName":"search_term_string"}}],"inLanguage":"pt-BR"},{"@type":"Person","@id":"https:\/\/www.elase.com.br\/blog\/#\/schema\/person\/c5648edcd86e91cabc5f62555421edce","name":"Elase","image":{"@type":"ImageObject","inLanguage":"pt-BR","@id":"https:\/\/www.elase.com.br\/blog\/#\/schema\/person\/image\/","url":"https:\/\/secure.gravatar.com\/avatar\/e04f303593dd0bee5fdbdc05ef63066d59e1a5bf61b911bf6653c92bfb86e392?s=96&r=g&d=https:\/\/www.elase.com.br\/blog\/wp-content\/plugins\/userswp\/assets\/images\/no_profile.png","contentUrl":"https:\/\/secure.gravatar.com\/avatar\/e04f303593dd0bee5fdbdc05ef63066d59e1a5bf61b911bf6653c92bfb86e392?s=96&r=g&d=https:\/\/www.elase.com.br\/blog\/wp-content\/plugins\/userswp\/assets\/images\/no_profile.png","caption":"Elase"},"url":"https:\/\/www.elase.com.br\/blog\/author\/roberta\/"}]}},"publishpress_future_action":{"enabled":false,"date":"2026-05-06 04:55:50","action":"change-status","newStatus":"draft","terms":[],"taxonomy":"category","extraData":[]},"publishpress_future_workflow_manual_trigger":{"enabledWorkflows":[]},"_links":{"self":[{"href":"https:\/\/www.elase.com.br\/blog\/wp-json\/wp\/v2\/posts\/806","targetHints":{"allow":["GET"]}}],"collection":[{"href":"https:\/\/www.elase.com.br\/blog\/wp-json\/wp\/v2\/posts"}],"about":[{"href":"https:\/\/www.elase.com.br\/blog\/wp-json\/wp\/v2\/types\/post"}],"author":[{"embeddable":true,"href":"https:\/\/www.elase.com.br\/blog\/wp-json\/wp\/v2\/users\/7"}],"replies":[{"embeddable":true,"href":"https:\/\/www.elase.com.br\/blog\/wp-json\/wp\/v2\/comments?post=806"}],"version-history":[{"count":1,"href":"https:\/\/www.elase.com.br\/blog\/wp-json\/wp\/v2\/posts\/806\/revisions"}],"predecessor-version":[{"id":808,"href":"https:\/\/www.elase.com.br\/blog\/wp-json\/wp\/v2\/posts\/806\/revisions\/808"}],"wp:featuredmedia":[{"embeddable":true,"href":"https:\/\/www.elase.com.br\/blog\/wp-json\/wp\/v2\/media\/807"}],"wp:attachment":[{"href":"https:\/\/www.elase.com.br\/blog\/wp-json\/wp\/v2\/media?parent=806"}],"wp:term":[{"taxonomy":"category","embeddable":true,"href":"https:\/\/www.elase.com.br\/blog\/wp-json\/wp\/v2\/categories?post=806"},{"taxonomy":"post_tag","embeddable":true,"href":"https:\/\/www.elase.com.br\/blog\/wp-json\/wp\/v2\/tags?post=806"}],"curies":[{"name":"wp","href":"https:\/\/api.w.org\/{rel}","templated":true}]}}