{"id":780,"date":"2020-12-18T09:00:19","date_gmt":"2020-12-18T12:00:19","guid":{"rendered":"https:\/\/www.elase.com.br\/blog\/?p=780"},"modified":"2020-12-31T07:45:07","modified_gmt":"2020-12-31T10:45:07","slug":"parque-aquatico-da-elase-esporte-e-lazer-para-associados-e-dependentes","status":"publish","type":"post","link":"https:\/\/www.elase.com.br\/blog\/parque-aquatico-da-elase-esporte-e-lazer-para-associados-e-dependentes\/","title":{"rendered":"Parque Aqu\u00e1tico da ELASE: esporte e lazer para associados e dependentes"},"content":{"rendered":"<p><span style=\"font-weight: 400;\">O Parque Aqu\u00e1tico W\u00e1lmore Pereira Siqueira, da ELASE, \u00e9, sem d\u00favida, um dos lugares preferidos dos s\u00f3cios e dependentes do clube. E, no ver\u00e3o, a procura pelas piscinas do clube aumentam.\u00a0<\/span><\/p>\n<p><span style=\"font-weight: 400;\">A variedade de piscinas e de atividades desenvolvidas no complexo, assim como os cuidados com a qualidade da \u00e1gua s\u00e3o diferenciais que fazem da ELASE uma refer\u00eancia da nata\u00e7\u00e3o em Florian\u00f3polis.<\/span><\/p>\n<h3><b>Complexo possui diferentes tamanhos de piscinas<\/b><\/h3>\n<p><span style=\"font-weight: 400;\">O Parque Aqu\u00e1tico W\u00e1lmore Pereira Siqueira foi planejado para oferecer atividades para adultos e crian\u00e7as, por isso possui piscina m\u00e9dia (para hidrogin\u00e1stica e recrea\u00e7\u00e3o), piscina semiol\u00edmpica, piscina para recrea\u00e7\u00e3o e piscina para beb\u00eas. Elas possuem as seguintes caracter\u00edsticas:<\/span><\/p>\n<p><span style=\"font-weight: 400;\">Piscina m\u00e9dia (com aquecimento): Com dimens\u00f5es de 12,5m largura x 12,5m comprimento x 1,63m, profundidade = 229,68 m\u00b3, temperatura m\u00ednima aceit\u00e1vel de 29 \u00b0C e tratamento de cloro granulado, nessa piscina s\u00e3o desenvolvidas as atividades de hidrogin\u00e1stica, adapta\u00e7\u00e3o \u00e0s piscinas e nata\u00e7\u00e3o adulto e infantil. Tamb\u00e9m atende aos associados que frequentam para recrea\u00e7\u00e3o e lazer.<\/span><\/p>\n<p><span style=\"font-weight: 400;\">Piscina semiol\u00edmpica coberta (com aquecimento): Suas dimens\u00f5es s\u00e3o 25m de comprimento x 12,5m de largura e 1,35m a 2,35m de profundidade = 578,12m\u00b3, e sua temperatura m\u00ednima \u00e9 de 28 \u00b0C. Essa piscina recebe tratamento de cloro granulado e \u00e9 composta por seis raias utilizadas para nata\u00e7\u00e3o (nos hor\u00e1rios das aulas, no m\u00ednimo tr\u00eas raias ficam dispon\u00edveis aos s\u00f3cios que desejam praticar o esporte).<\/span><\/p>\n<p><span style=\"font-weight: 400;\">Piscina de recrea\u00e7\u00e3o externa (sem aquecimento): Com uso exclusivo para o lazer, a piscina externa tem 4,90m de largura, maior profundidade de 1,80 m e menor profundidade de 1,20 m, com tratamento de \u00e1gua \u00e0 base de cloro granulado. Seu projeto \u00e9 moderno e conta com cortina d\u2019\u00e1gua, passarela com ilumina\u00e7\u00e3o em fibra \u00f3tica e LED e corrim\u00e3o de inox com vidro temperado.<\/span><\/p>\n<p><span style=\"font-weight: 400;\">Piscina de recrea\u00e7\u00e3o externa para beb\u00eas (sem aquecimento): Com tratamento de cloro granulado e temperatura ambiente, tem como medidas 4m de comprimento x 3m de largura e 20cm de profundidade, sendo indicada para a divers\u00e3o de beb\u00eas e crian\u00e7as de cerca de dois anos. Recomenda-se o uso de fralda espec\u00edfica durante a perman\u00eancia na piscina.\u00a0<\/span><\/p>\n<p><span style=\"font-weight: 400;\">Al\u00e9m das piscinas, o Parque Aqu\u00e1tico W\u00e1lmore Pereira Siqueira oferece estrutura completa com vesti\u00e1rios feminino e masculino e vesti\u00e1rio adaptado para pessoas com defici\u00eancia.<\/span><\/p>\n<h3><b>CUIDADOS COM RELA\u00c7\u00c3O \u00c0 SEGURAN\u00c7A NA \u00c1REA DAS PISCINAS<\/b><\/h3>\n<p><span style=\"font-weight: 400;\">A idade m\u00ednima para que crian\u00e7as acessem e permane\u00e7am sozinhas nas depend\u00eancias do Parque Aqu\u00e1tico da ELASE \u00e9 de oito anos. Antes dessa idade, as crian\u00e7as devem ser acompanhadas pelos pais ou respons\u00e1veis.\u00a0<\/span><\/p>\n<p><span style=\"font-weight: 400;\">O controle de entrada nas piscinas \u00e9 biom\u00e9trico e, nesse processo, \u00e9 verificada a validade do exame m\u00e9dico do associado.<\/span><\/p>\n<p><span style=\"font-weight: 400;\">Dois funcion\u00e1rios ficam em vigil\u00e2ncia constantemente, para coibir atividades \/ brincadeiras que possam significar risco aos demais usu\u00e1rios. Esses funcion\u00e1rios possuem cursos de primeiros-socorros e s\u00e3o capazes de realizar pequenos atendimentos emergenciais ou solicitar socorro adequado quando necess\u00e1rio.<\/span><\/p>\n<p><span style=\"font-weight: 400;\">A ELASE recomenda que os pais prestem aten\u00e7\u00e3o em seus filhos e que crian\u00e7as pequenas e\/ou que n\u00e3o saibam nadar fa\u00e7am uso de boias ou coletes salva-vidas durante a perman\u00eancia nas piscinas.<\/span><\/p>\n<p><span style=\"font-weight: 400;\">Leia mais: <\/span><a href=\"https:\/\/www.elase.com.br\/cursos\/esportes-aquaticos\/adaptacao-ao-meio-liquido\/\"><span style=\"font-weight: 400;\">Nata\u00e7\u00e3o infantil: a ELASE, em Florian\u00f3polis oferece esse esporte, que traz in\u00fameros benef\u00edcios a crian\u00e7as a partir de tr\u00eas anos<\/span><\/a><\/p>\n<h3><b>CUIDADOS COM RELA\u00c7\u00c3O AO COMBATE \u00c0 COVID-19<\/b><\/h3>\n<p><span style=\"font-weight: 400;\">O item 2 do Regimento Interno Provis\u00f3rio, de outubro de 2020, disp\u00f5e sobre as regras do uso das \u00e1reas das piscinas durante a vig\u00eancia do protocolo de seguran\u00e7a e higiene em fun\u00e7\u00e3o da pandemia causada pelo coronav\u00edrus.<\/span><\/p>\n<p><span style=\"font-weight: 400;\">Segundo o Regimento:<\/span><\/p>\n<p><span style=\"font-weight: 400;\">\u2013 \u00c9 obrigat\u00f3ria apresenta\u00e7\u00e3o da carteira social, o registro digital estar\u00e1 indispon\u00edvel;<\/span><\/p>\n<p><span style=\"font-weight: 400;\">\u2013 Ser\u00e1 realizado controle de entrada e sa\u00edda, exigido pela vigil\u00e2ncia sanit\u00e1ria;<\/span><\/p>\n<p><span style=\"font-weight: 400;\">\u2013 Ser\u00e1 necess\u00e1rio agendamento. O agendamento de hor\u00e1rios ser\u00e1 feito durante todo per\u00edodo de funcionamento da piscina atrav\u00e9s do telefone (48) 98469-1820, de forma a cumprir a exig\u00eancia de capacidade m\u00e1xima de 30% da instala\u00e7\u00e3o;<\/span><\/p>\n<p><span style=\"font-weight: 400;\">\u2013 \u00c9 obrigat\u00f3rio uso da ducha externa;<\/span><\/p>\n<p><span style=\"font-weight: 400;\">\u2013 \u00c9 obrigat\u00f3rio higienizar as m\u00e3os com \u00e1lcool gel 70%, antes de tocar escadas e bordas da piscina;<\/span><\/p>\n<p><span style=\"font-weight: 400;\">\u2013 \u00c9 obrigat\u00f3rio uso de chinelos;<\/span><\/p>\n<p><span style=\"font-weight: 400;\">\u2013 \u00c9 obrigat\u00f3rio uso de toalhas, de utiliza\u00e7\u00e3o pessoal, durante a atividade;<\/span><\/p>\n<p><span style=\"font-weight: 400;\">\u2013 Ser\u00e1 permitida a utiliza\u00e7\u00e3o de um associado por raia;<\/span><\/p>\n<p><span style=\"font-weight: 400;\">\u2013 Perman\u00eancia m\u00e1xima por 50 minutos;<\/span><\/p>\n<p><span style=\"font-weight: 400;\">\u2013 Utiliza\u00e7\u00e3o dos vesti\u00e1rios somente para troca de roupas molhadas por secas, respeitando-se o distanciamento entre pessoas;<\/span><\/p>\n<p><span style=\"font-weight: 400;\">\u2013 O associado dever\u00e1 trazer de casa a \u00e1gua para consumo pr\u00f3prio;<\/span><\/p>\n<p><span style=\"font-weight: 400;\">\u2013 Ap\u00f3s o t\u00e9rmino de cada utiliza\u00e7\u00e3o, ser\u00e3o higienizadas as escadas, bordas da piscina, torneiras, bacios e registros das duchas;<\/span><\/p>\n<p><span style=\"font-weight: 400;\">\u2013 Ser\u00e3o mantidas as portas abertas, para facilitar a ventila\u00e7\u00e3o do ambiente;<\/span><\/p>\n<p><span style=\"font-weight: 400;\">\u2013 O tratamento da \u00e1gua ser\u00e1 feito com hipoclorito de c\u00e1lcio 65% e controle do pH.<\/span><\/p>\n<p><strong>Hor\u00e1rio de funcionamento<\/strong><\/p>\n<p><span style=\"font-weight: 400;\">Segunda-feira, das 17h \u00e0s 21h;<\/span><\/p>\n<p><span style=\"font-weight: 400;\">Ter\u00e7a-feira a sexta-feira, das 6h \u00e0s 21h;<\/span><\/p>\n<p><span style=\"font-weight: 400;\">S\u00e1bado e domingo, das 8h \u00e0s 18h.<\/span><\/p>\n<p>&nbsp;<\/p>\n<p><span style=\"font-weight: 400;\">Leia o Regimento Interno Provis\u00f3rio na \u00edntegra. <\/span><a href=\"https:\/\/www.elase.com.br\/regimento-interno-provisorio\/\"><span style=\"font-weight: 400;\">Clique aqui<\/span><\/a><span style=\"font-weight: 400;\">.<\/span><\/p>\n<p>&nbsp;<\/p>\n<p><a href=\"https:\/\/www.elase.com.br\/instalacoes\/\"><img fetchpriority=\"high\" decoding=\"async\" class=\"aligncenter wp-image-781 size-full\" src=\"https:\/\/www.elase.com.br\/blog\/wp-content\/uploads\/sites\/2\/2020\/12\/Elase-blog-piscina_cta.jpg\" alt=\"\" width=\"600\" height=\"130\" srcset=\"https:\/\/www.elase.com.br\/blog\/wp-content\/uploads\/sites\/2\/2020\/12\/Elase-blog-piscina_cta.jpg 600w, https:\/\/www.elase.com.br\/blog\/wp-content\/uploads\/sites\/2\/2020\/12\/Elase-blog-piscina_cta-300x65.jpg 300w, https:\/\/www.elase.com.br\/blog\/wp-content\/uploads\/sites\/2\/2020\/12\/Elase-blog-piscina_cta-230x50.jpg 230w, https:\/\/www.elase.com.br\/blog\/wp-content\/uploads\/sites\/2\/2020\/12\/Elase-blog-piscina_cta-350x76.jpg 350w, https:\/\/www.elase.com.br\/blog\/wp-content\/uploads\/sites\/2\/2020\/12\/Elase-blog-piscina_cta-480x104.jpg 480w\" sizes=\"(max-width: 600px) 100vw, 600px\" \/><\/a><\/p>\n","protected":false},"excerpt":{"rendered":"<p>O Parque Aqu\u00e1tico W\u00e1lmore Pereira Siqueira, da ELASE, \u00e9, sem d\u00favida, um dos lugares preferidos dos s\u00f3cios e dependentes do clube. E, [&hellip;]<\/p>\n","protected":false},"author":7,"featured_media":782,"comment_status":"closed","ping_status":"closed","sticky":false,"template":"","format":"standard","meta":{"footnotes":"","_links_to":"","_links_to_target":""},"categories":[9,8],"tags":[],"class_list":["post-780","post","type-post","status-publish","format-standard","has-post-thumbnail","hentry","category-dicas","category-elase"],"yoast_head":"<!-- This site is optimized with the Yoast SEO plugin v26.1.1 - https:\/\/yoast.com\/wordpress\/plugins\/seo\/ -->\n<title>Parque Aqu\u00e1tico da ELASE: esporte e lazer para associados e dependentes - Blog da ELASE<\/title>\n<meta name=\"robots\" content=\"index, follow, max-snippet:-1, max-image-preview:large, max-video-preview:-1\" \/>\n<link rel=\"canonical\" href=\"https:\/\/www.elase.com.br\/blog\/parque-aquatico-da-elase-esporte-e-lazer-para-associados-e-dependentes\/\" \/>\n<meta property=\"og:locale\" content=\"pt_BR\" \/>\n<meta property=\"og:type\" content=\"article\" \/>\n<meta property=\"og:title\" content=\"Parque Aqu\u00e1tico da ELASE: esporte e lazer para associados e dependentes - Blog da ELASE\" \/>\n<meta property=\"og:description\" content=\"O Parque Aqu\u00e1tico W\u00e1lmore Pereira Siqueira, da ELASE, \u00e9, sem d\u00favida, um dos lugares preferidos dos s\u00f3cios e dependentes do clube. E, [&hellip;]\" \/>\n<meta property=\"og:url\" content=\"https:\/\/www.elase.com.br\/blog\/parque-aquatico-da-elase-esporte-e-lazer-para-associados-e-dependentes\/\" \/>\n<meta property=\"og:site_name\" content=\"Blog da ELASE\" \/>\n<meta property=\"article:published_time\" content=\"2020-12-18T12:00:19+00:00\" \/>\n<meta property=\"article:modified_time\" content=\"2020-12-31T10:45:07+00:00\" \/>\n<meta property=\"og:image\" content=\"https:\/\/www.elase.com.br\/blog\/wp-content\/uploads\/sites\/2\/2020\/12\/Elase-blog-piscina_capa.jpg\" \/>\n\t<meta property=\"og:image:width\" content=\"1501\" \/>\n\t<meta property=\"og:image:height\" content=\"772\" \/>\n\t<meta property=\"og:image:type\" content=\"image\/jpeg\" \/>\n<meta name=\"author\" content=\"Elase\" \/>\n<meta name=\"twitter:card\" content=\"summary_large_image\" \/>\n<meta name=\"twitter:label1\" content=\"Escrito por\" \/>\n\t<meta name=\"twitter:data1\" content=\"Elase\" \/>\n\t<meta name=\"twitter:label2\" content=\"Est. tempo de leitura\" \/>\n\t<meta name=\"twitter:data2\" content=\"4 minutos\" \/>\n<script type=\"application\/ld+json\" class=\"yoast-schema-graph\">{\"@context\":\"https:\/\/schema.org\",\"@graph\":[{\"@type\":\"WebPage\",\"@id\":\"https:\/\/www.elase.com.br\/blog\/parque-aquatico-da-elase-esporte-e-lazer-para-associados-e-dependentes\/\",\"url\":\"https:\/\/www.elase.com.br\/blog\/parque-aquatico-da-elase-esporte-e-lazer-para-associados-e-dependentes\/\",\"name\":\"Parque Aqu\u00e1tico da ELASE: esporte e lazer para associados e dependentes - Blog da ELASE\",\"isPartOf\":{\"@id\":\"https:\/\/www.elase.com.br\/blog\/#website\"},\"primaryImageOfPage\":{\"@id\":\"https:\/\/www.elase.com.br\/blog\/parque-aquatico-da-elase-esporte-e-lazer-para-associados-e-dependentes\/#primaryimage\"},\"image\":{\"@id\":\"https:\/\/www.elase.com.br\/blog\/parque-aquatico-da-elase-esporte-e-lazer-para-associados-e-dependentes\/#primaryimage\"},\"thumbnailUrl\":\"https:\/\/www.elase.com.br\/blog\/wp-content\/uploads\/sites\/2\/2020\/12\/Elase-blog-piscina_capa.jpg\",\"datePublished\":\"2020-12-18T12:00:19+00:00\",\"dateModified\":\"2020-12-31T10:45:07+00:00\",\"author\":{\"@id\":\"https:\/\/www.elase.com.br\/blog\/#\/schema\/person\/c5648edcd86e91cabc5f62555421edce\"},\"breadcrumb\":{\"@id\":\"https:\/\/www.elase.com.br\/blog\/parque-aquatico-da-elase-esporte-e-lazer-para-associados-e-dependentes\/#breadcrumb\"},\"inLanguage\":\"pt-BR\",\"potentialAction\":[{\"@type\":\"ReadAction\",\"target\":[\"https:\/\/www.elase.com.br\/blog\/parque-aquatico-da-elase-esporte-e-lazer-para-associados-e-dependentes\/\"]}]},{\"@type\":\"ImageObject\",\"inLanguage\":\"pt-BR\",\"@id\":\"https:\/\/www.elase.com.br\/blog\/parque-aquatico-da-elase-esporte-e-lazer-para-associados-e-dependentes\/#primaryimage\",\"url\":\"https:\/\/www.elase.com.br\/blog\/wp-content\/uploads\/sites\/2\/2020\/12\/Elase-blog-piscina_capa.jpg\",\"contentUrl\":\"https:\/\/www.elase.com.br\/blog\/wp-content\/uploads\/sites\/2\/2020\/12\/Elase-blog-piscina_capa.jpg\",\"width\":1501,\"height\":772},{\"@type\":\"BreadcrumbList\",\"@id\":\"https:\/\/www.elase.com.br\/blog\/parque-aquatico-da-elase-esporte-e-lazer-para-associados-e-dependentes\/#breadcrumb\",\"itemListElement\":[{\"@type\":\"ListItem\",\"position\":1,\"name\":\"In\u00edcio\",\"item\":\"https:\/\/www.elase.com.br\/blog\/\"},{\"@type\":\"ListItem\",\"position\":2,\"name\":\"Parque Aqu\u00e1tico da ELASE: esporte e lazer para associados e dependentes\"}]},{\"@type\":\"WebSite\",\"@id\":\"https:\/\/www.elase.com.br\/blog\/#website\",\"url\":\"https:\/\/www.elase.com.br\/blog\/\",\"name\":\"Blog da ELASE\",\"description\":\"\",\"potentialAction\":[{\"@type\":\"SearchAction\",\"target\":{\"@type\":\"EntryPoint\",\"urlTemplate\":\"https:\/\/www.elase.com.br\/blog\/?s={search_term_string}\"},\"query-input\":{\"@type\":\"PropertyValueSpecification\",\"valueRequired\":true,\"valueName\":\"search_term_string\"}}],\"inLanguage\":\"pt-BR\"},{\"@type\":\"Person\",\"@id\":\"https:\/\/www.elase.com.br\/blog\/#\/schema\/person\/c5648edcd86e91cabc5f62555421edce\",\"name\":\"Elase\",\"image\":{\"@type\":\"ImageObject\",\"inLanguage\":\"pt-BR\",\"@id\":\"https:\/\/www.elase.com.br\/blog\/#\/schema\/person\/image\/\",\"url\":\"https:\/\/secure.gravatar.com\/avatar\/e04f303593dd0bee5fdbdc05ef63066d59e1a5bf61b911bf6653c92bfb86e392?s=96&r=g&d=https:\/\/www.elase.com.br\/blog\/wp-content\/plugins\/userswp\/assets\/images\/no_profile.png\",\"contentUrl\":\"https:\/\/secure.gravatar.com\/avatar\/e04f303593dd0bee5fdbdc05ef63066d59e1a5bf61b911bf6653c92bfb86e392?s=96&r=g&d=https:\/\/www.elase.com.br\/blog\/wp-content\/plugins\/userswp\/assets\/images\/no_profile.png\",\"caption\":\"Elase\"},\"url\":\"https:\/\/www.elase.com.br\/blog\/author\/roberta\/\"}]}<\/script>\n<!-- \/ Yoast SEO plugin. -->","yoast_head_json":{"title":"Parque Aqu\u00e1tico da ELASE: esporte e lazer para associados e dependentes - Blog da ELASE","robots":{"index":"index","follow":"follow","max-snippet":"max-snippet:-1","max-image-preview":"max-image-preview:large","max-video-preview":"max-video-preview:-1"},"canonical":"https:\/\/www.elase.com.br\/blog\/parque-aquatico-da-elase-esporte-e-lazer-para-associados-e-dependentes\/","og_locale":"pt_BR","og_type":"article","og_title":"Parque Aqu\u00e1tico da ELASE: esporte e lazer para associados e dependentes - Blog da ELASE","og_description":"O Parque Aqu\u00e1tico W\u00e1lmore Pereira Siqueira, da ELASE, \u00e9, sem d\u00favida, um dos lugares preferidos dos s\u00f3cios e dependentes do clube. E, [&hellip;]","og_url":"https:\/\/www.elase.com.br\/blog\/parque-aquatico-da-elase-esporte-e-lazer-para-associados-e-dependentes\/","og_site_name":"Blog da ELASE","article_published_time":"2020-12-18T12:00:19+00:00","article_modified_time":"2020-12-31T10:45:07+00:00","og_image":[{"width":1501,"height":772,"url":"https:\/\/www.elase.com.br\/blog\/wp-content\/uploads\/sites\/2\/2020\/12\/Elase-blog-piscina_capa.jpg","type":"image\/jpeg"}],"author":"Elase","twitter_card":"summary_large_image","twitter_misc":{"Escrito por":"Elase","Est. tempo de leitura":"4 minutos"},"schema":{"@context":"https:\/\/schema.org","@graph":[{"@type":"WebPage","@id":"https:\/\/www.elase.com.br\/blog\/parque-aquatico-da-elase-esporte-e-lazer-para-associados-e-dependentes\/","url":"https:\/\/www.elase.com.br\/blog\/parque-aquatico-da-elase-esporte-e-lazer-para-associados-e-dependentes\/","name":"Parque Aqu\u00e1tico da ELASE: esporte e lazer para associados e dependentes - Blog da ELASE","isPartOf":{"@id":"https:\/\/www.elase.com.br\/blog\/#website"},"primaryImageOfPage":{"@id":"https:\/\/www.elase.com.br\/blog\/parque-aquatico-da-elase-esporte-e-lazer-para-associados-e-dependentes\/#primaryimage"},"image":{"@id":"https:\/\/www.elase.com.br\/blog\/parque-aquatico-da-elase-esporte-e-lazer-para-associados-e-dependentes\/#primaryimage"},"thumbnailUrl":"https:\/\/www.elase.com.br\/blog\/wp-content\/uploads\/sites\/2\/2020\/12\/Elase-blog-piscina_capa.jpg","datePublished":"2020-12-18T12:00:19+00:00","dateModified":"2020-12-31T10:45:07+00:00","author":{"@id":"https:\/\/www.elase.com.br\/blog\/#\/schema\/person\/c5648edcd86e91cabc5f62555421edce"},"breadcrumb":{"@id":"https:\/\/www.elase.com.br\/blog\/parque-aquatico-da-elase-esporte-e-lazer-para-associados-e-dependentes\/#breadcrumb"},"inLanguage":"pt-BR","potentialAction":[{"@type":"ReadAction","target":["https:\/\/www.elase.com.br\/blog\/parque-aquatico-da-elase-esporte-e-lazer-para-associados-e-dependentes\/"]}]},{"@type":"ImageObject","inLanguage":"pt-BR","@id":"https:\/\/www.elase.com.br\/blog\/parque-aquatico-da-elase-esporte-e-lazer-para-associados-e-dependentes\/#primaryimage","url":"https:\/\/www.elase.com.br\/blog\/wp-content\/uploads\/sites\/2\/2020\/12\/Elase-blog-piscina_capa.jpg","contentUrl":"https:\/\/www.elase.com.br\/blog\/wp-content\/uploads\/sites\/2\/2020\/12\/Elase-blog-piscina_capa.jpg","width":1501,"height":772},{"@type":"BreadcrumbList","@id":"https:\/\/www.elase.com.br\/blog\/parque-aquatico-da-elase-esporte-e-lazer-para-associados-e-dependentes\/#breadcrumb","itemListElement":[{"@type":"ListItem","position":1,"name":"In\u00edcio","item":"https:\/\/www.elase.com.br\/blog\/"},{"@type":"ListItem","position":2,"name":"Parque Aqu\u00e1tico da ELASE: esporte e lazer para associados e dependentes"}]},{"@type":"WebSite","@id":"https:\/\/www.elase.com.br\/blog\/#website","url":"https:\/\/www.elase.com.br\/blog\/","name":"Blog da ELASE","description":"","potentialAction":[{"@type":"SearchAction","target":{"@type":"EntryPoint","urlTemplate":"https:\/\/www.elase.com.br\/blog\/?s={search_term_string}"},"query-input":{"@type":"PropertyValueSpecification","valueRequired":true,"valueName":"search_term_string"}}],"inLanguage":"pt-BR"},{"@type":"Person","@id":"https:\/\/www.elase.com.br\/blog\/#\/schema\/person\/c5648edcd86e91cabc5f62555421edce","name":"Elase","image":{"@type":"ImageObject","inLanguage":"pt-BR","@id":"https:\/\/www.elase.com.br\/blog\/#\/schema\/person\/image\/","url":"https:\/\/secure.gravatar.com\/avatar\/e04f303593dd0bee5fdbdc05ef63066d59e1a5bf61b911bf6653c92bfb86e392?s=96&r=g&d=https:\/\/www.elase.com.br\/blog\/wp-content\/plugins\/userswp\/assets\/images\/no_profile.png","contentUrl":"https:\/\/secure.gravatar.com\/avatar\/e04f303593dd0bee5fdbdc05ef63066d59e1a5bf61b911bf6653c92bfb86e392?s=96&r=g&d=https:\/\/www.elase.com.br\/blog\/wp-content\/plugins\/userswp\/assets\/images\/no_profile.png","caption":"Elase"},"url":"https:\/\/www.elase.com.br\/blog\/author\/roberta\/"}]}},"publishpress_future_action":{"enabled":false,"date":"2026-05-03 05:14:34","action":"change-status","newStatus":"draft","terms":[],"taxonomy":"category","extraData":[]},"publishpress_future_workflow_manual_trigger":{"enabledWorkflows":[]},"_links":{"self":[{"href":"https:\/\/www.elase.com.br\/blog\/wp-json\/wp\/v2\/posts\/780","targetHints":{"allow":["GET"]}}],"collection":[{"href":"https:\/\/www.elase.com.br\/blog\/wp-json\/wp\/v2\/posts"}],"about":[{"href":"https:\/\/www.elase.com.br\/blog\/wp-json\/wp\/v2\/types\/post"}],"author":[{"embeddable":true,"href":"https:\/\/www.elase.com.br\/blog\/wp-json\/wp\/v2\/users\/7"}],"replies":[{"embeddable":true,"href":"https:\/\/www.elase.com.br\/blog\/wp-json\/wp\/v2\/comments?post=780"}],"version-history":[{"count":5,"href":"https:\/\/www.elase.com.br\/blog\/wp-json\/wp\/v2\/posts\/780\/revisions"}],"predecessor-version":[{"id":787,"href":"https:\/\/www.elase.com.br\/blog\/wp-json\/wp\/v2\/posts\/780\/revisions\/787"}],"wp:featuredmedia":[{"embeddable":true,"href":"https:\/\/www.elase.com.br\/blog\/wp-json\/wp\/v2\/media\/782"}],"wp:attachment":[{"href":"https:\/\/www.elase.com.br\/blog\/wp-json\/wp\/v2\/media?parent=780"}],"wp:term":[{"taxonomy":"category","embeddable":true,"href":"https:\/\/www.elase.com.br\/blog\/wp-json\/wp\/v2\/categories?post=780"},{"taxonomy":"post_tag","embeddable":true,"href":"https:\/\/www.elase.com.br\/blog\/wp-json\/wp\/v2\/tags?post=780"}],"curies":[{"name":"wp","href":"https:\/\/api.w.org\/{rel}","templated":true}]}}