{"id":691,"date":"2020-08-13T11:05:35","date_gmt":"2020-08-13T14:05:35","guid":{"rendered":"https:\/\/www.elase.com.br\/blog\/?p=691"},"modified":"2020-08-25T13:42:04","modified_gmt":"2020-08-25T16:42:04","slug":"a-importancia-do-esporte-na-infancia-para-o-desenvolvimento-fisico-social-e-intelectual","status":"publish","type":"post","link":"https:\/\/www.elase.com.br\/blog\/a-importancia-do-esporte-na-infancia-para-o-desenvolvimento-fisico-social-e-intelectual\/","title":{"rendered":"A import\u00e2ncia do esporte na inf\u00e2ncia para o desenvolvimento f\u00edsico, social e intelectual"},"content":{"rendered":"<p>\u00c9 lugar-comum dizer que a pr\u00e1tica de atividades f\u00edsicas \u00e9 importante para a sa\u00fade e o desenvolvimento f\u00edsico de crian\u00e7as e adultos. O que muita gente n\u00e3o sabe \u00e9 que o esporte na inf\u00e2ncia \u00e9 fundamental, tamb\u00e9m, para o desenvolvimento cognitivo e intelectual dos pequenos. Isso \u00e9 o que diz um estudo realizado pelo<a href=\"https:\/\/bjsm.bmj.com\/\"> British Journal of Sports Medicine<\/a>, a partir de trabalhos de especialistas do Reino Unido, Escandin\u00e1via e dos Estados Unidos.<\/p>\n<p>A pesquisa foi feita com crian\u00e7as e adolescentes em idade escolar, e os especialistas conclu\u00edram que a pr\u00e1tica regular de exerc\u00edcios f\u00edsicos traz benef\u00edcios para o corpo e a mente. Entre os benef\u00edcios, foram listados:<\/p>\n<p>&#8211; aumento da autoestima e da autoconfian\u00e7a;<br \/>\n&#8211; melhora da capacidade intelectual;<br \/>\n&#8211; desenvolvimento do racioc\u00ednio l\u00f3gico;<br \/>\n&#8211; maior comprometimento com os estudos e demais tarefas;<br \/>\n&#8211; mais facilidade de resolver problemas em grupos.<\/p>\n<p>O aumento da autoestima e a autoconfian\u00e7a reflete no desempenho escolar, pois crian\u00e7as mais autoconfiantes tendem a ser mais desenvoltas em sala de aula, encarando os desafios propostos pelos professores com mais seguran\u00e7a. Assim, o processo de ensino-aprendizagem se torna mais eficiente. Al\u00e9m disso, o esporte ajuda a desenvolver habilidades de racioc\u00ednio, mem\u00f3ria, foco, linguagem, compreens\u00e3o de problemas e criatividade\/estrat\u00e9gia para resolver esses problemas.<\/p>\n<h3>OUTROS BENEF\u00cdCIOS DA PR\u00c1TICA DE ESPORTES NA INF\u00c2NCIA<\/h3>\n<h4>Diminui os \u00edndices de obesidade<\/h4>\n<p>O sobrepeso e a obesidade infantil s\u00e3o problemas de sa\u00fade p\u00fablica que exigem aten\u00e7\u00e3o de pais e m\u00e9dicos. De acordo com o Minist\u00e9rio da Sa\u00fade, 33% das crian\u00e7as brasileiras s\u00e3o obesas ou est\u00e3o com sobrepeso. Esse dado \u00e9 bastante preocupante porque crian\u00e7as acima do peso t\u00eam mais chances de desenvolverem diabetes e colesterol alto ainda na inf\u00e2ncia, e de sobrecarregar ossos e articula\u00e7\u00f5es, prejudicando o crescimento.<\/p>\n<p>Crian\u00e7as obesas t\u00eam mais tend\u00eancia a se tornar adultos obesos, aumentando a predisposi\u00e7\u00e3o a problemas card\u00edacos, vasculares e respirat\u00f3rios, por exemplo. Boa alimenta\u00e7\u00e3o e exerc\u00edcios f\u00edsicos regulares s\u00e3o a chave para uma vida mais saud\u00e1vel desde a inf\u00e2ncia.<\/p>\n<h4>Combate a ansiedade<\/h4>\n<p>O exerc\u00edcio f\u00edsico ajuda a liberar a endorfina, horm\u00f4nio respons\u00e1vel pela sensa\u00e7\u00e3o de bem-estar. A endorfina combate a ansiedade e o estresse e ainda melhora a qualidade do sono, o que \u00e9 fundamental para um crescimento sadio.<\/p>\n<h4>Aumenta o senso de responsabilidade<\/h4>\n<p>Praticar esporte pressup\u00f5e o respeito \u00e0s regras da modalidade, aos advers\u00e1rios e aos hor\u00e1rios de treino. Assim, as crian\u00e7as desenvolvem o senso de responsabilidade e de disciplina, e isso se reflete no rendimento escolar e no comportamento geral.<\/p>\n<h4>Melhora a coordena\u00e7\u00e3o motora<\/h4>\n<p>Embora os movimentos como andar e correr sejam inatos (n\u00e3o precisam ser ensinados), treinar a coordena\u00e7\u00e3o motora \u00e9 necess\u00e1rio para aumentar o dom\u00ednio sobre o pr\u00f3prio corpo e desenvolver for\u00e7a, velocidade, explos\u00e3o muscular, lateralidade e a rela\u00e7\u00e3o entre corpo e espa\u00e7o.<\/p>\n<h4>Ajuda na sociabiliza\u00e7\u00e3o e a lidar com os sentimentos<\/h4>\n<p>O conv\u00edvio com outras crian\u00e7as durante as aulas, treinos e competi\u00e7\u00f5es faz com que as crian\u00e7as se tornem mais soci\u00e1veis, percebam e respeitem as diferen\u00e7as, favorecendo a inclus\u00e3o. Al\u00e9m disso, o esporte ajuda a lidar com sentimentos de perda e de frustra\u00e7\u00e3o, do mesmo modo que ensina que \u00e9 preciso ter disciplina, aten\u00e7\u00e3o e esp\u00edrito de equipe para alcan\u00e7ar bons resultados.<\/p>\n<h3>A ELASE oferece as seguintes modalidades para crian\u00e7as:<\/h3>\n<p><strong>Basquete<\/strong>: Ter\u00e7as e quintas-feiras, das 18h \u00e0s 19h<br \/>\nIdade: de 6 anos a 13 anos<\/p>\n<p><strong>Patina\u00e7\u00e3o<\/strong>: Segundas e quartas, das 18h \u00e0s 20h<br \/>\nIdade m\u00ednima: 5 anos<\/p>\n<p><strong>Futsal<\/strong>: S\u00e1bados, das 8h30 \u00e0s 13h<br \/>\nIdade m\u00ednima: 4 anos<\/p>\n<p>Os hor\u00e1rios variam conforme faixa et\u00e1ria, por isso, entre em contato com a Secretaria para mais informa\u00e7\u00f5es e inscri\u00e7\u00f5es, pelos telefones (48) 3234-2986 e (48) 3234-5233, de segunda a sexta, das 13h \u00e0s 19h.<\/p>\n<p><a href=\"https:\/\/www.elase.com.br\/contato\/\"><img fetchpriority=\"high\" decoding=\"async\" class=\"aligncenter wp-image-703 size-full\" src=\"https:\/\/www.elase.com.br\/blog\/wp-content\/uploads\/sites\/2\/2020\/08\/Elase-post-cta.jpg\" alt=\"\" width=\"575\" height=\"125\" srcset=\"https:\/\/www.elase.com.br\/blog\/wp-content\/uploads\/sites\/2\/2020\/08\/Elase-post-cta.jpg 575w, https:\/\/www.elase.com.br\/blog\/wp-content\/uploads\/sites\/2\/2020\/08\/Elase-post-cta-300x65.jpg 300w, https:\/\/www.elase.com.br\/blog\/wp-content\/uploads\/sites\/2\/2020\/08\/Elase-post-cta-230x50.jpg 230w, https:\/\/www.elase.com.br\/blog\/wp-content\/uploads\/sites\/2\/2020\/08\/Elase-post-cta-350x76.jpg 350w, https:\/\/www.elase.com.br\/blog\/wp-content\/uploads\/sites\/2\/2020\/08\/Elase-post-cta-480x104.jpg 480w\" sizes=\"(max-width: 575px) 100vw, 575px\" \/><\/a><\/p>\n","protected":false},"excerpt":{"rendered":"<p>\u00c9 lugar-comum dizer que a pr\u00e1tica de atividades f\u00edsicas \u00e9 importante para a sa\u00fade e o desenvolvimento f\u00edsico de crian\u00e7as e adultos. [&hellip;]<\/p>\n","protected":false},"author":7,"featured_media":692,"comment_status":"closed","ping_status":"closed","sticky":false,"template":"","format":"standard","meta":{"footnotes":"","_links_to":"","_links_to_target":""},"categories":[8],"tags":[],"class_list":["post-691","post","type-post","status-publish","format-standard","has-post-thumbnail","hentry","category-elase"],"yoast_head":"<!-- This site is optimized with the Yoast SEO plugin v26.1.1 - https:\/\/yoast.com\/wordpress\/plugins\/seo\/ -->\n<title>O esporte na inf\u00e2ncia contribui com o desenvolvimento das crian\u00e7as<\/title>\n<meta name=\"description\" content=\"O esporte na inf\u00e2ncia contribui diretamente com o desenvolvimento intelectual, f\u00edsico e intelectual das crian\u00e7as.\" \/>\n<meta name=\"robots\" content=\"index, follow, max-snippet:-1, max-image-preview:large, max-video-preview:-1\" \/>\n<link rel=\"canonical\" href=\"https:\/\/www.elase.com.br\/blog\/a-importancia-do-esporte-na-infancia-para-o-desenvolvimento-fisico-social-e-intelectual\/\" \/>\n<meta property=\"og:locale\" content=\"pt_BR\" \/>\n<meta property=\"og:type\" content=\"article\" \/>\n<meta property=\"og:title\" content=\"O esporte na inf\u00e2ncia contribui com o desenvolvimento das crian\u00e7as\" \/>\n<meta property=\"og:description\" content=\"O esporte na inf\u00e2ncia contribui diretamente com o desenvolvimento intelectual, f\u00edsico e intelectual das crian\u00e7as.\" \/>\n<meta property=\"og:url\" content=\"https:\/\/www.elase.com.br\/blog\/a-importancia-do-esporte-na-infancia-para-o-desenvolvimento-fisico-social-e-intelectual\/\" \/>\n<meta property=\"og:site_name\" content=\"Blog da ELASE\" \/>\n<meta property=\"article:published_time\" content=\"2020-08-13T14:05:35+00:00\" \/>\n<meta property=\"article:modified_time\" content=\"2020-08-25T16:42:04+00:00\" \/>\n<meta property=\"og:image\" content=\"https:\/\/www.elase.com.br\/blog\/wp-content\/uploads\/sites\/2\/2020\/08\/Elase-PostBlog-esporteinf_BLOG.jpg\" \/>\n\t<meta property=\"og:image:width\" content=\"1501\" \/>\n\t<meta property=\"og:image:height\" content=\"772\" \/>\n\t<meta property=\"og:image:type\" content=\"image\/jpeg\" \/>\n<meta name=\"author\" content=\"Elase\" \/>\n<meta name=\"twitter:card\" content=\"summary_large_image\" \/>\n<meta name=\"twitter:label1\" content=\"Escrito por\" \/>\n\t<meta name=\"twitter:data1\" content=\"Elase\" \/>\n\t<meta name=\"twitter:label2\" content=\"Est. tempo de leitura\" \/>\n\t<meta name=\"twitter:data2\" content=\"3 minutos\" \/>\n<script type=\"application\/ld+json\" class=\"yoast-schema-graph\">{\"@context\":\"https:\/\/schema.org\",\"@graph\":[{\"@type\":\"WebPage\",\"@id\":\"https:\/\/www.elase.com.br\/blog\/a-importancia-do-esporte-na-infancia-para-o-desenvolvimento-fisico-social-e-intelectual\/\",\"url\":\"https:\/\/www.elase.com.br\/blog\/a-importancia-do-esporte-na-infancia-para-o-desenvolvimento-fisico-social-e-intelectual\/\",\"name\":\"O esporte na inf\u00e2ncia contribui com o desenvolvimento das crian\u00e7as\",\"isPartOf\":{\"@id\":\"https:\/\/www.elase.com.br\/blog\/#website\"},\"primaryImageOfPage\":{\"@id\":\"https:\/\/www.elase.com.br\/blog\/a-importancia-do-esporte-na-infancia-para-o-desenvolvimento-fisico-social-e-intelectual\/#primaryimage\"},\"image\":{\"@id\":\"https:\/\/www.elase.com.br\/blog\/a-importancia-do-esporte-na-infancia-para-o-desenvolvimento-fisico-social-e-intelectual\/#primaryimage\"},\"thumbnailUrl\":\"https:\/\/www.elase.com.br\/blog\/wp-content\/uploads\/sites\/2\/2020\/08\/Elase-PostBlog-esporteinf_BLOG.jpg\",\"datePublished\":\"2020-08-13T14:05:35+00:00\",\"dateModified\":\"2020-08-25T16:42:04+00:00\",\"author\":{\"@id\":\"https:\/\/www.elase.com.br\/blog\/#\/schema\/person\/c5648edcd86e91cabc5f62555421edce\"},\"description\":\"O esporte na inf\u00e2ncia contribui diretamente com o desenvolvimento intelectual, f\u00edsico e intelectual das crian\u00e7as.\",\"breadcrumb\":{\"@id\":\"https:\/\/www.elase.com.br\/blog\/a-importancia-do-esporte-na-infancia-para-o-desenvolvimento-fisico-social-e-intelectual\/#breadcrumb\"},\"inLanguage\":\"pt-BR\",\"potentialAction\":[{\"@type\":\"ReadAction\",\"target\":[\"https:\/\/www.elase.com.br\/blog\/a-importancia-do-esporte-na-infancia-para-o-desenvolvimento-fisico-social-e-intelectual\/\"]}]},{\"@type\":\"ImageObject\",\"inLanguage\":\"pt-BR\",\"@id\":\"https:\/\/www.elase.com.br\/blog\/a-importancia-do-esporte-na-infancia-para-o-desenvolvimento-fisico-social-e-intelectual\/#primaryimage\",\"url\":\"https:\/\/www.elase.com.br\/blog\/wp-content\/uploads\/sites\/2\/2020\/08\/Elase-PostBlog-esporteinf_BLOG.jpg\",\"contentUrl\":\"https:\/\/www.elase.com.br\/blog\/wp-content\/uploads\/sites\/2\/2020\/08\/Elase-PostBlog-esporteinf_BLOG.jpg\",\"width\":1501,\"height\":772},{\"@type\":\"BreadcrumbList\",\"@id\":\"https:\/\/www.elase.com.br\/blog\/a-importancia-do-esporte-na-infancia-para-o-desenvolvimento-fisico-social-e-intelectual\/#breadcrumb\",\"itemListElement\":[{\"@type\":\"ListItem\",\"position\":1,\"name\":\"In\u00edcio\",\"item\":\"https:\/\/www.elase.com.br\/blog\/\"},{\"@type\":\"ListItem\",\"position\":2,\"name\":\"A import\u00e2ncia do esporte na inf\u00e2ncia para o desenvolvimento f\u00edsico, social e intelectual\"}]},{\"@type\":\"WebSite\",\"@id\":\"https:\/\/www.elase.com.br\/blog\/#website\",\"url\":\"https:\/\/www.elase.com.br\/blog\/\",\"name\":\"Blog da ELASE\",\"description\":\"\",\"potentialAction\":[{\"@type\":\"SearchAction\",\"target\":{\"@type\":\"EntryPoint\",\"urlTemplate\":\"https:\/\/www.elase.com.br\/blog\/?s={search_term_string}\"},\"query-input\":{\"@type\":\"PropertyValueSpecification\",\"valueRequired\":true,\"valueName\":\"search_term_string\"}}],\"inLanguage\":\"pt-BR\"},{\"@type\":\"Person\",\"@id\":\"https:\/\/www.elase.com.br\/blog\/#\/schema\/person\/c5648edcd86e91cabc5f62555421edce\",\"name\":\"Elase\",\"image\":{\"@type\":\"ImageObject\",\"inLanguage\":\"pt-BR\",\"@id\":\"https:\/\/www.elase.com.br\/blog\/#\/schema\/person\/image\/\",\"url\":\"https:\/\/secure.gravatar.com\/avatar\/e04f303593dd0bee5fdbdc05ef63066d59e1a5bf61b911bf6653c92bfb86e392?s=96&r=g&d=https:\/\/www.elase.com.br\/blog\/wp-content\/plugins\/userswp\/assets\/images\/no_profile.png\",\"contentUrl\":\"https:\/\/secure.gravatar.com\/avatar\/e04f303593dd0bee5fdbdc05ef63066d59e1a5bf61b911bf6653c92bfb86e392?s=96&r=g&d=https:\/\/www.elase.com.br\/blog\/wp-content\/plugins\/userswp\/assets\/images\/no_profile.png\",\"caption\":\"Elase\"},\"url\":\"https:\/\/www.elase.com.br\/blog\/author\/roberta\/\"}]}<\/script>\n<!-- \/ Yoast SEO plugin. -->","yoast_head_json":{"title":"O esporte na inf\u00e2ncia contribui com o desenvolvimento das crian\u00e7as","description":"O esporte na inf\u00e2ncia contribui diretamente com o desenvolvimento intelectual, f\u00edsico e intelectual das crian\u00e7as.","robots":{"index":"index","follow":"follow","max-snippet":"max-snippet:-1","max-image-preview":"max-image-preview:large","max-video-preview":"max-video-preview:-1"},"canonical":"https:\/\/www.elase.com.br\/blog\/a-importancia-do-esporte-na-infancia-para-o-desenvolvimento-fisico-social-e-intelectual\/","og_locale":"pt_BR","og_type":"article","og_title":"O esporte na inf\u00e2ncia contribui com o desenvolvimento das crian\u00e7as","og_description":"O esporte na inf\u00e2ncia contribui diretamente com o desenvolvimento intelectual, f\u00edsico e intelectual das crian\u00e7as.","og_url":"https:\/\/www.elase.com.br\/blog\/a-importancia-do-esporte-na-infancia-para-o-desenvolvimento-fisico-social-e-intelectual\/","og_site_name":"Blog da ELASE","article_published_time":"2020-08-13T14:05:35+00:00","article_modified_time":"2020-08-25T16:42:04+00:00","og_image":[{"width":1501,"height":772,"url":"https:\/\/www.elase.com.br\/blog\/wp-content\/uploads\/sites\/2\/2020\/08\/Elase-PostBlog-esporteinf_BLOG.jpg","type":"image\/jpeg"}],"author":"Elase","twitter_card":"summary_large_image","twitter_misc":{"Escrito por":"Elase","Est. tempo de leitura":"3 minutos"},"schema":{"@context":"https:\/\/schema.org","@graph":[{"@type":"WebPage","@id":"https:\/\/www.elase.com.br\/blog\/a-importancia-do-esporte-na-infancia-para-o-desenvolvimento-fisico-social-e-intelectual\/","url":"https:\/\/www.elase.com.br\/blog\/a-importancia-do-esporte-na-infancia-para-o-desenvolvimento-fisico-social-e-intelectual\/","name":"O esporte na inf\u00e2ncia contribui com o desenvolvimento das crian\u00e7as","isPartOf":{"@id":"https:\/\/www.elase.com.br\/blog\/#website"},"primaryImageOfPage":{"@id":"https:\/\/www.elase.com.br\/blog\/a-importancia-do-esporte-na-infancia-para-o-desenvolvimento-fisico-social-e-intelectual\/#primaryimage"},"image":{"@id":"https:\/\/www.elase.com.br\/blog\/a-importancia-do-esporte-na-infancia-para-o-desenvolvimento-fisico-social-e-intelectual\/#primaryimage"},"thumbnailUrl":"https:\/\/www.elase.com.br\/blog\/wp-content\/uploads\/sites\/2\/2020\/08\/Elase-PostBlog-esporteinf_BLOG.jpg","datePublished":"2020-08-13T14:05:35+00:00","dateModified":"2020-08-25T16:42:04+00:00","author":{"@id":"https:\/\/www.elase.com.br\/blog\/#\/schema\/person\/c5648edcd86e91cabc5f62555421edce"},"description":"O esporte na inf\u00e2ncia contribui diretamente com o desenvolvimento intelectual, f\u00edsico e intelectual das crian\u00e7as.","breadcrumb":{"@id":"https:\/\/www.elase.com.br\/blog\/a-importancia-do-esporte-na-infancia-para-o-desenvolvimento-fisico-social-e-intelectual\/#breadcrumb"},"inLanguage":"pt-BR","potentialAction":[{"@type":"ReadAction","target":["https:\/\/www.elase.com.br\/blog\/a-importancia-do-esporte-na-infancia-para-o-desenvolvimento-fisico-social-e-intelectual\/"]}]},{"@type":"ImageObject","inLanguage":"pt-BR","@id":"https:\/\/www.elase.com.br\/blog\/a-importancia-do-esporte-na-infancia-para-o-desenvolvimento-fisico-social-e-intelectual\/#primaryimage","url":"https:\/\/www.elase.com.br\/blog\/wp-content\/uploads\/sites\/2\/2020\/08\/Elase-PostBlog-esporteinf_BLOG.jpg","contentUrl":"https:\/\/www.elase.com.br\/blog\/wp-content\/uploads\/sites\/2\/2020\/08\/Elase-PostBlog-esporteinf_BLOG.jpg","width":1501,"height":772},{"@type":"BreadcrumbList","@id":"https:\/\/www.elase.com.br\/blog\/a-importancia-do-esporte-na-infancia-para-o-desenvolvimento-fisico-social-e-intelectual\/#breadcrumb","itemListElement":[{"@type":"ListItem","position":1,"name":"In\u00edcio","item":"https:\/\/www.elase.com.br\/blog\/"},{"@type":"ListItem","position":2,"name":"A import\u00e2ncia do esporte na inf\u00e2ncia para o desenvolvimento f\u00edsico, social e intelectual"}]},{"@type":"WebSite","@id":"https:\/\/www.elase.com.br\/blog\/#website","url":"https:\/\/www.elase.com.br\/blog\/","name":"Blog da ELASE","description":"","potentialAction":[{"@type":"SearchAction","target":{"@type":"EntryPoint","urlTemplate":"https:\/\/www.elase.com.br\/blog\/?s={search_term_string}"},"query-input":{"@type":"PropertyValueSpecification","valueRequired":true,"valueName":"search_term_string"}}],"inLanguage":"pt-BR"},{"@type":"Person","@id":"https:\/\/www.elase.com.br\/blog\/#\/schema\/person\/c5648edcd86e91cabc5f62555421edce","name":"Elase","image":{"@type":"ImageObject","inLanguage":"pt-BR","@id":"https:\/\/www.elase.com.br\/blog\/#\/schema\/person\/image\/","url":"https:\/\/secure.gravatar.com\/avatar\/e04f303593dd0bee5fdbdc05ef63066d59e1a5bf61b911bf6653c92bfb86e392?s=96&r=g&d=https:\/\/www.elase.com.br\/blog\/wp-content\/plugins\/userswp\/assets\/images\/no_profile.png","contentUrl":"https:\/\/secure.gravatar.com\/avatar\/e04f303593dd0bee5fdbdc05ef63066d59e1a5bf61b911bf6653c92bfb86e392?s=96&r=g&d=https:\/\/www.elase.com.br\/blog\/wp-content\/plugins\/userswp\/assets\/images\/no_profile.png","caption":"Elase"},"url":"https:\/\/www.elase.com.br\/blog\/author\/roberta\/"}]}},"publishpress_future_action":{"enabled":false,"date":"2026-05-07 05:09:30","action":"change-status","newStatus":"draft","terms":[],"taxonomy":"category","extraData":[]},"publishpress_future_workflow_manual_trigger":{"enabledWorkflows":[]},"_links":{"self":[{"href":"https:\/\/www.elase.com.br\/blog\/wp-json\/wp\/v2\/posts\/691","targetHints":{"allow":["GET"]}}],"collection":[{"href":"https:\/\/www.elase.com.br\/blog\/wp-json\/wp\/v2\/posts"}],"about":[{"href":"https:\/\/www.elase.com.br\/blog\/wp-json\/wp\/v2\/types\/post"}],"author":[{"embeddable":true,"href":"https:\/\/www.elase.com.br\/blog\/wp-json\/wp\/v2\/users\/7"}],"replies":[{"embeddable":true,"href":"https:\/\/www.elase.com.br\/blog\/wp-json\/wp\/v2\/comments?post=691"}],"version-history":[{"count":3,"href":"https:\/\/www.elase.com.br\/blog\/wp-json\/wp\/v2\/posts\/691\/revisions"}],"predecessor-version":[{"id":704,"href":"https:\/\/www.elase.com.br\/blog\/wp-json\/wp\/v2\/posts\/691\/revisions\/704"}],"wp:featuredmedia":[{"embeddable":true,"href":"https:\/\/www.elase.com.br\/blog\/wp-json\/wp\/v2\/media\/692"}],"wp:attachment":[{"href":"https:\/\/www.elase.com.br\/blog\/wp-json\/wp\/v2\/media?parent=691"}],"wp:term":[{"taxonomy":"category","embeddable":true,"href":"https:\/\/www.elase.com.br\/blog\/wp-json\/wp\/v2\/categories?post=691"},{"taxonomy":"post_tag","embeddable":true,"href":"https:\/\/www.elase.com.br\/blog\/wp-json\/wp\/v2\/tags?post=691"}],"curies":[{"name":"wp","href":"https:\/\/api.w.org\/{rel}","templated":true}]}}