{"id":644,"date":"2020-04-23T16:49:49","date_gmt":"2020-04-23T19:49:49","guid":{"rendered":"https:\/\/www.elase.com.br\/blog\/?p=644"},"modified":"2020-04-23T16:49:49","modified_gmt":"2020-04-23T19:49:49","slug":"comunicado-oficial-da-elase-no-8-coronavirus-covid-19","status":"publish","type":"post","link":"https:\/\/www.elase.com.br\/blog\/comunicado-oficial-da-elase-no-8-coronavirus-covid-19\/","title":{"rendered":"Comunicado Oficial da ELASE n\u00ba 8 \u2013 Coronav\u00edrus (Covid-19)"},"content":{"rendered":"<p>Ser\u00e3o retomadas na pr\u00f3xima segunda feira, dia 27\/04, as atividades do T\u00eanis de Campo e da Academia de Muscula\u00e7\u00e3o.<\/p>\n<p><strong>Hor\u00e1rios<\/strong>:<\/p>\n<p><strong>O T\u00eanis de Campo funcionar\u00e1 de:<\/strong><\/p>\n<p>Segunda \u00e0 sexta-feira: das 7h \u00e0s 20h;<br \/>\nS\u00e1bado: das 8h \u00e0s 18h;<br \/>\nDomingo: das 8h \u00e0s 13h.<\/p>\n<p><strong>Academia de Muscula\u00e7\u00e3o funcionar\u00e1 de:<\/strong><\/p>\n<p>Segunda \u00e0 sexta-feira: das 7h \u00e0s 11h e das 16h \u00e0s 20h;<br \/>\nS\u00e1bado: das 9 \u00e0s 13h.<\/p>\n<p>Est\u00e1 programada a libera\u00e7\u00e3o da <strong>Piscina<\/strong> para os praticantes do esporte na quarta-feira, dia 29\/04. O hor\u00e1rio de funcionamento ser\u00e1 de:<\/p>\n<p>Ter\u00e7a \u00e0 sexta-feira: das 7h \u00e0s 20h;<br \/>\nS\u00e1bado: das 8h \u00e0s 18h;<br \/>\nDomingo: das 8h \u00e0s 13h.<\/p>\n<p>Est\u00e3o sendo elaborados, no momento, procedimentos quanto \u00e0 utiliza\u00e7\u00e3o dos espa\u00e7os e destas atividades. A divulga\u00e7\u00e3o deve ocorrer entre amanh\u00e3 ou no m\u00e1ximo, no s\u00e1bado, obedecendo rigorosamente o estabelecido na Portaria SES\/SC n.\u00ba 258, de 21\/04\/2020. A utiliza\u00e7\u00e3o dos espa\u00e7os ser\u00e1 feita atrav\u00e9s de agendamento via telefone ou e-mail.<\/p>\n<p>Paralelamente, os professores das outras atividades est\u00e3o sendo contatados para apresentar um planejamento operacional dos diversos cursos.<\/p>\n<p>Estamos tamb\u00e9m elaborando procedimentos de car\u00e1ter geral no que diz respeito ao funcionamento da secretaria, ao acesso ao Clube, ao estacionamento, \u00e0 locomo\u00e7\u00e3o dentro do clube. Enfim, aos cuidados que cada associado ou colaborador dever\u00e1 observar no sentido de que seja respeitada a portaria da Secretaria Estadual da Sa\u00fade.<\/p>\n<p>Lembramos da import\u00e2ncia do associado em acatar as exig\u00eancias dos \u00f3rg\u00e3os de sa\u00fade, evitando que a ELASE venha sofrer alguma penalidade, seja da vigil\u00e2ncia sanit\u00e1ria ou dos \u00f3rg\u00e3os de seguran\u00e7a p\u00fablica.<\/p>\n<p>Permanece \u00e0 disposi\u00e7\u00e3o do quadro social o n\u00famero de WhatsApp (48) 98403 2654, para esclarecimento de qualquer d\u00favida.<\/p>\n<p>Diretoria Executiva da ELASE.<br \/>\n23 de abril de 2020<\/p>\n","protected":false},"excerpt":{"rendered":"<p>Ser\u00e3o retomadas na pr\u00f3xima segunda feira, dia 27\/04, as atividades do T\u00eanis de Campo e da Academia de Muscula\u00e7\u00e3o. Hor\u00e1rios: O T\u00eanis [&hellip;]<\/p>\n","protected":false},"author":7,"featured_media":645,"comment_status":"closed","ping_status":"closed","sticky":false,"template":"","format":"standard","meta":{"footnotes":"","_links_to":"","_links_to_target":""},"categories":[8],"tags":[],"class_list":["post-644","post","type-post","status-publish","format-standard","has-post-thumbnail","hentry","category-elase"],"yoast_head":"<!-- This site is optimized with the Yoast SEO plugin v26.1.1 - https:\/\/yoast.com\/wordpress\/plugins\/seo\/ -->\n<title>Comunicado Oficial da ELASE n\u00ba 8 \u2013 Coronav\u00edrus (Covid-19) - Blog da ELASE<\/title>\n<meta name=\"robots\" content=\"index, follow, max-snippet:-1, max-image-preview:large, max-video-preview:-1\" \/>\n<link rel=\"canonical\" href=\"https:\/\/www.elase.com.br\/blog\/comunicado-oficial-da-elase-no-8-coronavirus-covid-19\/\" \/>\n<meta property=\"og:locale\" content=\"pt_BR\" \/>\n<meta property=\"og:type\" content=\"article\" \/>\n<meta property=\"og:title\" content=\"Comunicado Oficial da ELASE n\u00ba 8 \u2013 Coronav\u00edrus (Covid-19) - Blog da ELASE\" \/>\n<meta property=\"og:description\" content=\"Ser\u00e3o retomadas na pr\u00f3xima segunda feira, dia 27\/04, as atividades do T\u00eanis de Campo e da Academia de Muscula\u00e7\u00e3o. Hor\u00e1rios: O T\u00eanis [&hellip;]\" \/>\n<meta property=\"og:url\" content=\"https:\/\/www.elase.com.br\/blog\/comunicado-oficial-da-elase-no-8-coronavirus-covid-19\/\" \/>\n<meta property=\"og:site_name\" content=\"Blog da ELASE\" \/>\n<meta property=\"article:published_time\" content=\"2020-04-23T19:49:49+00:00\" \/>\n<meta property=\"og:image\" content=\"https:\/\/www.elase.com.br\/blog\/wp-content\/uploads\/sites\/2\/2020\/04\/CAPA-BLOG.jpg\" \/>\n\t<meta property=\"og:image:width\" content=\"734\" \/>\n\t<meta property=\"og:image:height\" content=\"382\" \/>\n\t<meta property=\"og:image:type\" content=\"image\/jpeg\" \/>\n<meta name=\"author\" content=\"Elase\" \/>\n<meta name=\"twitter:card\" content=\"summary_large_image\" \/>\n<meta name=\"twitter:label1\" content=\"Escrito por\" \/>\n\t<meta name=\"twitter:data1\" content=\"Elase\" \/>\n\t<meta name=\"twitter:label2\" content=\"Est. tempo de leitura\" \/>\n\t<meta name=\"twitter:data2\" content=\"2 minutos\" \/>\n<script type=\"application\/ld+json\" class=\"yoast-schema-graph\">{\"@context\":\"https:\/\/schema.org\",\"@graph\":[{\"@type\":\"WebPage\",\"@id\":\"https:\/\/www.elase.com.br\/blog\/comunicado-oficial-da-elase-no-8-coronavirus-covid-19\/\",\"url\":\"https:\/\/www.elase.com.br\/blog\/comunicado-oficial-da-elase-no-8-coronavirus-covid-19\/\",\"name\":\"Comunicado Oficial da ELASE n\u00ba 8 \u2013 Coronav\u00edrus (Covid-19) - Blog da ELASE\",\"isPartOf\":{\"@id\":\"https:\/\/www.elase.com.br\/blog\/#website\"},\"primaryImageOfPage\":{\"@id\":\"https:\/\/www.elase.com.br\/blog\/comunicado-oficial-da-elase-no-8-coronavirus-covid-19\/#primaryimage\"},\"image\":{\"@id\":\"https:\/\/www.elase.com.br\/blog\/comunicado-oficial-da-elase-no-8-coronavirus-covid-19\/#primaryimage\"},\"thumbnailUrl\":\"https:\/\/www.elase.com.br\/blog\/wp-content\/uploads\/sites\/2\/2020\/04\/CAPA-BLOG.jpg\",\"datePublished\":\"2020-04-23T19:49:49+00:00\",\"author\":{\"@id\":\"https:\/\/www.elase.com.br\/blog\/#\/schema\/person\/c5648edcd86e91cabc5f62555421edce\"},\"breadcrumb\":{\"@id\":\"https:\/\/www.elase.com.br\/blog\/comunicado-oficial-da-elase-no-8-coronavirus-covid-19\/#breadcrumb\"},\"inLanguage\":\"pt-BR\",\"potentialAction\":[{\"@type\":\"ReadAction\",\"target\":[\"https:\/\/www.elase.com.br\/blog\/comunicado-oficial-da-elase-no-8-coronavirus-covid-19\/\"]}]},{\"@type\":\"ImageObject\",\"inLanguage\":\"pt-BR\",\"@id\":\"https:\/\/www.elase.com.br\/blog\/comunicado-oficial-da-elase-no-8-coronavirus-covid-19\/#primaryimage\",\"url\":\"https:\/\/www.elase.com.br\/blog\/wp-content\/uploads\/sites\/2\/2020\/04\/CAPA-BLOG.jpg\",\"contentUrl\":\"https:\/\/www.elase.com.br\/blog\/wp-content\/uploads\/sites\/2\/2020\/04\/CAPA-BLOG.jpg\",\"width\":734,\"height\":382},{\"@type\":\"BreadcrumbList\",\"@id\":\"https:\/\/www.elase.com.br\/blog\/comunicado-oficial-da-elase-no-8-coronavirus-covid-19\/#breadcrumb\",\"itemListElement\":[{\"@type\":\"ListItem\",\"position\":1,\"name\":\"In\u00edcio\",\"item\":\"https:\/\/www.elase.com.br\/blog\/\"},{\"@type\":\"ListItem\",\"position\":2,\"name\":\"Comunicado Oficial da ELASE n\u00ba 8 \u2013 Coronav\u00edrus (Covid-19)\"}]},{\"@type\":\"WebSite\",\"@id\":\"https:\/\/www.elase.com.br\/blog\/#website\",\"url\":\"https:\/\/www.elase.com.br\/blog\/\",\"name\":\"Blog da ELASE\",\"description\":\"\",\"potentialAction\":[{\"@type\":\"SearchAction\",\"target\":{\"@type\":\"EntryPoint\",\"urlTemplate\":\"https:\/\/www.elase.com.br\/blog\/?s={search_term_string}\"},\"query-input\":{\"@type\":\"PropertyValueSpecification\",\"valueRequired\":true,\"valueName\":\"search_term_string\"}}],\"inLanguage\":\"pt-BR\"},{\"@type\":\"Person\",\"@id\":\"https:\/\/www.elase.com.br\/blog\/#\/schema\/person\/c5648edcd86e91cabc5f62555421edce\",\"name\":\"Elase\",\"image\":{\"@type\":\"ImageObject\",\"inLanguage\":\"pt-BR\",\"@id\":\"https:\/\/www.elase.com.br\/blog\/#\/schema\/person\/image\/\",\"url\":\"https:\/\/secure.gravatar.com\/avatar\/e04f303593dd0bee5fdbdc05ef63066d59e1a5bf61b911bf6653c92bfb86e392?s=96&r=g&d=https:\/\/www.elase.com.br\/blog\/wp-content\/plugins\/userswp\/assets\/images\/no_profile.png\",\"contentUrl\":\"https:\/\/secure.gravatar.com\/avatar\/e04f303593dd0bee5fdbdc05ef63066d59e1a5bf61b911bf6653c92bfb86e392?s=96&r=g&d=https:\/\/www.elase.com.br\/blog\/wp-content\/plugins\/userswp\/assets\/images\/no_profile.png\",\"caption\":\"Elase\"},\"url\":\"https:\/\/www.elase.com.br\/blog\/author\/roberta\/\"}]}<\/script>\n<!-- \/ Yoast SEO plugin. -->","yoast_head_json":{"title":"Comunicado Oficial da ELASE n\u00ba 8 \u2013 Coronav\u00edrus (Covid-19) - Blog da ELASE","robots":{"index":"index","follow":"follow","max-snippet":"max-snippet:-1","max-image-preview":"max-image-preview:large","max-video-preview":"max-video-preview:-1"},"canonical":"https:\/\/www.elase.com.br\/blog\/comunicado-oficial-da-elase-no-8-coronavirus-covid-19\/","og_locale":"pt_BR","og_type":"article","og_title":"Comunicado Oficial da ELASE n\u00ba 8 \u2013 Coronav\u00edrus (Covid-19) - Blog da ELASE","og_description":"Ser\u00e3o retomadas na pr\u00f3xima segunda feira, dia 27\/04, as atividades do T\u00eanis de Campo e da Academia de Muscula\u00e7\u00e3o. Hor\u00e1rios: O T\u00eanis [&hellip;]","og_url":"https:\/\/www.elase.com.br\/blog\/comunicado-oficial-da-elase-no-8-coronavirus-covid-19\/","og_site_name":"Blog da ELASE","article_published_time":"2020-04-23T19:49:49+00:00","og_image":[{"width":734,"height":382,"url":"https:\/\/www.elase.com.br\/blog\/wp-content\/uploads\/sites\/2\/2020\/04\/CAPA-BLOG.jpg","type":"image\/jpeg"}],"author":"Elase","twitter_card":"summary_large_image","twitter_misc":{"Escrito por":"Elase","Est. tempo de leitura":"2 minutos"},"schema":{"@context":"https:\/\/schema.org","@graph":[{"@type":"WebPage","@id":"https:\/\/www.elase.com.br\/blog\/comunicado-oficial-da-elase-no-8-coronavirus-covid-19\/","url":"https:\/\/www.elase.com.br\/blog\/comunicado-oficial-da-elase-no-8-coronavirus-covid-19\/","name":"Comunicado Oficial da ELASE n\u00ba 8 \u2013 Coronav\u00edrus (Covid-19) - Blog da ELASE","isPartOf":{"@id":"https:\/\/www.elase.com.br\/blog\/#website"},"primaryImageOfPage":{"@id":"https:\/\/www.elase.com.br\/blog\/comunicado-oficial-da-elase-no-8-coronavirus-covid-19\/#primaryimage"},"image":{"@id":"https:\/\/www.elase.com.br\/blog\/comunicado-oficial-da-elase-no-8-coronavirus-covid-19\/#primaryimage"},"thumbnailUrl":"https:\/\/www.elase.com.br\/blog\/wp-content\/uploads\/sites\/2\/2020\/04\/CAPA-BLOG.jpg","datePublished":"2020-04-23T19:49:49+00:00","author":{"@id":"https:\/\/www.elase.com.br\/blog\/#\/schema\/person\/c5648edcd86e91cabc5f62555421edce"},"breadcrumb":{"@id":"https:\/\/www.elase.com.br\/blog\/comunicado-oficial-da-elase-no-8-coronavirus-covid-19\/#breadcrumb"},"inLanguage":"pt-BR","potentialAction":[{"@type":"ReadAction","target":["https:\/\/www.elase.com.br\/blog\/comunicado-oficial-da-elase-no-8-coronavirus-covid-19\/"]}]},{"@type":"ImageObject","inLanguage":"pt-BR","@id":"https:\/\/www.elase.com.br\/blog\/comunicado-oficial-da-elase-no-8-coronavirus-covid-19\/#primaryimage","url":"https:\/\/www.elase.com.br\/blog\/wp-content\/uploads\/sites\/2\/2020\/04\/CAPA-BLOG.jpg","contentUrl":"https:\/\/www.elase.com.br\/blog\/wp-content\/uploads\/sites\/2\/2020\/04\/CAPA-BLOG.jpg","width":734,"height":382},{"@type":"BreadcrumbList","@id":"https:\/\/www.elase.com.br\/blog\/comunicado-oficial-da-elase-no-8-coronavirus-covid-19\/#breadcrumb","itemListElement":[{"@type":"ListItem","position":1,"name":"In\u00edcio","item":"https:\/\/www.elase.com.br\/blog\/"},{"@type":"ListItem","position":2,"name":"Comunicado Oficial da ELASE n\u00ba 8 \u2013 Coronav\u00edrus (Covid-19)"}]},{"@type":"WebSite","@id":"https:\/\/www.elase.com.br\/blog\/#website","url":"https:\/\/www.elase.com.br\/blog\/","name":"Blog da ELASE","description":"","potentialAction":[{"@type":"SearchAction","target":{"@type":"EntryPoint","urlTemplate":"https:\/\/www.elase.com.br\/blog\/?s={search_term_string}"},"query-input":{"@type":"PropertyValueSpecification","valueRequired":true,"valueName":"search_term_string"}}],"inLanguage":"pt-BR"},{"@type":"Person","@id":"https:\/\/www.elase.com.br\/blog\/#\/schema\/person\/c5648edcd86e91cabc5f62555421edce","name":"Elase","image":{"@type":"ImageObject","inLanguage":"pt-BR","@id":"https:\/\/www.elase.com.br\/blog\/#\/schema\/person\/image\/","url":"https:\/\/secure.gravatar.com\/avatar\/e04f303593dd0bee5fdbdc05ef63066d59e1a5bf61b911bf6653c92bfb86e392?s=96&r=g&d=https:\/\/www.elase.com.br\/blog\/wp-content\/plugins\/userswp\/assets\/images\/no_profile.png","contentUrl":"https:\/\/secure.gravatar.com\/avatar\/e04f303593dd0bee5fdbdc05ef63066d59e1a5bf61b911bf6653c92bfb86e392?s=96&r=g&d=https:\/\/www.elase.com.br\/blog\/wp-content\/plugins\/userswp\/assets\/images\/no_profile.png","caption":"Elase"},"url":"https:\/\/www.elase.com.br\/blog\/author\/roberta\/"}]}},"publishpress_future_action":{"enabled":false,"date":"2026-05-08 16:11:02","action":"change-status","newStatus":"draft","terms":[],"taxonomy":"category","extraData":[]},"publishpress_future_workflow_manual_trigger":{"enabledWorkflows":[]},"_links":{"self":[{"href":"https:\/\/www.elase.com.br\/blog\/wp-json\/wp\/v2\/posts\/644","targetHints":{"allow":["GET"]}}],"collection":[{"href":"https:\/\/www.elase.com.br\/blog\/wp-json\/wp\/v2\/posts"}],"about":[{"href":"https:\/\/www.elase.com.br\/blog\/wp-json\/wp\/v2\/types\/post"}],"author":[{"embeddable":true,"href":"https:\/\/www.elase.com.br\/blog\/wp-json\/wp\/v2\/users\/7"}],"replies":[{"embeddable":true,"href":"https:\/\/www.elase.com.br\/blog\/wp-json\/wp\/v2\/comments?post=644"}],"version-history":[{"count":1,"href":"https:\/\/www.elase.com.br\/blog\/wp-json\/wp\/v2\/posts\/644\/revisions"}],"predecessor-version":[{"id":646,"href":"https:\/\/www.elase.com.br\/blog\/wp-json\/wp\/v2\/posts\/644\/revisions\/646"}],"wp:featuredmedia":[{"embeddable":true,"href":"https:\/\/www.elase.com.br\/blog\/wp-json\/wp\/v2\/media\/645"}],"wp:attachment":[{"href":"https:\/\/www.elase.com.br\/blog\/wp-json\/wp\/v2\/media?parent=644"}],"wp:term":[{"taxonomy":"category","embeddable":true,"href":"https:\/\/www.elase.com.br\/blog\/wp-json\/wp\/v2\/categories?post=644"},{"taxonomy":"post_tag","embeddable":true,"href":"https:\/\/www.elase.com.br\/blog\/wp-json\/wp\/v2\/tags?post=644"}],"curies":[{"name":"wp","href":"https:\/\/api.w.org\/{rel}","templated":true}]}}