{"id":621,"date":"2020-04-02T09:53:37","date_gmt":"2020-04-02T12:53:37","guid":{"rendered":"https:\/\/www.elase.com.br\/blog\/?p=621"},"modified":"2020-04-09T14:44:21","modified_gmt":"2020-04-09T17:44:21","slug":"como-manter-a-saude-mental-durante-a-quarentena","status":"publish","type":"post","link":"https:\/\/www.elase.com.br\/blog\/como-manter-a-saude-mental-durante-a-quarentena\/","title":{"rendered":"Como manter a sa\u00fade mental durante a quarentena"},"content":{"rendered":"<p>A fim de reduzir a curva de contamina\u00e7\u00e3o pelo coronav\u00edrus, e prezando pela sa\u00fade da popula\u00e7\u00e3o, o prefeito de Florian\u00f3polis ampliou o per\u00edodo de quarentena e, com isso, nosso isolamento social ser\u00e1 ainda maior. Embora seja necess\u00e1ria, a experi\u00eancia do confinamento pode ser bastante assustadora e at\u00e9 traum\u00e1tica, principalmente para pessoas acostumadas \u00e0 vida ao ar livre, \u00e0s atividades f\u00edsicas e aos encontros com os amigos.<\/p>\n<p>Como as mudan\u00e7as ocorreram muito rapidamente, n\u00e3o houve tempo para adapta\u00e7\u00e3o. Nossos corpos e mentes foram pegos de surpresa e tivemos que recriar uma nova rotina do dia para a noite. Fato que abalou psicologicamente grande parte da popula\u00e7\u00e3o.<\/p>\n<p>Estresse, tens\u00e3o, ansiedade e solid\u00e3o s\u00e3o queixas constante de quem est\u00e1 em casa h\u00e1 15 dias ou mais, e \u00e9 normal se sentir assim. Somam-se a isso o medo de ser contaminado, as preocupa\u00e7\u00f5es com a escola, a faculdade ou com o trabalho, e a necessidade de ser proativo 24 horas por dia, mesmo em tempos de crise. O resultado \u00e9 ainda mais ansiedade e frustra\u00e7\u00f5es. Por isso, \u00e9 urgente que as pessoas cuidem da sa\u00fade mental durante a quarentena, para que enfrentem o per\u00edodo mais dif\u00edcil, ajudando quem precisa mais, e estejam fortes para voltar \u00e0 normalidade quando a Covid-19 recuar.<\/p>\n<p>Como ainda n\u00e3o sabemos, de fato, quanto tempo o isolamento ir\u00e1 durar, \u00e9 importante adotar alguns cuidados di\u00e1rios para manter a sa\u00fade mental. Veja alguns exemplos:<\/p>\n<h3>Evite o excesso de informa\u00e7\u00f5es<\/h3>\n<p>Diariamente, somos bombardeados por not\u00edcias sobre o avan\u00e7o da Covid-19, e as informa\u00e7\u00f5es se propagam na mesma velocidade que o v\u00edrus, afinal, segundo relat\u00f3rio Google Consumer Barometer, atualmente, h\u00e1 cerca de 230 milh\u00f5es de smartphones ativos no Brasil (mais que a popula\u00e7\u00e3o do pa\u00eds). Al\u00e9m das not\u00edcias de ve\u00edculos respons\u00e1veis e de confian\u00e7a, as fake news aumentam a sensa\u00e7\u00e3o de medo.<\/p>\n<p>Por essa raz\u00e3o, filtre tudo que chega at\u00e9 voc\u00ea. De prefer\u00eancia, evite olhar grupos de WhatsApp com muitos membros alarmistas ou que n\u00e3o checam a fonte das not\u00edcias. Escolha sites de universidades ou de imprensa que sejam confi\u00e1veis e leia as not\u00edcias uma ou duas vezes por dia. Fa\u00e7a o mesmo com a televis\u00e3o: desista de acompanhar todos os notici\u00e1rios para n\u00e3o sentir ainda mais ansiedade. Mescle os textos sobre atualidade com mat\u00e9rias de editorias mais leves, como esporte e variedades.<\/p>\n<h3>Crie uma rotina<\/h3>\n<p>O corpo e a mente humanos precisam da repeti\u00e7\u00e3o de algumas atividades para \u201centender\u201d como deve funcionar. Quando a rotina \u00e9 quebrada, podemos nos sentir mais euf\u00f3ricos (como nas f\u00e9rias, por exemplo) ou mais melanc\u00f3licos (como quando ficamos doentes e\/ou precisamos nos isolar). \u00c9 importante, portanto, que voc\u00ea tente estabelecer uma rotina com hor\u00e1rios para dormir e acordar, para se exercitar, para se alimentar, para saber das not\u00edcias, para conversar virtualmente com amigos e familiares e para trabalhar e\/ou estudar.<\/p>\n<h3>Organize o home office<\/h3>\n<p>Pessoas que est\u00e3o trabalhando remotamente devem trocar de roupa e nunca trabalhar de pijama, escolher um local sossegado da casa para instalar o computador e outros equipamentos necess\u00e1rios para o trabalho e, principalmente, respeitar o expediente, pois a tend\u00eancia \u00e9 avan\u00e7ar noite adentro.<\/p>\n<p>Se n\u00e3o conseguir cumprir todas as tarefas previstas para um dia, n\u00e3o se frustre! Todos n\u00f3s estamos com mais dificuldade em manter o foco e a produtividade. No dia seguinte, tente de novo.<\/p>\n<h3>Pratique atividades f\u00edsicas e medita\u00e7\u00e3o<\/h3>\n<p>Comece o dia tomando caf\u00e9 da manh\u00e3 com calma, afinal, voc\u00ea n\u00e3o vai perder tempo se deslocando at\u00e9 o trabalho. Em seguida, fa\u00e7a alguns minutos de atividade f\u00edsica. H\u00e1 in\u00fameros aplicativos com treinos para todos os gostos (de ioga a HIIT, de alongamento a for\u00e7a), necessidades e n\u00edveis de condicionamento, muitos deles s\u00e3o gr\u00e1tis. Com aplicativos, \u00e9 poss\u00edvel aliar atividade f\u00edsica e medita\u00e7\u00e3o, outra pr\u00e1tica bastante recomendada para controlar a ansiedade.<\/p>\n<p>N\u00e3o se esque\u00e7a de se hidratar durante a pr\u00e1tica e depois dela. O c\u00e9rebro precisa de muita \u00e1gua para funcionar perfeitamente.<\/p>\n<h3>Fa\u00e7a terapia<\/h3>\n<p>Se voc\u00ea j\u00e1 consulta com um psic\u00f3logo ou terapeuta, converse com ele sobre a possibilidade de manter as sess\u00f5es online, por videochamada. Desse modo, voc\u00ea n\u00e3o interrompe o tratamento e ele mant\u00e9m a renda.<\/p>\n<p>Se voc\u00ea ainda n\u00e3o faz, as est\u00e1 sentindo necessidade de conversar com um profissional, h\u00e1, na internet, plataformas com profissionais comprometidos atendendo remotamente durante a quarentena.<\/p>\n<h3>N\u00e3o se afaste das pessoas<\/h3>\n<p>Embora seja necess\u00e1rio o isolamento f\u00edsico, voc\u00ea deve manter contato di\u00e1rio com familiares e amigos mais pr\u00f3ximos. Troquem mensagens de texto e marquem chamadas por v\u00eddeo para conversarem. D\u00ea uma aten\u00e7\u00e3o especial para os que moram sozinhos e est\u00e3o completamente isolados durante esses dias e, principalmente, para os idosos, que s\u00e3o os com maior tend\u00eancia a sofrer com a solid\u00e3o.<\/p>\n<p>H\u00e1 aplicativos que permitem conversar simultaneamente com mais de uma centena de pessoas. Isso significa que, com um pouco de bom humor e criatividade, \u00e9 poss\u00edvel fazer at\u00e9 uma festa on-line.<\/p>\n<p>Mantenha-se bem e seguro e fique em casa, sempre que poss\u00edvel, para que possamos nos reencontrar na ELASE em breve!<\/p>\n","protected":false},"excerpt":{"rendered":"<p>A fim de reduzir a curva de contamina\u00e7\u00e3o pelo coronav\u00edrus, e prezando pela sa\u00fade da popula\u00e7\u00e3o, o prefeito de Florian\u00f3polis ampliou o [&hellip;]<\/p>\n","protected":false},"author":7,"featured_media":622,"comment_status":"closed","ping_status":"closed","sticky":false,"template":"","format":"standard","meta":{"footnotes":"","_links_to":"","_links_to_target":""},"categories":[1],"tags":[],"class_list":["post-621","post","type-post","status-publish","format-standard","has-post-thumbnail","hentry","category-sem-categoria"],"yoast_head":"<!-- This site is optimized with the Yoast SEO plugin v26.1.1 - https:\/\/yoast.com\/wordpress\/plugins\/seo\/ -->\n<title>Sa\u00fade mental: dicas para cuidar do seu psicol\u00f3gico durante a quarentena<\/title>\n<meta name=\"description\" content=\"Estresse, tens\u00e3o, ansiedade e solid\u00e3o s\u00e3o queixas constante de quem est\u00e1 em casa durante a quarentena. \u00c9 preciso estar atento \u00e0 sua sa\u00fade menta\" \/>\n<meta name=\"robots\" content=\"index, follow, max-snippet:-1, max-image-preview:large, max-video-preview:-1\" \/>\n<link rel=\"canonical\" href=\"https:\/\/www.elase.com.br\/blog\/como-manter-a-saude-mental-durante-a-quarentena\/\" \/>\n<meta property=\"og:locale\" content=\"pt_BR\" \/>\n<meta property=\"og:type\" content=\"article\" \/>\n<meta property=\"og:title\" content=\"Sa\u00fade mental: dicas para cuidar do seu psicol\u00f3gico durante a quarentena\" \/>\n<meta property=\"og:description\" content=\"Estresse, tens\u00e3o, ansiedade e solid\u00e3o s\u00e3o queixas constante de quem est\u00e1 em casa durante a quarentena. \u00c9 preciso estar atento \u00e0 sua sa\u00fade menta\" \/>\n<meta property=\"og:url\" content=\"https:\/\/www.elase.com.br\/blog\/como-manter-a-saude-mental-durante-a-quarentena\/\" \/>\n<meta property=\"og:site_name\" content=\"Blog da ELASE\" \/>\n<meta property=\"article:published_time\" content=\"2020-04-02T12:53:37+00:00\" \/>\n<meta property=\"article:modified_time\" content=\"2020-04-09T17:44:21+00:00\" \/>\n<meta property=\"og:image\" content=\"https:\/\/www.elase.com.br\/blog\/wp-content\/uploads\/sites\/2\/2020\/04\/Elase-PostBlog-saudemental_BLOG.jpg\" \/>\n\t<meta property=\"og:image:width\" content=\"720\" \/>\n\t<meta property=\"og:image:height\" content=\"370\" \/>\n\t<meta property=\"og:image:type\" content=\"image\/jpeg\" \/>\n<meta name=\"author\" content=\"Elase\" \/>\n<meta name=\"twitter:card\" content=\"summary_large_image\" \/>\n<meta name=\"twitter:label1\" content=\"Escrito por\" \/>\n\t<meta name=\"twitter:data1\" content=\"Elase\" \/>\n\t<meta name=\"twitter:label2\" content=\"Est. tempo de leitura\" \/>\n\t<meta name=\"twitter:data2\" content=\"5 minutos\" \/>\n<script type=\"application\/ld+json\" class=\"yoast-schema-graph\">{\"@context\":\"https:\/\/schema.org\",\"@graph\":[{\"@type\":\"WebPage\",\"@id\":\"https:\/\/www.elase.com.br\/blog\/como-manter-a-saude-mental-durante-a-quarentena\/\",\"url\":\"https:\/\/www.elase.com.br\/blog\/como-manter-a-saude-mental-durante-a-quarentena\/\",\"name\":\"Sa\u00fade mental: dicas para cuidar do seu psicol\u00f3gico durante a quarentena\",\"isPartOf\":{\"@id\":\"https:\/\/www.elase.com.br\/blog\/#website\"},\"primaryImageOfPage\":{\"@id\":\"https:\/\/www.elase.com.br\/blog\/como-manter-a-saude-mental-durante-a-quarentena\/#primaryimage\"},\"image\":{\"@id\":\"https:\/\/www.elase.com.br\/blog\/como-manter-a-saude-mental-durante-a-quarentena\/#primaryimage\"},\"thumbnailUrl\":\"https:\/\/www.elase.com.br\/blog\/wp-content\/uploads\/sites\/2\/2020\/04\/Elase-PostBlog-saudemental_BLOG.jpg\",\"datePublished\":\"2020-04-02T12:53:37+00:00\",\"dateModified\":\"2020-04-09T17:44:21+00:00\",\"author\":{\"@id\":\"https:\/\/www.elase.com.br\/blog\/#\/schema\/person\/c5648edcd86e91cabc5f62555421edce\"},\"description\":\"Estresse, tens\u00e3o, ansiedade e solid\u00e3o s\u00e3o queixas constante de quem est\u00e1 em casa durante a quarentena. \u00c9 preciso estar atento \u00e0 sua sa\u00fade mental!\",\"breadcrumb\":{\"@id\":\"https:\/\/www.elase.com.br\/blog\/como-manter-a-saude-mental-durante-a-quarentena\/#breadcrumb\"},\"inLanguage\":\"pt-BR\",\"potentialAction\":[{\"@type\":\"ReadAction\",\"target\":[\"https:\/\/www.elase.com.br\/blog\/como-manter-a-saude-mental-durante-a-quarentena\/\"]}]},{\"@type\":\"ImageObject\",\"inLanguage\":\"pt-BR\",\"@id\":\"https:\/\/www.elase.com.br\/blog\/como-manter-a-saude-mental-durante-a-quarentena\/#primaryimage\",\"url\":\"https:\/\/www.elase.com.br\/blog\/wp-content\/uploads\/sites\/2\/2020\/04\/Elase-PostBlog-saudemental_BLOG.jpg\",\"contentUrl\":\"https:\/\/www.elase.com.br\/blog\/wp-content\/uploads\/sites\/2\/2020\/04\/Elase-PostBlog-saudemental_BLOG.jpg\",\"width\":720,\"height\":370},{\"@type\":\"BreadcrumbList\",\"@id\":\"https:\/\/www.elase.com.br\/blog\/como-manter-a-saude-mental-durante-a-quarentena\/#breadcrumb\",\"itemListElement\":[{\"@type\":\"ListItem\",\"position\":1,\"name\":\"In\u00edcio\",\"item\":\"https:\/\/www.elase.com.br\/blog\/\"},{\"@type\":\"ListItem\",\"position\":2,\"name\":\"Como manter a sa\u00fade mental durante a quarentena\"}]},{\"@type\":\"WebSite\",\"@id\":\"https:\/\/www.elase.com.br\/blog\/#website\",\"url\":\"https:\/\/www.elase.com.br\/blog\/\",\"name\":\"Blog da ELASE\",\"description\":\"\",\"potentialAction\":[{\"@type\":\"SearchAction\",\"target\":{\"@type\":\"EntryPoint\",\"urlTemplate\":\"https:\/\/www.elase.com.br\/blog\/?s={search_term_string}\"},\"query-input\":{\"@type\":\"PropertyValueSpecification\",\"valueRequired\":true,\"valueName\":\"search_term_string\"}}],\"inLanguage\":\"pt-BR\"},{\"@type\":\"Person\",\"@id\":\"https:\/\/www.elase.com.br\/blog\/#\/schema\/person\/c5648edcd86e91cabc5f62555421edce\",\"name\":\"Elase\",\"image\":{\"@type\":\"ImageObject\",\"inLanguage\":\"pt-BR\",\"@id\":\"https:\/\/www.elase.com.br\/blog\/#\/schema\/person\/image\/\",\"url\":\"https:\/\/secure.gravatar.com\/avatar\/e04f303593dd0bee5fdbdc05ef63066d59e1a5bf61b911bf6653c92bfb86e392?s=96&r=g&d=https:\/\/www.elase.com.br\/blog\/wp-content\/plugins\/userswp\/assets\/images\/no_profile.png\",\"contentUrl\":\"https:\/\/secure.gravatar.com\/avatar\/e04f303593dd0bee5fdbdc05ef63066d59e1a5bf61b911bf6653c92bfb86e392?s=96&r=g&d=https:\/\/www.elase.com.br\/blog\/wp-content\/plugins\/userswp\/assets\/images\/no_profile.png\",\"caption\":\"Elase\"},\"url\":\"https:\/\/www.elase.com.br\/blog\/author\/roberta\/\"}]}<\/script>\n<!-- \/ Yoast SEO plugin. -->","yoast_head_json":{"title":"Sa\u00fade mental: dicas para cuidar do seu psicol\u00f3gico durante a quarentena","description":"Estresse, tens\u00e3o, ansiedade e solid\u00e3o s\u00e3o queixas constante de quem est\u00e1 em casa durante a quarentena. \u00c9 preciso estar atento \u00e0 sua sa\u00fade menta","robots":{"index":"index","follow":"follow","max-snippet":"max-snippet:-1","max-image-preview":"max-image-preview:large","max-video-preview":"max-video-preview:-1"},"canonical":"https:\/\/www.elase.com.br\/blog\/como-manter-a-saude-mental-durante-a-quarentena\/","og_locale":"pt_BR","og_type":"article","og_title":"Sa\u00fade mental: dicas para cuidar do seu psicol\u00f3gico durante a quarentena","og_description":"Estresse, tens\u00e3o, ansiedade e solid\u00e3o s\u00e3o queixas constante de quem est\u00e1 em casa durante a quarentena. \u00c9 preciso estar atento \u00e0 sua sa\u00fade menta","og_url":"https:\/\/www.elase.com.br\/blog\/como-manter-a-saude-mental-durante-a-quarentena\/","og_site_name":"Blog da ELASE","article_published_time":"2020-04-02T12:53:37+00:00","article_modified_time":"2020-04-09T17:44:21+00:00","og_image":[{"width":720,"height":370,"url":"https:\/\/www.elase.com.br\/blog\/wp-content\/uploads\/sites\/2\/2020\/04\/Elase-PostBlog-saudemental_BLOG.jpg","type":"image\/jpeg"}],"author":"Elase","twitter_card":"summary_large_image","twitter_misc":{"Escrito por":"Elase","Est. tempo de leitura":"5 minutos"},"schema":{"@context":"https:\/\/schema.org","@graph":[{"@type":"WebPage","@id":"https:\/\/www.elase.com.br\/blog\/como-manter-a-saude-mental-durante-a-quarentena\/","url":"https:\/\/www.elase.com.br\/blog\/como-manter-a-saude-mental-durante-a-quarentena\/","name":"Sa\u00fade mental: dicas para cuidar do seu psicol\u00f3gico durante a quarentena","isPartOf":{"@id":"https:\/\/www.elase.com.br\/blog\/#website"},"primaryImageOfPage":{"@id":"https:\/\/www.elase.com.br\/blog\/como-manter-a-saude-mental-durante-a-quarentena\/#primaryimage"},"image":{"@id":"https:\/\/www.elase.com.br\/blog\/como-manter-a-saude-mental-durante-a-quarentena\/#primaryimage"},"thumbnailUrl":"https:\/\/www.elase.com.br\/blog\/wp-content\/uploads\/sites\/2\/2020\/04\/Elase-PostBlog-saudemental_BLOG.jpg","datePublished":"2020-04-02T12:53:37+00:00","dateModified":"2020-04-09T17:44:21+00:00","author":{"@id":"https:\/\/www.elase.com.br\/blog\/#\/schema\/person\/c5648edcd86e91cabc5f62555421edce"},"description":"Estresse, tens\u00e3o, ansiedade e solid\u00e3o s\u00e3o queixas constante de quem est\u00e1 em casa durante a quarentena. \u00c9 preciso estar atento \u00e0 sua sa\u00fade mental!","breadcrumb":{"@id":"https:\/\/www.elase.com.br\/blog\/como-manter-a-saude-mental-durante-a-quarentena\/#breadcrumb"},"inLanguage":"pt-BR","potentialAction":[{"@type":"ReadAction","target":["https:\/\/www.elase.com.br\/blog\/como-manter-a-saude-mental-durante-a-quarentena\/"]}]},{"@type":"ImageObject","inLanguage":"pt-BR","@id":"https:\/\/www.elase.com.br\/blog\/como-manter-a-saude-mental-durante-a-quarentena\/#primaryimage","url":"https:\/\/www.elase.com.br\/blog\/wp-content\/uploads\/sites\/2\/2020\/04\/Elase-PostBlog-saudemental_BLOG.jpg","contentUrl":"https:\/\/www.elase.com.br\/blog\/wp-content\/uploads\/sites\/2\/2020\/04\/Elase-PostBlog-saudemental_BLOG.jpg","width":720,"height":370},{"@type":"BreadcrumbList","@id":"https:\/\/www.elase.com.br\/blog\/como-manter-a-saude-mental-durante-a-quarentena\/#breadcrumb","itemListElement":[{"@type":"ListItem","position":1,"name":"In\u00edcio","item":"https:\/\/www.elase.com.br\/blog\/"},{"@type":"ListItem","position":2,"name":"Como manter a sa\u00fade mental durante a quarentena"}]},{"@type":"WebSite","@id":"https:\/\/www.elase.com.br\/blog\/#website","url":"https:\/\/www.elase.com.br\/blog\/","name":"Blog da ELASE","description":"","potentialAction":[{"@type":"SearchAction","target":{"@type":"EntryPoint","urlTemplate":"https:\/\/www.elase.com.br\/blog\/?s={search_term_string}"},"query-input":{"@type":"PropertyValueSpecification","valueRequired":true,"valueName":"search_term_string"}}],"inLanguage":"pt-BR"},{"@type":"Person","@id":"https:\/\/www.elase.com.br\/blog\/#\/schema\/person\/c5648edcd86e91cabc5f62555421edce","name":"Elase","image":{"@type":"ImageObject","inLanguage":"pt-BR","@id":"https:\/\/www.elase.com.br\/blog\/#\/schema\/person\/image\/","url":"https:\/\/secure.gravatar.com\/avatar\/e04f303593dd0bee5fdbdc05ef63066d59e1a5bf61b911bf6653c92bfb86e392?s=96&r=g&d=https:\/\/www.elase.com.br\/blog\/wp-content\/plugins\/userswp\/assets\/images\/no_profile.png","contentUrl":"https:\/\/secure.gravatar.com\/avatar\/e04f303593dd0bee5fdbdc05ef63066d59e1a5bf61b911bf6653c92bfb86e392?s=96&r=g&d=https:\/\/www.elase.com.br\/blog\/wp-content\/plugins\/userswp\/assets\/images\/no_profile.png","caption":"Elase"},"url":"https:\/\/www.elase.com.br\/blog\/author\/roberta\/"}]}},"publishpress_future_action":{"enabled":false,"date":"2026-05-08 08:22:43","action":"change-status","newStatus":"draft","terms":[],"taxonomy":"category","extraData":[]},"publishpress_future_workflow_manual_trigger":{"enabledWorkflows":[]},"_links":{"self":[{"href":"https:\/\/www.elase.com.br\/blog\/wp-json\/wp\/v2\/posts\/621","targetHints":{"allow":["GET"]}}],"collection":[{"href":"https:\/\/www.elase.com.br\/blog\/wp-json\/wp\/v2\/posts"}],"about":[{"href":"https:\/\/www.elase.com.br\/blog\/wp-json\/wp\/v2\/types\/post"}],"author":[{"embeddable":true,"href":"https:\/\/www.elase.com.br\/blog\/wp-json\/wp\/v2\/users\/7"}],"replies":[{"embeddable":true,"href":"https:\/\/www.elase.com.br\/blog\/wp-json\/wp\/v2\/comments?post=621"}],"version-history":[{"count":2,"href":"https:\/\/www.elase.com.br\/blog\/wp-json\/wp\/v2\/posts\/621\/revisions"}],"predecessor-version":[{"id":628,"href":"https:\/\/www.elase.com.br\/blog\/wp-json\/wp\/v2\/posts\/621\/revisions\/628"}],"wp:featuredmedia":[{"embeddable":true,"href":"https:\/\/www.elase.com.br\/blog\/wp-json\/wp\/v2\/media\/622"}],"wp:attachment":[{"href":"https:\/\/www.elase.com.br\/blog\/wp-json\/wp\/v2\/media?parent=621"}],"wp:term":[{"taxonomy":"category","embeddable":true,"href":"https:\/\/www.elase.com.br\/blog\/wp-json\/wp\/v2\/categories?post=621"},{"taxonomy":"post_tag","embeddable":true,"href":"https:\/\/www.elase.com.br\/blog\/wp-json\/wp\/v2\/tags?post=621"}],"curies":[{"name":"wp","href":"https:\/\/api.w.org\/{rel}","templated":true}]}}