{"id":602,"date":"2020-03-18T18:31:56","date_gmt":"2020-03-18T21:31:56","guid":{"rendered":"https:\/\/www.elase.com.br\/blog\/?p=602"},"modified":"2020-04-02T09:29:42","modified_gmt":"2020-04-02T12:29:42","slug":"comunicado-oficial-da-elase-covid-19","status":"publish","type":"post","link":"https:\/\/www.elase.com.br\/blog\/comunicado-oficial-da-elase-covid-19\/","title":{"rendered":"Comunicado Oficial da ELASE n\u00ba 2 &#8211; Coronav\u00edrus (Covid-19)"},"content":{"rendered":"<p>A Diretoria Executiva da ELASE traz ao conhecimento geral de seus associados, colaboradores, prestadores de servi\u00e7o e frequentadores, tendo em vista o recente Decreto do Governo do Estado de Santa Catarina, n\u00famero 515, que declarou situa\u00e7\u00e3o de emerg\u00eancia na noite desta ter\u00e7a-feira, 17\/03\/2020, as medidas tomadas pela associa\u00e7\u00e3o visando o atendimento desta determina\u00e7\u00e3o legal:<\/p>\n<ul>\n<li>O Clube a partir do dia 19\/03, ficar\u00e1 fechado por 07 (sete) dias. Ao final deste per\u00edodo, observaremos as medidas governamentais que ser\u00e3o tomadas;<\/li>\n<\/ul>\n<ul>\n<li>Permanece \u00e0 disposi\u00e7\u00e3o do quadro social o n\u00famero de WhatsApp (48) 98403 2654, para esclarecimento de qualquer d\u00favida;<\/li>\n<\/ul>\n<p>Refor\u00e7amos que neste momento de grande apreens\u00e3o, \u00e9 importante que todos os associados mantenham o senso de coletividade, mantendo-se matriculados nas atividades at\u00e9 que este per\u00edodo mais cr\u00edtico seja superado. Esta conduta de fidelidade \u00e0 ELASE \u00e9 fundamental para respeitar compromissos assumidos, manter a infraestrutura e honrar a folha de pagamento dos nossos colaboradores, sob pena de insolv\u00eancia da associa\u00e7\u00e3o.<\/p>\n<p>Contamos com a compreens\u00e3o e esfor\u00e7os de todos.<\/p>\n<p>Atenciosamente,<\/p>\n<p>Diretoria Executiva da ELASE<\/p>\n","protected":false},"excerpt":{"rendered":"<p>A Diretoria Executiva da ELASE traz ao conhecimento geral de seus associados, colaboradores, prestadores de servi\u00e7o e frequentadores, tendo em vista o [&hellip;]<\/p>\n","protected":false},"author":7,"featured_media":603,"comment_status":"closed","ping_status":"closed","sticky":false,"template":"","format":"standard","meta":{"footnotes":"","_links_to":"","_links_to_target":""},"categories":[8],"tags":[],"class_list":["post-602","post","type-post","status-publish","format-standard","has-post-thumbnail","hentry","category-elase"],"yoast_head":"<!-- This site is optimized with the Yoast SEO plugin v26.1.1 - https:\/\/yoast.com\/wordpress\/plugins\/seo\/ -->\n<title>Comunicado Oficial da ELASE n\u00ba 2 - Coronav\u00edrus (Covid-19) - Blog da ELASE<\/title>\n<meta name=\"robots\" content=\"index, follow, max-snippet:-1, max-image-preview:large, max-video-preview:-1\" \/>\n<link rel=\"canonical\" href=\"https:\/\/www.elase.com.br\/blog\/comunicado-oficial-da-elase-covid-19\/\" \/>\n<meta property=\"og:locale\" content=\"pt_BR\" \/>\n<meta property=\"og:type\" content=\"article\" \/>\n<meta property=\"og:title\" content=\"Comunicado Oficial da ELASE n\u00ba 2 - Coronav\u00edrus (Covid-19) - Blog da ELASE\" \/>\n<meta property=\"og:description\" content=\"A Diretoria Executiva da ELASE traz ao conhecimento geral de seus associados, colaboradores, prestadores de servi\u00e7o e frequentadores, tendo em vista\" \/>\n<meta property=\"og:url\" content=\"https:\/\/www.elase.com.br\/blog\/comunicado-oficial-da-elase-covid-19\/\" \/>\n<meta property=\"og:site_name\" content=\"Blog da ELASE\" \/>\n<meta property=\"article:published_time\" content=\"2020-03-18T21:31:56+00:00\" \/>\n<meta property=\"article:modified_time\" content=\"2020-04-02T12:29:42+00:00\" \/>\n<meta property=\"og:image\" content=\"https:\/\/www.elase.com.br\/blog\/wp-content\/uploads\/sites\/2\/2020\/03\/Elase-PostBlog-covidaviso_BLOG.jpg\" \/>\n\t<meta property=\"og:image:width\" content=\"720\" \/>\n\t<meta property=\"og:image:height\" content=\"370\" \/>\n\t<meta property=\"og:image:type\" content=\"image\/jpeg\" \/>\n<meta name=\"author\" content=\"Elase\" \/>\n<meta name=\"twitter:card\" content=\"summary_large_image\" \/>\n<meta name=\"twitter:label1\" content=\"Escrito por\" \/>\n\t<meta name=\"twitter:data1\" content=\"Elase\" \/>\n\t<meta name=\"twitter:label2\" content=\"Est. tempo de leitura\" \/>\n\t<meta name=\"twitter:data2\" content=\"1 minuto\" \/>\n<script type=\"application\/ld+json\" class=\"yoast-schema-graph\">{\"@context\":\"https:\/\/schema.org\",\"@graph\":[{\"@type\":\"WebPage\",\"@id\":\"https:\/\/www.elase.com.br\/blog\/comunicado-oficial-da-elase-covid-19\/\",\"url\":\"https:\/\/www.elase.com.br\/blog\/comunicado-oficial-da-elase-covid-19\/\",\"name\":\"Comunicado Oficial da ELASE n\u00ba 2 - Coronav\u00edrus (Covid-19) - Blog da ELASE\",\"isPartOf\":{\"@id\":\"https:\/\/www.elase.com.br\/blog\/#website\"},\"primaryImageOfPage\":{\"@id\":\"https:\/\/www.elase.com.br\/blog\/comunicado-oficial-da-elase-covid-19\/#primaryimage\"},\"image\":{\"@id\":\"https:\/\/www.elase.com.br\/blog\/comunicado-oficial-da-elase-covid-19\/#primaryimage\"},\"thumbnailUrl\":\"https:\/\/www.elase.com.br\/blog\/wp-content\/uploads\/sites\/2\/2020\/03\/Elase-PostBlog-covidaviso_BLOG.jpg\",\"datePublished\":\"2020-03-18T21:31:56+00:00\",\"dateModified\":\"2020-04-02T12:29:42+00:00\",\"author\":{\"@id\":\"https:\/\/www.elase.com.br\/blog\/#\/schema\/person\/c5648edcd86e91cabc5f62555421edce\"},\"breadcrumb\":{\"@id\":\"https:\/\/www.elase.com.br\/blog\/comunicado-oficial-da-elase-covid-19\/#breadcrumb\"},\"inLanguage\":\"pt-BR\",\"potentialAction\":[{\"@type\":\"ReadAction\",\"target\":[\"https:\/\/www.elase.com.br\/blog\/comunicado-oficial-da-elase-covid-19\/\"]}]},{\"@type\":\"ImageObject\",\"inLanguage\":\"pt-BR\",\"@id\":\"https:\/\/www.elase.com.br\/blog\/comunicado-oficial-da-elase-covid-19\/#primaryimage\",\"url\":\"https:\/\/www.elase.com.br\/blog\/wp-content\/uploads\/sites\/2\/2020\/03\/Elase-PostBlog-covidaviso_BLOG.jpg\",\"contentUrl\":\"https:\/\/www.elase.com.br\/blog\/wp-content\/uploads\/sites\/2\/2020\/03\/Elase-PostBlog-covidaviso_BLOG.jpg\",\"width\":720,\"height\":370},{\"@type\":\"BreadcrumbList\",\"@id\":\"https:\/\/www.elase.com.br\/blog\/comunicado-oficial-da-elase-covid-19\/#breadcrumb\",\"itemListElement\":[{\"@type\":\"ListItem\",\"position\":1,\"name\":\"In\u00edcio\",\"item\":\"https:\/\/www.elase.com.br\/blog\/\"},{\"@type\":\"ListItem\",\"position\":2,\"name\":\"Comunicado Oficial da ELASE n\u00ba 2 &#8211; Coronav\u00edrus (Covid-19)\"}]},{\"@type\":\"WebSite\",\"@id\":\"https:\/\/www.elase.com.br\/blog\/#website\",\"url\":\"https:\/\/www.elase.com.br\/blog\/\",\"name\":\"Blog da ELASE\",\"description\":\"\",\"potentialAction\":[{\"@type\":\"SearchAction\",\"target\":{\"@type\":\"EntryPoint\",\"urlTemplate\":\"https:\/\/www.elase.com.br\/blog\/?s={search_term_string}\"},\"query-input\":{\"@type\":\"PropertyValueSpecification\",\"valueRequired\":true,\"valueName\":\"search_term_string\"}}],\"inLanguage\":\"pt-BR\"},{\"@type\":\"Person\",\"@id\":\"https:\/\/www.elase.com.br\/blog\/#\/schema\/person\/c5648edcd86e91cabc5f62555421edce\",\"name\":\"Elase\",\"image\":{\"@type\":\"ImageObject\",\"inLanguage\":\"pt-BR\",\"@id\":\"https:\/\/www.elase.com.br\/blog\/#\/schema\/person\/image\/\",\"url\":\"https:\/\/secure.gravatar.com\/avatar\/e04f303593dd0bee5fdbdc05ef63066d59e1a5bf61b911bf6653c92bfb86e392?s=96&r=g&d=https:\/\/www.elase.com.br\/blog\/wp-content\/plugins\/userswp\/assets\/images\/no_profile.png\",\"contentUrl\":\"https:\/\/secure.gravatar.com\/avatar\/e04f303593dd0bee5fdbdc05ef63066d59e1a5bf61b911bf6653c92bfb86e392?s=96&r=g&d=https:\/\/www.elase.com.br\/blog\/wp-content\/plugins\/userswp\/assets\/images\/no_profile.png\",\"caption\":\"Elase\"},\"url\":\"https:\/\/www.elase.com.br\/blog\/author\/roberta\/\"}]}<\/script>\n<!-- \/ Yoast SEO plugin. -->","yoast_head_json":{"title":"Comunicado Oficial da ELASE n\u00ba 2 - Coronav\u00edrus (Covid-19) - Blog da ELASE","robots":{"index":"index","follow":"follow","max-snippet":"max-snippet:-1","max-image-preview":"max-image-preview:large","max-video-preview":"max-video-preview:-1"},"canonical":"https:\/\/www.elase.com.br\/blog\/comunicado-oficial-da-elase-covid-19\/","og_locale":"pt_BR","og_type":"article","og_title":"Comunicado Oficial da ELASE n\u00ba 2 - Coronav\u00edrus (Covid-19) - Blog da ELASE","og_description":"A Diretoria Executiva da ELASE traz ao conhecimento geral de seus associados, colaboradores, prestadores de servi\u00e7o e frequentadores, tendo em vista","og_url":"https:\/\/www.elase.com.br\/blog\/comunicado-oficial-da-elase-covid-19\/","og_site_name":"Blog da ELASE","article_published_time":"2020-03-18T21:31:56+00:00","article_modified_time":"2020-04-02T12:29:42+00:00","og_image":[{"width":720,"height":370,"url":"https:\/\/www.elase.com.br\/blog\/wp-content\/uploads\/sites\/2\/2020\/03\/Elase-PostBlog-covidaviso_BLOG.jpg","type":"image\/jpeg"}],"author":"Elase","twitter_card":"summary_large_image","twitter_misc":{"Escrito por":"Elase","Est. tempo de leitura":"1 minuto"},"schema":{"@context":"https:\/\/schema.org","@graph":[{"@type":"WebPage","@id":"https:\/\/www.elase.com.br\/blog\/comunicado-oficial-da-elase-covid-19\/","url":"https:\/\/www.elase.com.br\/blog\/comunicado-oficial-da-elase-covid-19\/","name":"Comunicado Oficial da ELASE n\u00ba 2 - Coronav\u00edrus (Covid-19) - Blog da ELASE","isPartOf":{"@id":"https:\/\/www.elase.com.br\/blog\/#website"},"primaryImageOfPage":{"@id":"https:\/\/www.elase.com.br\/blog\/comunicado-oficial-da-elase-covid-19\/#primaryimage"},"image":{"@id":"https:\/\/www.elase.com.br\/blog\/comunicado-oficial-da-elase-covid-19\/#primaryimage"},"thumbnailUrl":"https:\/\/www.elase.com.br\/blog\/wp-content\/uploads\/sites\/2\/2020\/03\/Elase-PostBlog-covidaviso_BLOG.jpg","datePublished":"2020-03-18T21:31:56+00:00","dateModified":"2020-04-02T12:29:42+00:00","author":{"@id":"https:\/\/www.elase.com.br\/blog\/#\/schema\/person\/c5648edcd86e91cabc5f62555421edce"},"breadcrumb":{"@id":"https:\/\/www.elase.com.br\/blog\/comunicado-oficial-da-elase-covid-19\/#breadcrumb"},"inLanguage":"pt-BR","potentialAction":[{"@type":"ReadAction","target":["https:\/\/www.elase.com.br\/blog\/comunicado-oficial-da-elase-covid-19\/"]}]},{"@type":"ImageObject","inLanguage":"pt-BR","@id":"https:\/\/www.elase.com.br\/blog\/comunicado-oficial-da-elase-covid-19\/#primaryimage","url":"https:\/\/www.elase.com.br\/blog\/wp-content\/uploads\/sites\/2\/2020\/03\/Elase-PostBlog-covidaviso_BLOG.jpg","contentUrl":"https:\/\/www.elase.com.br\/blog\/wp-content\/uploads\/sites\/2\/2020\/03\/Elase-PostBlog-covidaviso_BLOG.jpg","width":720,"height":370},{"@type":"BreadcrumbList","@id":"https:\/\/www.elase.com.br\/blog\/comunicado-oficial-da-elase-covid-19\/#breadcrumb","itemListElement":[{"@type":"ListItem","position":1,"name":"In\u00edcio","item":"https:\/\/www.elase.com.br\/blog\/"},{"@type":"ListItem","position":2,"name":"Comunicado Oficial da ELASE n\u00ba 2 &#8211; Coronav\u00edrus (Covid-19)"}]},{"@type":"WebSite","@id":"https:\/\/www.elase.com.br\/blog\/#website","url":"https:\/\/www.elase.com.br\/blog\/","name":"Blog da ELASE","description":"","potentialAction":[{"@type":"SearchAction","target":{"@type":"EntryPoint","urlTemplate":"https:\/\/www.elase.com.br\/blog\/?s={search_term_string}"},"query-input":{"@type":"PropertyValueSpecification","valueRequired":true,"valueName":"search_term_string"}}],"inLanguage":"pt-BR"},{"@type":"Person","@id":"https:\/\/www.elase.com.br\/blog\/#\/schema\/person\/c5648edcd86e91cabc5f62555421edce","name":"Elase","image":{"@type":"ImageObject","inLanguage":"pt-BR","@id":"https:\/\/www.elase.com.br\/blog\/#\/schema\/person\/image\/","url":"https:\/\/secure.gravatar.com\/avatar\/e04f303593dd0bee5fdbdc05ef63066d59e1a5bf61b911bf6653c92bfb86e392?s=96&r=g&d=https:\/\/www.elase.com.br\/blog\/wp-content\/plugins\/userswp\/assets\/images\/no_profile.png","contentUrl":"https:\/\/secure.gravatar.com\/avatar\/e04f303593dd0bee5fdbdc05ef63066d59e1a5bf61b911bf6653c92bfb86e392?s=96&r=g&d=https:\/\/www.elase.com.br\/blog\/wp-content\/plugins\/userswp\/assets\/images\/no_profile.png","caption":"Elase"},"url":"https:\/\/www.elase.com.br\/blog\/author\/roberta\/"}]}},"publishpress_future_action":{"enabled":false,"date":"2026-05-06 04:56:30","action":"change-status","newStatus":"draft","terms":[],"taxonomy":"category","extraData":[]},"publishpress_future_workflow_manual_trigger":{"enabledWorkflows":[]},"_links":{"self":[{"href":"https:\/\/www.elase.com.br\/blog\/wp-json\/wp\/v2\/posts\/602","targetHints":{"allow":["GET"]}}],"collection":[{"href":"https:\/\/www.elase.com.br\/blog\/wp-json\/wp\/v2\/posts"}],"about":[{"href":"https:\/\/www.elase.com.br\/blog\/wp-json\/wp\/v2\/types\/post"}],"author":[{"embeddable":true,"href":"https:\/\/www.elase.com.br\/blog\/wp-json\/wp\/v2\/users\/7"}],"replies":[{"embeddable":true,"href":"https:\/\/www.elase.com.br\/blog\/wp-json\/wp\/v2\/comments?post=602"}],"version-history":[{"count":6,"href":"https:\/\/www.elase.com.br\/blog\/wp-json\/wp\/v2\/posts\/602\/revisions"}],"predecessor-version":[{"id":614,"href":"https:\/\/www.elase.com.br\/blog\/wp-json\/wp\/v2\/posts\/602\/revisions\/614"}],"wp:featuredmedia":[{"embeddable":true,"href":"https:\/\/www.elase.com.br\/blog\/wp-json\/wp\/v2\/media\/603"}],"wp:attachment":[{"href":"https:\/\/www.elase.com.br\/blog\/wp-json\/wp\/v2\/media?parent=602"}],"wp:term":[{"taxonomy":"category","embeddable":true,"href":"https:\/\/www.elase.com.br\/blog\/wp-json\/wp\/v2\/categories?post=602"},{"taxonomy":"post_tag","embeddable":true,"href":"https:\/\/www.elase.com.br\/blog\/wp-json\/wp\/v2\/tags?post=602"}],"curies":[{"name":"wp","href":"https:\/\/api.w.org\/{rel}","templated":true}]}}