{"id":587,"date":"2020-02-17T15:31:36","date_gmt":"2020-02-17T18:31:36","guid":{"rendered":"https:\/\/www.elase.com.br\/blog\/?p=587"},"modified":"2020-02-04T15:50:34","modified_gmt":"2020-02-04T18:50:34","slug":"carnaval-em-florianopolis-e-na-elase","status":"publish","type":"post","link":"https:\/\/www.elase.com.br\/blog\/carnaval-em-florianopolis-e-na-elase\/","title":{"rendered":"Carnaval em Florian\u00f3polis \u00e9 na Elase"},"content":{"rendered":"<p><span style=\"font-weight: 400;\">Embora o Carnaval de rua do Brasil venha crescendo a cada ano em todas as cidades, h\u00e1 sempre os que preferem aproveitar a folia nos moldes cl\u00e1ssicos dos sal\u00f5es de clubes e de sociedades recreativas. O Carnaval em Florian\u00f3polis tem como op\u00e7\u00e3o a Elase, que conta com o Baile Verde e Branco. A melhor maneira de manter a tradi\u00e7\u00e3o <\/span><span style=\"font-weight: 400;\">para quem quer curtir a festa de Momo com muita anima\u00e7\u00e3o e seguran\u00e7a.\u00a0<\/span><\/p>\n<p>&nbsp;<\/p>\n<h3><b>HIST\u00d3RIA CARNAVAL DE SAL\u00c3O NO BRASIL<\/b><\/h3>\n<p><span style=\"font-weight: 400;\">Engana-se quem pensa que o Carnaval brasileiro teve origem no samba! Entretanto, o ritmo foi incorporado \u00e0 festa que veio para o Pa\u00eds no s\u00e9culo 19. Por\u00e9m, ele seguia os moldes do Carnaval europeu, com seus bailes de m\u00e1scaras e personagens cl\u00e1ssicos como Pierr\u00f4, Arlequim e Colombina.<\/span><\/p>\n<p><span style=\"font-weight: 400;\">O primeiro baile realizado no Brasil aconteceu no Hotel It\u00e1lia, na cidade do Rio de Janeiro, ent\u00e3o capital Pa\u00eds. Aconteceu por iniciativa de alguns imigrantes italianos &#8211; entre eles, os donos do hotel. A ideia era copiar os bailes de m\u00e1scara realizados em Veneza. O sucesso foi t\u00e3o grande que o evento passou a se repetir nos outros carnavais e logo se expandiu para diversos sal\u00f5es e at\u00e9 teatros na cidade e fora dela.<\/span><\/p>\n<p><span style=\"font-weight: 400;\">Nos primeiros anos as festas eram embaladas por orquestras que tocavam polcas, charleston, maxixe e at\u00e9 valsa. Somente em 1899, com o sucesso de &#8220;\u00d4, abre alas&#8221;, de Chiquinha Gonzaga, o ritmo oficial dos carnavais de sal\u00e3o passou a ser a marchinha. No in\u00edcio do s\u00e9culo 20 o samba foi incorporado ao repert\u00f3rio da folia.<\/span><\/p>\n<p><span style=\"font-weight: 400;\">Nos sal\u00f5es surgiram os famosos e concorridos concursos de fantasia que, entre as d\u00e9cadas de 1950 e 1970 &#8211; principalmente &#8211; viveram seu auge. O grande foli\u00e3o dessa \u00e9poca foi Cl\u00f3vis Bornay, que at\u00e9 hoje inspira carnavalescos dos quatro cantos do Pa\u00eds. Os concursos s\u00e3o, tamb\u00e9m, marca registrada dos carnavais de sal\u00e3o. Em muitas cidades ainda s\u00e3o realizados e movimentam estilistas e costureiros durante meses.<\/span><\/p>\n<p>&nbsp;<\/p>\n<h3><b>Carnaval em Florian\u00f3polis: baile Verde e Branco na Elase<\/b><\/h3>\n<p><span style=\"font-weight: 400;\">Em 2020, a ELASE ter\u00e1 duas grandes festas. Acontecer\u00e1 o Baile Infantil, para dependentes dos associados (dia 23 de fevereiro, das 15h \u00e0s 19h), e a 11\u00aa edi\u00e7\u00e3o do Baile Verde e Branco (dia 24 de fevereiro). Al\u00e9m disso, quem deseja fugir do agito pode contar com a estrutura de esporte e lazer da associa\u00e7\u00e3o. O Parque Aqu\u00e1tico, o Complexo de Raquetes e os parques para crian\u00e7as estar\u00e3o abertos durante o feriado.<\/span><\/p>\n<p><a href=\"https:\/\/www.elase.com.br\/quero-me-associar\/\"><img fetchpriority=\"high\" decoding=\"async\" class=\"aligncenter size-full wp-image-588\" src=\"https:\/\/www.elase.com.br\/blog\/wp-content\/uploads\/sites\/2\/2020\/02\/Elase-post-carnaval-03.jpg\" alt=\"\" width=\"600\" height=\"120\" srcset=\"https:\/\/www.elase.com.br\/blog\/wp-content\/uploads\/sites\/2\/2020\/02\/Elase-post-carnaval-03.jpg 600w, https:\/\/www.elase.com.br\/blog\/wp-content\/uploads\/sites\/2\/2020\/02\/Elase-post-carnaval-03-300x60.jpg 300w, https:\/\/www.elase.com.br\/blog\/wp-content\/uploads\/sites\/2\/2020\/02\/Elase-post-carnaval-03-230x46.jpg 230w, https:\/\/www.elase.com.br\/blog\/wp-content\/uploads\/sites\/2\/2020\/02\/Elase-post-carnaval-03-350x70.jpg 350w, https:\/\/www.elase.com.br\/blog\/wp-content\/uploads\/sites\/2\/2020\/02\/Elase-post-carnaval-03-480x96.jpg 480w\" sizes=\"(max-width: 600px) 100vw, 600px\" \/><\/a><\/p>\n","protected":false},"excerpt":{"rendered":"<p>Embora o Carnaval de rua do Brasil venha crescendo a cada ano em todas as cidades, h\u00e1 sempre os que preferem aproveitar [&hellip;]<\/p>\n","protected":false},"author":7,"featured_media":589,"comment_status":"closed","ping_status":"closed","sticky":false,"template":"","format":"standard","meta":{"footnotes":"","_links_to":"","_links_to_target":""},"categories":[9],"tags":[],"class_list":["post-587","post","type-post","status-publish","format-standard","has-post-thumbnail","hentry","category-dicas"],"yoast_head":"<!-- This site is optimized with the Yoast SEO plugin v26.1.1 - https:\/\/yoast.com\/wordpress\/plugins\/seo\/ -->\n<title>Carnaval em Florian\u00f3polis: conhe\u00e7a a programa\u00e7\u00e3o da Elase<\/title>\n<meta name=\"description\" content=\"Carnaval em Florian\u00f3polis com a Elase! O tradicional Baile Verde e Branco entra em sua 11\u00aa edi\u00e7\u00e3o. Leia mais sobre a festa no blog\" \/>\n<meta name=\"robots\" content=\"index, follow, max-snippet:-1, max-image-preview:large, max-video-preview:-1\" \/>\n<link rel=\"canonical\" href=\"https:\/\/www.elase.com.br\/blog\/carnaval-em-florianopolis-e-na-elase\/\" \/>\n<meta property=\"og:locale\" content=\"pt_BR\" \/>\n<meta property=\"og:type\" content=\"article\" \/>\n<meta property=\"og:title\" content=\"Carnaval em Florian\u00f3polis: conhe\u00e7a a programa\u00e7\u00e3o da Elase\" \/>\n<meta property=\"og:description\" content=\"Carnaval em Florian\u00f3polis com a Elase! O tradicional Baile Verde e Branco entra em sua 11\u00aa edi\u00e7\u00e3o. Leia mais sobre a festa no blog\" \/>\n<meta property=\"og:url\" content=\"https:\/\/www.elase.com.br\/blog\/carnaval-em-florianopolis-e-na-elase\/\" \/>\n<meta property=\"og:site_name\" content=\"Blog da ELASE\" \/>\n<meta property=\"article:published_time\" content=\"2020-02-17T18:31:36+00:00\" \/>\n<meta property=\"og:image\" content=\"https:\/\/www.elase.com.br\/blog\/wp-content\/uploads\/sites\/2\/2020\/02\/Elase-post-carnaval-02.jpg\" \/>\n\t<meta property=\"og:image:width\" content=\"871\" \/>\n\t<meta property=\"og:image:height\" content=\"327\" \/>\n\t<meta property=\"og:image:type\" content=\"image\/jpeg\" \/>\n<meta name=\"author\" content=\"Elase\" \/>\n<meta name=\"twitter:card\" content=\"summary_large_image\" \/>\n<meta name=\"twitter:label1\" content=\"Escrito por\" \/>\n\t<meta name=\"twitter:data1\" content=\"Elase\" \/>\n\t<meta name=\"twitter:label2\" content=\"Est. tempo de leitura\" \/>\n\t<meta name=\"twitter:data2\" content=\"2 minutos\" \/>\n<script type=\"application\/ld+json\" class=\"yoast-schema-graph\">{\"@context\":\"https:\/\/schema.org\",\"@graph\":[{\"@type\":\"WebPage\",\"@id\":\"https:\/\/www.elase.com.br\/blog\/carnaval-em-florianopolis-e-na-elase\/\",\"url\":\"https:\/\/www.elase.com.br\/blog\/carnaval-em-florianopolis-e-na-elase\/\",\"name\":\"Carnaval em Florian\u00f3polis: conhe\u00e7a a programa\u00e7\u00e3o da Elase\",\"isPartOf\":{\"@id\":\"https:\/\/www.elase.com.br\/blog\/#website\"},\"primaryImageOfPage\":{\"@id\":\"https:\/\/www.elase.com.br\/blog\/carnaval-em-florianopolis-e-na-elase\/#primaryimage\"},\"image\":{\"@id\":\"https:\/\/www.elase.com.br\/blog\/carnaval-em-florianopolis-e-na-elase\/#primaryimage\"},\"thumbnailUrl\":\"https:\/\/www.elase.com.br\/blog\/wp-content\/uploads\/sites\/2\/2020\/02\/Elase-post-carnaval-02.jpg\",\"datePublished\":\"2020-02-17T18:31:36+00:00\",\"author\":{\"@id\":\"https:\/\/www.elase.com.br\/blog\/#\/schema\/person\/c5648edcd86e91cabc5f62555421edce\"},\"description\":\"Carnaval em Florian\u00f3polis com a Elase! O tradicional Baile Verde e Branco entra em sua 11\u00aa edi\u00e7\u00e3o. Leia mais sobre a festa no blog\",\"breadcrumb\":{\"@id\":\"https:\/\/www.elase.com.br\/blog\/carnaval-em-florianopolis-e-na-elase\/#breadcrumb\"},\"inLanguage\":\"pt-BR\",\"potentialAction\":[{\"@type\":\"ReadAction\",\"target\":[\"https:\/\/www.elase.com.br\/blog\/carnaval-em-florianopolis-e-na-elase\/\"]}]},{\"@type\":\"ImageObject\",\"inLanguage\":\"pt-BR\",\"@id\":\"https:\/\/www.elase.com.br\/blog\/carnaval-em-florianopolis-e-na-elase\/#primaryimage\",\"url\":\"https:\/\/www.elase.com.br\/blog\/wp-content\/uploads\/sites\/2\/2020\/02\/Elase-post-carnaval-02.jpg\",\"contentUrl\":\"https:\/\/www.elase.com.br\/blog\/wp-content\/uploads\/sites\/2\/2020\/02\/Elase-post-carnaval-02.jpg\",\"width\":871,\"height\":327},{\"@type\":\"BreadcrumbList\",\"@id\":\"https:\/\/www.elase.com.br\/blog\/carnaval-em-florianopolis-e-na-elase\/#breadcrumb\",\"itemListElement\":[{\"@type\":\"ListItem\",\"position\":1,\"name\":\"In\u00edcio\",\"item\":\"https:\/\/www.elase.com.br\/blog\/\"},{\"@type\":\"ListItem\",\"position\":2,\"name\":\"Carnaval em Florian\u00f3polis \u00e9 na Elase\"}]},{\"@type\":\"WebSite\",\"@id\":\"https:\/\/www.elase.com.br\/blog\/#website\",\"url\":\"https:\/\/www.elase.com.br\/blog\/\",\"name\":\"Blog da ELASE\",\"description\":\"\",\"potentialAction\":[{\"@type\":\"SearchAction\",\"target\":{\"@type\":\"EntryPoint\",\"urlTemplate\":\"https:\/\/www.elase.com.br\/blog\/?s={search_term_string}\"},\"query-input\":{\"@type\":\"PropertyValueSpecification\",\"valueRequired\":true,\"valueName\":\"search_term_string\"}}],\"inLanguage\":\"pt-BR\"},{\"@type\":\"Person\",\"@id\":\"https:\/\/www.elase.com.br\/blog\/#\/schema\/person\/c5648edcd86e91cabc5f62555421edce\",\"name\":\"Elase\",\"image\":{\"@type\":\"ImageObject\",\"inLanguage\":\"pt-BR\",\"@id\":\"https:\/\/www.elase.com.br\/blog\/#\/schema\/person\/image\/\",\"url\":\"https:\/\/secure.gravatar.com\/avatar\/e04f303593dd0bee5fdbdc05ef63066d59e1a5bf61b911bf6653c92bfb86e392?s=96&r=g&d=https:\/\/www.elase.com.br\/blog\/wp-content\/plugins\/userswp\/assets\/images\/no_profile.png\",\"contentUrl\":\"https:\/\/secure.gravatar.com\/avatar\/e04f303593dd0bee5fdbdc05ef63066d59e1a5bf61b911bf6653c92bfb86e392?s=96&r=g&d=https:\/\/www.elase.com.br\/blog\/wp-content\/plugins\/userswp\/assets\/images\/no_profile.png\",\"caption\":\"Elase\"},\"url\":\"https:\/\/www.elase.com.br\/blog\/author\/roberta\/\"}]}<\/script>\n<!-- \/ Yoast SEO plugin. -->","yoast_head_json":{"title":"Carnaval em Florian\u00f3polis: conhe\u00e7a a programa\u00e7\u00e3o da Elase","description":"Carnaval em Florian\u00f3polis com a Elase! O tradicional Baile Verde e Branco entra em sua 11\u00aa edi\u00e7\u00e3o. Leia mais sobre a festa no blog","robots":{"index":"index","follow":"follow","max-snippet":"max-snippet:-1","max-image-preview":"max-image-preview:large","max-video-preview":"max-video-preview:-1"},"canonical":"https:\/\/www.elase.com.br\/blog\/carnaval-em-florianopolis-e-na-elase\/","og_locale":"pt_BR","og_type":"article","og_title":"Carnaval em Florian\u00f3polis: conhe\u00e7a a programa\u00e7\u00e3o da Elase","og_description":"Carnaval em Florian\u00f3polis com a Elase! O tradicional Baile Verde e Branco entra em sua 11\u00aa edi\u00e7\u00e3o. Leia mais sobre a festa no blog","og_url":"https:\/\/www.elase.com.br\/blog\/carnaval-em-florianopolis-e-na-elase\/","og_site_name":"Blog da ELASE","article_published_time":"2020-02-17T18:31:36+00:00","og_image":[{"width":871,"height":327,"url":"https:\/\/www.elase.com.br\/blog\/wp-content\/uploads\/sites\/2\/2020\/02\/Elase-post-carnaval-02.jpg","type":"image\/jpeg"}],"author":"Elase","twitter_card":"summary_large_image","twitter_misc":{"Escrito por":"Elase","Est. tempo de leitura":"2 minutos"},"schema":{"@context":"https:\/\/schema.org","@graph":[{"@type":"WebPage","@id":"https:\/\/www.elase.com.br\/blog\/carnaval-em-florianopolis-e-na-elase\/","url":"https:\/\/www.elase.com.br\/blog\/carnaval-em-florianopolis-e-na-elase\/","name":"Carnaval em Florian\u00f3polis: conhe\u00e7a a programa\u00e7\u00e3o da Elase","isPartOf":{"@id":"https:\/\/www.elase.com.br\/blog\/#website"},"primaryImageOfPage":{"@id":"https:\/\/www.elase.com.br\/blog\/carnaval-em-florianopolis-e-na-elase\/#primaryimage"},"image":{"@id":"https:\/\/www.elase.com.br\/blog\/carnaval-em-florianopolis-e-na-elase\/#primaryimage"},"thumbnailUrl":"https:\/\/www.elase.com.br\/blog\/wp-content\/uploads\/sites\/2\/2020\/02\/Elase-post-carnaval-02.jpg","datePublished":"2020-02-17T18:31:36+00:00","author":{"@id":"https:\/\/www.elase.com.br\/blog\/#\/schema\/person\/c5648edcd86e91cabc5f62555421edce"},"description":"Carnaval em Florian\u00f3polis com a Elase! O tradicional Baile Verde e Branco entra em sua 11\u00aa edi\u00e7\u00e3o. Leia mais sobre a festa no blog","breadcrumb":{"@id":"https:\/\/www.elase.com.br\/blog\/carnaval-em-florianopolis-e-na-elase\/#breadcrumb"},"inLanguage":"pt-BR","potentialAction":[{"@type":"ReadAction","target":["https:\/\/www.elase.com.br\/blog\/carnaval-em-florianopolis-e-na-elase\/"]}]},{"@type":"ImageObject","inLanguage":"pt-BR","@id":"https:\/\/www.elase.com.br\/blog\/carnaval-em-florianopolis-e-na-elase\/#primaryimage","url":"https:\/\/www.elase.com.br\/blog\/wp-content\/uploads\/sites\/2\/2020\/02\/Elase-post-carnaval-02.jpg","contentUrl":"https:\/\/www.elase.com.br\/blog\/wp-content\/uploads\/sites\/2\/2020\/02\/Elase-post-carnaval-02.jpg","width":871,"height":327},{"@type":"BreadcrumbList","@id":"https:\/\/www.elase.com.br\/blog\/carnaval-em-florianopolis-e-na-elase\/#breadcrumb","itemListElement":[{"@type":"ListItem","position":1,"name":"In\u00edcio","item":"https:\/\/www.elase.com.br\/blog\/"},{"@type":"ListItem","position":2,"name":"Carnaval em Florian\u00f3polis \u00e9 na Elase"}]},{"@type":"WebSite","@id":"https:\/\/www.elase.com.br\/blog\/#website","url":"https:\/\/www.elase.com.br\/blog\/","name":"Blog da ELASE","description":"","potentialAction":[{"@type":"SearchAction","target":{"@type":"EntryPoint","urlTemplate":"https:\/\/www.elase.com.br\/blog\/?s={search_term_string}"},"query-input":{"@type":"PropertyValueSpecification","valueRequired":true,"valueName":"search_term_string"}}],"inLanguage":"pt-BR"},{"@type":"Person","@id":"https:\/\/www.elase.com.br\/blog\/#\/schema\/person\/c5648edcd86e91cabc5f62555421edce","name":"Elase","image":{"@type":"ImageObject","inLanguage":"pt-BR","@id":"https:\/\/www.elase.com.br\/blog\/#\/schema\/person\/image\/","url":"https:\/\/secure.gravatar.com\/avatar\/e04f303593dd0bee5fdbdc05ef63066d59e1a5bf61b911bf6653c92bfb86e392?s=96&r=g&d=https:\/\/www.elase.com.br\/blog\/wp-content\/plugins\/userswp\/assets\/images\/no_profile.png","contentUrl":"https:\/\/secure.gravatar.com\/avatar\/e04f303593dd0bee5fdbdc05ef63066d59e1a5bf61b911bf6653c92bfb86e392?s=96&r=g&d=https:\/\/www.elase.com.br\/blog\/wp-content\/plugins\/userswp\/assets\/images\/no_profile.png","caption":"Elase"},"url":"https:\/\/www.elase.com.br\/blog\/author\/roberta\/"}]}},"publishpress_future_action":{"enabled":false,"date":"2026-05-03 05:14:32","action":"change-status","newStatus":"draft","terms":[],"taxonomy":"category","extraData":[]},"publishpress_future_workflow_manual_trigger":{"enabledWorkflows":[]},"_links":{"self":[{"href":"https:\/\/www.elase.com.br\/blog\/wp-json\/wp\/v2\/posts\/587","targetHints":{"allow":["GET"]}}],"collection":[{"href":"https:\/\/www.elase.com.br\/blog\/wp-json\/wp\/v2\/posts"}],"about":[{"href":"https:\/\/www.elase.com.br\/blog\/wp-json\/wp\/v2\/types\/post"}],"author":[{"embeddable":true,"href":"https:\/\/www.elase.com.br\/blog\/wp-json\/wp\/v2\/users\/7"}],"replies":[{"embeddable":true,"href":"https:\/\/www.elase.com.br\/blog\/wp-json\/wp\/v2\/comments?post=587"}],"version-history":[{"count":1,"href":"https:\/\/www.elase.com.br\/blog\/wp-json\/wp\/v2\/posts\/587\/revisions"}],"predecessor-version":[{"id":590,"href":"https:\/\/www.elase.com.br\/blog\/wp-json\/wp\/v2\/posts\/587\/revisions\/590"}],"wp:featuredmedia":[{"embeddable":true,"href":"https:\/\/www.elase.com.br\/blog\/wp-json\/wp\/v2\/media\/589"}],"wp:attachment":[{"href":"https:\/\/www.elase.com.br\/blog\/wp-json\/wp\/v2\/media?parent=587"}],"wp:term":[{"taxonomy":"category","embeddable":true,"href":"https:\/\/www.elase.com.br\/blog\/wp-json\/wp\/v2\/categories?post=587"},{"taxonomy":"post_tag","embeddable":true,"href":"https:\/\/www.elase.com.br\/blog\/wp-json\/wp\/v2\/tags?post=587"}],"curies":[{"name":"wp","href":"https:\/\/api.w.org\/{rel}","templated":true}]}}