{"id":454,"date":"2019-03-11T15:52:58","date_gmt":"2019-03-11T18:52:58","guid":{"rendered":"https:\/\/www.elase.com.br\/blog\/?p=454"},"modified":"2019-03-12T11:38:38","modified_gmt":"2019-03-12T14:38:38","slug":"torino-fc-academy-brasil-sede-florianopolis","status":"publish","type":"post","link":"https:\/\/www.elase.com.br\/blog\/torino-fc-academy-brasil-sede-florianopolis\/","title":{"rendered":"Torino FC Academy Brasil ter\u00e1 sede na Elase, em Florian\u00f3polis"},"content":{"rendered":"<p>A partir de abril de 2019 a Elase ser\u00e1 sede do Torino FC Academy Brasil. O clube italiano estar\u00e1 nos gramados sint\u00e9ticos da associa\u00e7\u00e3o com uma metodologia de treino oferecida para suas categorias de base. Al\u00e9m disso, o Torino trar\u00e1 para Florian\u00f3polis projetos culturais, como o interc\u00e2mbio anual para a It\u00e1lia, aulas no idioma italiano, jogos cooperativos, din\u00e2micas de psicologia em grupo e din\u00e2mica com nutricionista. Associados \u00e0 Elase ter\u00e3o desconto especial nos valores das mensalidades.<\/p>\n<p>Quem quiser conhecer o projeto do Torino FC no Clube Elase, em mar\u00e7o de 2019 as aulas ser\u00e3o experimentais gratuitas. As atividades ser\u00e3o nos dias 22, 27 e 29. Os dias de treino ser\u00e3o quartas e sextas-feiras, das 8h30 \u00e0s 11h e das 15h \u00e0s 17h30. \u00c0s segundas-feiras os alunos matriculados ter\u00e3o atividades de sala de jogos cooperativos em ingl\u00eas e aulas de italiano. Para informa\u00e7\u00f5es sobre matr\u00edcula, o interessado deve procurar a secretaria da Elase.<img fetchpriority=\"high\" decoding=\"async\" class=\"aligncenter wp-image-456 size-full\" src=\"https:\/\/www.elase.com.br\/blog\/wp-content\/uploads\/sites\/2\/2019\/03\/TORINODAY-Elase-conteudo.png\" alt=\"Torino FC Academy Brasil\" width=\"713\" height=\"507\" srcset=\"https:\/\/www.elase.com.br\/blog\/wp-content\/uploads\/sites\/2\/2019\/03\/TORINODAY-Elase-conteudo.png 713w, https:\/\/www.elase.com.br\/blog\/wp-content\/uploads\/sites\/2\/2019\/03\/TORINODAY-Elase-conteudo-300x213.png 300w, https:\/\/www.elase.com.br\/blog\/wp-content\/uploads\/sites\/2\/2019\/03\/TORINODAY-Elase-conteudo-230x164.png 230w, https:\/\/www.elase.com.br\/blog\/wp-content\/uploads\/sites\/2\/2019\/03\/TORINODAY-Elase-conteudo-350x249.png 350w, https:\/\/www.elase.com.br\/blog\/wp-content\/uploads\/sites\/2\/2019\/03\/TORINODAY-Elase-conteudo-480x341.png 480w\" sizes=\"(max-width: 713px) 100vw, 713px\" \/><\/p>\n<p>&nbsp;<\/p>\n<h2><strong>Torino faz primeiro evento na Elase<\/strong><\/h2>\n<p>E para come\u00e7ar as atividades, o Torino j\u00e1 esteve na Elase para a sexta edi\u00e7\u00e3o do Torino FC Camp, evento organizado pelo staff do Torino FC Academy Brasil, quando apresentou novidades para 2019. Uma das principais foi a semana do Torino Camp Pro, que trabalhou com atletas pr\u00e9-profissionais.<\/p>\n<p>O Torino FC Camp foi dividido em tr\u00eas semanas e na \u00faltima, os atletas realizaram as atividades na Elase. No per\u00edodo de treinamentos participaram 91 atletas, entre 5 e 17 anos. O que chamou bastante aten\u00e7\u00e3o \u00e9 que crian\u00e7as de outros Estados, al\u00e9m de Santa Catarina, participaram do Camp.<\/p>\n<p>Durante a semana que ficaram no Camp, os atletas puderam vivenciar a rotina de um jogador de futebol. Por l\u00e1, estiveram em per\u00edodo integral e foram acompanhados por todos os profissionais do Torino FC Academy Brasil. Nos treinamentos, os participantes, devidamente uniformizados, tinham toda a metodologia europeia sejam nos trabalhos t\u00e1ticos, t\u00e9cnicos e f\u00edsicos, al\u00e9m de jogos cooperativos para valorizar o esp\u00edrito de equipe.<\/p>\n<p>Eles tamb\u00e9m puderam interagir com profissionais (nutricionistas, jornalistas e psic\u00f3logos) que vivenciam a rotina do futebol. At\u00e9 o atleta profissional, o lateral-esquerdo do FC Dallas (ex-Figueirense), Marquinhos Pedroso, visitou o Camp e interagiu com os jovens atletas.<\/p>\n<h3><\/h3>\n<h3><a href=\"https:\/\/elase.com.br\" target=\"_blank\" rel=\"noopener\"><img decoding=\"async\" class=\"aligncenter wp-image-455 size-full\" src=\"https:\/\/www.elase.com.br\/blog\/wp-content\/uploads\/sites\/2\/2019\/03\/TORINODAY-Elase-cta.png\" alt=\"Torino FC Academy Brasil\" width=\"600\" height=\"128\" srcset=\"https:\/\/www.elase.com.br\/blog\/wp-content\/uploads\/sites\/2\/2019\/03\/TORINODAY-Elase-cta.png 600w, https:\/\/www.elase.com.br\/blog\/wp-content\/uploads\/sites\/2\/2019\/03\/TORINODAY-Elase-cta-300x64.png 300w, https:\/\/www.elase.com.br\/blog\/wp-content\/uploads\/sites\/2\/2019\/03\/TORINODAY-Elase-cta-230x49.png 230w, https:\/\/www.elase.com.br\/blog\/wp-content\/uploads\/sites\/2\/2019\/03\/TORINODAY-Elase-cta-350x75.png 350w, https:\/\/www.elase.com.br\/blog\/wp-content\/uploads\/sites\/2\/2019\/03\/TORINODAY-Elase-cta-480x102.png 480w\" sizes=\"(max-width: 600px) 100vw, 600px\" \/><\/a><\/h3>\n","protected":false},"excerpt":{"rendered":"<p>A partir de abril de 2019 a Elase ser\u00e1 sede do Torino FC Academy Brasil. O clube italiano estar\u00e1 nos gramados sint\u00e9ticos [&hellip;]<\/p>\n","protected":false},"author":7,"featured_media":457,"comment_status":"closed","ping_status":"closed","sticky":false,"template":"","format":"standard","meta":{"footnotes":"","_links_to":"","_links_to_target":""},"categories":[8],"tags":[],"class_list":["post-454","post","type-post","status-publish","format-standard","has-post-thumbnail","hentry","category-elase"],"yoast_head":"<!-- This site is optimized with the Yoast SEO plugin v26.1.1 - https:\/\/yoast.com\/wordpress\/plugins\/seo\/ -->\n<title>Torino FC Academy Brasil ter\u00e1 sede na Elase, em Florian\u00f3polis<\/title>\n<meta name=\"description\" content=\"A partir de abril de 2019 a Elase ser\u00e1 sede do Torino FC Academy Brasil. Associados \u00e0 Elase ter\u00e3o desconto especial nos valores das mensalidades.\" \/>\n<meta name=\"robots\" content=\"index, follow, max-snippet:-1, max-image-preview:large, max-video-preview:-1\" \/>\n<link rel=\"canonical\" href=\"https:\/\/www.elase.com.br\/blog\/torino-fc-academy-brasil-sede-florianopolis\/\" \/>\n<meta property=\"og:locale\" content=\"pt_BR\" \/>\n<meta property=\"og:type\" content=\"article\" \/>\n<meta property=\"og:title\" content=\"Torino FC Academy Brasil ter\u00e1 sede na Elase, em Florian\u00f3polis\" \/>\n<meta property=\"og:description\" content=\"A partir de abril de 2019 a Elase ser\u00e1 sede do Torino FC Academy Brasil. Associados \u00e0 Elase ter\u00e3o desconto especial nos valores das mensalidades.\" \/>\n<meta property=\"og:url\" content=\"https:\/\/www.elase.com.br\/blog\/torino-fc-academy-brasil-sede-florianopolis\/\" \/>\n<meta property=\"og:site_name\" content=\"Blog da ELASE\" \/>\n<meta property=\"article:published_time\" content=\"2019-03-11T18:52:58+00:00\" \/>\n<meta property=\"article:modified_time\" content=\"2019-03-12T14:38:38+00:00\" \/>\n<meta property=\"og:image\" content=\"https:\/\/www.elase.com.br\/blog\/wp-content\/uploads\/sites\/2\/2019\/03\/TORINODAY-Elase-capablog.png\" \/>\n\t<meta property=\"og:image:width\" content=\"1200\" \/>\n\t<meta property=\"og:image:height\" content=\"627\" \/>\n\t<meta property=\"og:image:type\" content=\"image\/png\" \/>\n<meta name=\"author\" content=\"Elase\" \/>\n<meta name=\"twitter:card\" content=\"summary_large_image\" \/>\n<meta name=\"twitter:label1\" content=\"Escrito por\" \/>\n\t<meta name=\"twitter:data1\" content=\"Elase\" \/>\n\t<meta name=\"twitter:label2\" content=\"Est. tempo de leitura\" \/>\n\t<meta name=\"twitter:data2\" content=\"2 minutos\" \/>\n<script type=\"application\/ld+json\" class=\"yoast-schema-graph\">{\"@context\":\"https:\/\/schema.org\",\"@graph\":[{\"@type\":\"WebPage\",\"@id\":\"https:\/\/www.elase.com.br\/blog\/torino-fc-academy-brasil-sede-florianopolis\/\",\"url\":\"https:\/\/www.elase.com.br\/blog\/torino-fc-academy-brasil-sede-florianopolis\/\",\"name\":\"Torino FC Academy Brasil ter\u00e1 sede na Elase, em Florian\u00f3polis\",\"isPartOf\":{\"@id\":\"https:\/\/www.elase.com.br\/blog\/#website\"},\"primaryImageOfPage\":{\"@id\":\"https:\/\/www.elase.com.br\/blog\/torino-fc-academy-brasil-sede-florianopolis\/#primaryimage\"},\"image\":{\"@id\":\"https:\/\/www.elase.com.br\/blog\/torino-fc-academy-brasil-sede-florianopolis\/#primaryimage\"},\"thumbnailUrl\":\"https:\/\/www.elase.com.br\/blog\/wp-content\/uploads\/sites\/2\/2019\/03\/TORINODAY-Elase-capablog.png\",\"datePublished\":\"2019-03-11T18:52:58+00:00\",\"dateModified\":\"2019-03-12T14:38:38+00:00\",\"author\":{\"@id\":\"https:\/\/www.elase.com.br\/blog\/#\/schema\/person\/c5648edcd86e91cabc5f62555421edce\"},\"description\":\"A partir de abril de 2019 a Elase ser\u00e1 sede do Torino FC Academy Brasil. Associados \u00e0 Elase ter\u00e3o desconto especial nos valores das mensalidades.\",\"breadcrumb\":{\"@id\":\"https:\/\/www.elase.com.br\/blog\/torino-fc-academy-brasil-sede-florianopolis\/#breadcrumb\"},\"inLanguage\":\"pt-BR\",\"potentialAction\":[{\"@type\":\"ReadAction\",\"target\":[\"https:\/\/www.elase.com.br\/blog\/torino-fc-academy-brasil-sede-florianopolis\/\"]}]},{\"@type\":\"ImageObject\",\"inLanguage\":\"pt-BR\",\"@id\":\"https:\/\/www.elase.com.br\/blog\/torino-fc-academy-brasil-sede-florianopolis\/#primaryimage\",\"url\":\"https:\/\/www.elase.com.br\/blog\/wp-content\/uploads\/sites\/2\/2019\/03\/TORINODAY-Elase-capablog.png\",\"contentUrl\":\"https:\/\/www.elase.com.br\/blog\/wp-content\/uploads\/sites\/2\/2019\/03\/TORINODAY-Elase-capablog.png\",\"width\":1200,\"height\":627,\"caption\":\"Torino FC Academy Brasil\"},{\"@type\":\"BreadcrumbList\",\"@id\":\"https:\/\/www.elase.com.br\/blog\/torino-fc-academy-brasil-sede-florianopolis\/#breadcrumb\",\"itemListElement\":[{\"@type\":\"ListItem\",\"position\":1,\"name\":\"In\u00edcio\",\"item\":\"https:\/\/www.elase.com.br\/blog\/\"},{\"@type\":\"ListItem\",\"position\":2,\"name\":\"Torino FC Academy Brasil ter\u00e1 sede na Elase, em Florian\u00f3polis\"}]},{\"@type\":\"WebSite\",\"@id\":\"https:\/\/www.elase.com.br\/blog\/#website\",\"url\":\"https:\/\/www.elase.com.br\/blog\/\",\"name\":\"Blog da ELASE\",\"description\":\"\",\"potentialAction\":[{\"@type\":\"SearchAction\",\"target\":{\"@type\":\"EntryPoint\",\"urlTemplate\":\"https:\/\/www.elase.com.br\/blog\/?s={search_term_string}\"},\"query-input\":{\"@type\":\"PropertyValueSpecification\",\"valueRequired\":true,\"valueName\":\"search_term_string\"}}],\"inLanguage\":\"pt-BR\"},{\"@type\":\"Person\",\"@id\":\"https:\/\/www.elase.com.br\/blog\/#\/schema\/person\/c5648edcd86e91cabc5f62555421edce\",\"name\":\"Elase\",\"image\":{\"@type\":\"ImageObject\",\"inLanguage\":\"pt-BR\",\"@id\":\"https:\/\/www.elase.com.br\/blog\/#\/schema\/person\/image\/\",\"url\":\"https:\/\/secure.gravatar.com\/avatar\/e04f303593dd0bee5fdbdc05ef63066d59e1a5bf61b911bf6653c92bfb86e392?s=96&r=g&d=https:\/\/www.elase.com.br\/blog\/wp-content\/plugins\/userswp\/assets\/images\/no_profile.png\",\"contentUrl\":\"https:\/\/secure.gravatar.com\/avatar\/e04f303593dd0bee5fdbdc05ef63066d59e1a5bf61b911bf6653c92bfb86e392?s=96&r=g&d=https:\/\/www.elase.com.br\/blog\/wp-content\/plugins\/userswp\/assets\/images\/no_profile.png\",\"caption\":\"Elase\"},\"url\":\"https:\/\/www.elase.com.br\/blog\/author\/roberta\/\"}]}<\/script>\n<!-- \/ Yoast SEO plugin. -->","yoast_head_json":{"title":"Torino FC Academy Brasil ter\u00e1 sede na Elase, em Florian\u00f3polis","description":"A partir de abril de 2019 a Elase ser\u00e1 sede do Torino FC Academy Brasil. Associados \u00e0 Elase ter\u00e3o desconto especial nos valores das mensalidades.","robots":{"index":"index","follow":"follow","max-snippet":"max-snippet:-1","max-image-preview":"max-image-preview:large","max-video-preview":"max-video-preview:-1"},"canonical":"https:\/\/www.elase.com.br\/blog\/torino-fc-academy-brasil-sede-florianopolis\/","og_locale":"pt_BR","og_type":"article","og_title":"Torino FC Academy Brasil ter\u00e1 sede na Elase, em Florian\u00f3polis","og_description":"A partir de abril de 2019 a Elase ser\u00e1 sede do Torino FC Academy Brasil. Associados \u00e0 Elase ter\u00e3o desconto especial nos valores das mensalidades.","og_url":"https:\/\/www.elase.com.br\/blog\/torino-fc-academy-brasil-sede-florianopolis\/","og_site_name":"Blog da ELASE","article_published_time":"2019-03-11T18:52:58+00:00","article_modified_time":"2019-03-12T14:38:38+00:00","og_image":[{"width":1200,"height":627,"url":"https:\/\/www.elase.com.br\/blog\/wp-content\/uploads\/sites\/2\/2019\/03\/TORINODAY-Elase-capablog.png","type":"image\/png"}],"author":"Elase","twitter_card":"summary_large_image","twitter_misc":{"Escrito por":"Elase","Est. tempo de leitura":"2 minutos"},"schema":{"@context":"https:\/\/schema.org","@graph":[{"@type":"WebPage","@id":"https:\/\/www.elase.com.br\/blog\/torino-fc-academy-brasil-sede-florianopolis\/","url":"https:\/\/www.elase.com.br\/blog\/torino-fc-academy-brasil-sede-florianopolis\/","name":"Torino FC Academy Brasil ter\u00e1 sede na Elase, em Florian\u00f3polis","isPartOf":{"@id":"https:\/\/www.elase.com.br\/blog\/#website"},"primaryImageOfPage":{"@id":"https:\/\/www.elase.com.br\/blog\/torino-fc-academy-brasil-sede-florianopolis\/#primaryimage"},"image":{"@id":"https:\/\/www.elase.com.br\/blog\/torino-fc-academy-brasil-sede-florianopolis\/#primaryimage"},"thumbnailUrl":"https:\/\/www.elase.com.br\/blog\/wp-content\/uploads\/sites\/2\/2019\/03\/TORINODAY-Elase-capablog.png","datePublished":"2019-03-11T18:52:58+00:00","dateModified":"2019-03-12T14:38:38+00:00","author":{"@id":"https:\/\/www.elase.com.br\/blog\/#\/schema\/person\/c5648edcd86e91cabc5f62555421edce"},"description":"A partir de abril de 2019 a Elase ser\u00e1 sede do Torino FC Academy Brasil. Associados \u00e0 Elase ter\u00e3o desconto especial nos valores das mensalidades.","breadcrumb":{"@id":"https:\/\/www.elase.com.br\/blog\/torino-fc-academy-brasil-sede-florianopolis\/#breadcrumb"},"inLanguage":"pt-BR","potentialAction":[{"@type":"ReadAction","target":["https:\/\/www.elase.com.br\/blog\/torino-fc-academy-brasil-sede-florianopolis\/"]}]},{"@type":"ImageObject","inLanguage":"pt-BR","@id":"https:\/\/www.elase.com.br\/blog\/torino-fc-academy-brasil-sede-florianopolis\/#primaryimage","url":"https:\/\/www.elase.com.br\/blog\/wp-content\/uploads\/sites\/2\/2019\/03\/TORINODAY-Elase-capablog.png","contentUrl":"https:\/\/www.elase.com.br\/blog\/wp-content\/uploads\/sites\/2\/2019\/03\/TORINODAY-Elase-capablog.png","width":1200,"height":627,"caption":"Torino FC Academy Brasil"},{"@type":"BreadcrumbList","@id":"https:\/\/www.elase.com.br\/blog\/torino-fc-academy-brasil-sede-florianopolis\/#breadcrumb","itemListElement":[{"@type":"ListItem","position":1,"name":"In\u00edcio","item":"https:\/\/www.elase.com.br\/blog\/"},{"@type":"ListItem","position":2,"name":"Torino FC Academy Brasil ter\u00e1 sede na Elase, em Florian\u00f3polis"}]},{"@type":"WebSite","@id":"https:\/\/www.elase.com.br\/blog\/#website","url":"https:\/\/www.elase.com.br\/blog\/","name":"Blog da ELASE","description":"","potentialAction":[{"@type":"SearchAction","target":{"@type":"EntryPoint","urlTemplate":"https:\/\/www.elase.com.br\/blog\/?s={search_term_string}"},"query-input":{"@type":"PropertyValueSpecification","valueRequired":true,"valueName":"search_term_string"}}],"inLanguage":"pt-BR"},{"@type":"Person","@id":"https:\/\/www.elase.com.br\/blog\/#\/schema\/person\/c5648edcd86e91cabc5f62555421edce","name":"Elase","image":{"@type":"ImageObject","inLanguage":"pt-BR","@id":"https:\/\/www.elase.com.br\/blog\/#\/schema\/person\/image\/","url":"https:\/\/secure.gravatar.com\/avatar\/e04f303593dd0bee5fdbdc05ef63066d59e1a5bf61b911bf6653c92bfb86e392?s=96&r=g&d=https:\/\/www.elase.com.br\/blog\/wp-content\/plugins\/userswp\/assets\/images\/no_profile.png","contentUrl":"https:\/\/secure.gravatar.com\/avatar\/e04f303593dd0bee5fdbdc05ef63066d59e1a5bf61b911bf6653c92bfb86e392?s=96&r=g&d=https:\/\/www.elase.com.br\/blog\/wp-content\/plugins\/userswp\/assets\/images\/no_profile.png","caption":"Elase"},"url":"https:\/\/www.elase.com.br\/blog\/author\/roberta\/"}]}},"publishpress_future_action":{"enabled":false,"date":"2026-05-05 05:20:41","action":"change-status","newStatus":"draft","terms":[],"taxonomy":"category","extraData":[]},"publishpress_future_workflow_manual_trigger":{"enabledWorkflows":[]},"_links":{"self":[{"href":"https:\/\/www.elase.com.br\/blog\/wp-json\/wp\/v2\/posts\/454","targetHints":{"allow":["GET"]}}],"collection":[{"href":"https:\/\/www.elase.com.br\/blog\/wp-json\/wp\/v2\/posts"}],"about":[{"href":"https:\/\/www.elase.com.br\/blog\/wp-json\/wp\/v2\/types\/post"}],"author":[{"embeddable":true,"href":"https:\/\/www.elase.com.br\/blog\/wp-json\/wp\/v2\/users\/7"}],"replies":[{"embeddable":true,"href":"https:\/\/www.elase.com.br\/blog\/wp-json\/wp\/v2\/comments?post=454"}],"version-history":[{"count":2,"href":"https:\/\/www.elase.com.br\/blog\/wp-json\/wp\/v2\/posts\/454\/revisions"}],"predecessor-version":[{"id":466,"href":"https:\/\/www.elase.com.br\/blog\/wp-json\/wp\/v2\/posts\/454\/revisions\/466"}],"wp:featuredmedia":[{"embeddable":true,"href":"https:\/\/www.elase.com.br\/blog\/wp-json\/wp\/v2\/media\/457"}],"wp:attachment":[{"href":"https:\/\/www.elase.com.br\/blog\/wp-json\/wp\/v2\/media?parent=454"}],"wp:term":[{"taxonomy":"category","embeddable":true,"href":"https:\/\/www.elase.com.br\/blog\/wp-json\/wp\/v2\/categories?post=454"},{"taxonomy":"post_tag","embeddable":true,"href":"https:\/\/www.elase.com.br\/blog\/wp-json\/wp\/v2\/tags?post=454"}],"curies":[{"name":"wp","href":"https:\/\/api.w.org\/{rel}","templated":true}]}}