{"id":317,"date":"2018-09-05T17:17:44","date_gmt":"2018-09-05T20:17:44","guid":{"rendered":"https:\/\/www.elase.com.br\/blog\/?p=317"},"modified":"2018-09-05T17:17:44","modified_gmt":"2018-09-05T20:17:44","slug":"seminario-internacional-aikido","status":"publish","type":"post","link":"https:\/\/www.elase.com.br\/blog\/seminario-internacional-aikido\/","title":{"rendered":"Elase recebe Semin\u00e1rio Internacional de Aikido"},"content":{"rendered":"<p>A Elase abre as portas da sua estrutura para receber, neste dia 9 de setembro, o Semin\u00e1rio Internacional de Aikido, realizado pelo Instituto Catarinense de Aikido e ministrado pelo Mestre Shoji Seki Shihan. Interessados em conhecer mais sobre a pr\u00e1tica, podem se inscrever no dia do evento. O valor por pessoa \u00e9 de R$ 250 e o semin\u00e1rio acontece das 8h45 \u00e0s 16h. Podem participar associados e n\u00e3o-associados do clube.<\/p>\n<p>Seki Shihan \u00e9 faixa preta 8\u00ba grau e instrutor da Funda\u00e7\u00e3o Aikikai do Jap\u00e3o, sede mundial do Aikido, desde 1973. Ele ministra semin\u00e1rios em diferentes pa\u00edses e j\u00e1 passou pelos Estados Unidos, Fran\u00e7a, Israel, R\u00fassia, Peru, Argentina e Indon\u00e9sia.<\/p>\n<p>&nbsp;<\/p>\n<h2>Conhe\u00e7a mais sobre a pr\u00e1tica<\/h2>\n<p>O Aikido \u00e9 uma arte origin\u00e1ria do Jap\u00e3o que busca unir corpo e mente. Mais do que uma arte marcial, a t\u00e9cnica tamb\u00e9m re\u00fane defesa pessoal e esporte. O Aikido prioriza a preserva\u00e7\u00e3o de valores morais, hierarquia e a disciplina. N\u00e3o h\u00e1 competi\u00e7\u00f5es neste esporte, como acontece com outras artes marciais.<\/p>\n<p>A t\u00e9cnica prioriza a disciplina, a valoriza\u00e7\u00e3o dos mais velhos, a gratid\u00e3o e a honra. O Aikido estimula os participantes a superarem dificuldades e limita\u00e7\u00f5es. Por isso, nas premissas do esporte, n\u00e3o h\u00e1 a inten\u00e7\u00e3o de habilitar a pessoa apenas para o combate f\u00edsico, mas sim, por fazer parte de um conv\u00edvio social harm\u00f4nico.<\/p>\n<p>Entre as t\u00e9cnicas aplicadas neste esporte, h\u00e1 tor\u00e7\u00f5es de articula\u00e7\u00f5es que neutralizam o agressor, aproveitando a sua energia a partir de um m\u00ednimo de for\u00e7a f\u00edsica aplicada.<\/p>\n<p>&nbsp;<\/p>\n<h2>Pratique Aikido na Elase<\/h2>\n<p>Al\u00e9m de sediar o evento, a Elase tamb\u00e9m oferece aulas de Aikido para seus associados. Para saber mais, ligue para a secretaria do clube: (48) 3234-5233 ou fale diretamente com o professor Sensei Carlos: (48) 98826-4106<\/p>\n","protected":false},"excerpt":{"rendered":"<p>A Elase abre as portas da sua estrutura para receber, neste dia 9 de setembro, o Semin\u00e1rio Internacional de Aikido, realizado pelo [&hellip;]<\/p>\n","protected":false},"author":7,"featured_media":318,"comment_status":"closed","ping_status":"closed","sticky":false,"template":"","format":"standard","meta":{"footnotes":"","_links_to":"","_links_to_target":""},"categories":[8],"tags":[],"class_list":["post-317","post","type-post","status-publish","format-standard","has-post-thumbnail","hentry","category-elase"],"yoast_head":"<!-- This site is optimized with the Yoast SEO plugin v26.1.1 - https:\/\/yoast.com\/wordpress\/plugins\/seo\/ -->\n<title>Elase recebe Semin\u00e1rio Internacional de Aikido - Blog da ELASE<\/title>\n<meta name=\"description\" content=\"A Elase abre as portas da sua estrutura para receber, neste dia 9 de setembro, o Semin\u00e1rio Internacional de Aikido. Saiba mais no blog da Elase!\" \/>\n<meta name=\"robots\" content=\"index, follow, max-snippet:-1, max-image-preview:large, max-video-preview:-1\" \/>\n<link rel=\"canonical\" href=\"https:\/\/www.elase.com.br\/blog\/seminario-internacional-aikido\/\" \/>\n<meta property=\"og:locale\" content=\"pt_BR\" \/>\n<meta property=\"og:type\" content=\"article\" \/>\n<meta property=\"og:title\" content=\"Elase recebe Semin\u00e1rio Internacional de Aikido - Blog da ELASE\" \/>\n<meta property=\"og:description\" content=\"A Elase abre as portas da sua estrutura para receber, neste dia 9 de setembro, o Semin\u00e1rio Internacional de Aikido. Saiba mais no blog da Elase!\" \/>\n<meta property=\"og:url\" content=\"https:\/\/www.elase.com.br\/blog\/seminario-internacional-aikido\/\" \/>\n<meta property=\"og:site_name\" content=\"Blog da ELASE\" \/>\n<meta property=\"article:published_time\" content=\"2018-09-05T20:17:44+00:00\" \/>\n<meta property=\"og:image\" content=\"https:\/\/www.elase.com.br\/blog\/wp-content\/uploads\/sites\/2\/2018\/09\/Semin\u00e1rio-Internacional-de-Aikido-INSTA.png\" \/>\n\t<meta property=\"og:image:width\" content=\"1200\" \/>\n\t<meta property=\"og:image:height\" content=\"628\" \/>\n\t<meta property=\"og:image:type\" content=\"image\/png\" \/>\n<meta name=\"author\" content=\"Elase\" \/>\n<meta name=\"twitter:card\" content=\"summary_large_image\" \/>\n<meta name=\"twitter:label1\" content=\"Escrito por\" \/>\n\t<meta name=\"twitter:data1\" content=\"Elase\" \/>\n\t<meta name=\"twitter:label2\" content=\"Est. tempo de leitura\" \/>\n\t<meta name=\"twitter:data2\" content=\"2 minutos\" \/>\n<script type=\"application\/ld+json\" class=\"yoast-schema-graph\">{\"@context\":\"https:\/\/schema.org\",\"@graph\":[{\"@type\":\"WebPage\",\"@id\":\"https:\/\/www.elase.com.br\/blog\/seminario-internacional-aikido\/\",\"url\":\"https:\/\/www.elase.com.br\/blog\/seminario-internacional-aikido\/\",\"name\":\"Elase recebe Semin\u00e1rio Internacional de Aikido - Blog da ELASE\",\"isPartOf\":{\"@id\":\"https:\/\/www.elase.com.br\/blog\/#website\"},\"primaryImageOfPage\":{\"@id\":\"https:\/\/www.elase.com.br\/blog\/seminario-internacional-aikido\/#primaryimage\"},\"image\":{\"@id\":\"https:\/\/www.elase.com.br\/blog\/seminario-internacional-aikido\/#primaryimage\"},\"thumbnailUrl\":\"https:\/\/www.elase.com.br\/blog\/wp-content\/uploads\/sites\/2\/2018\/09\/Semin\u00e1rio-Internacional-de-Aikido-INSTA.png\",\"datePublished\":\"2018-09-05T20:17:44+00:00\",\"author\":{\"@id\":\"https:\/\/www.elase.com.br\/blog\/#\/schema\/person\/c5648edcd86e91cabc5f62555421edce\"},\"description\":\"A Elase abre as portas da sua estrutura para receber, neste dia 9 de setembro, o Semin\u00e1rio Internacional de Aikido. Saiba mais no blog da Elase!\",\"breadcrumb\":{\"@id\":\"https:\/\/www.elase.com.br\/blog\/seminario-internacional-aikido\/#breadcrumb\"},\"inLanguage\":\"pt-BR\",\"potentialAction\":[{\"@type\":\"ReadAction\",\"target\":[\"https:\/\/www.elase.com.br\/blog\/seminario-internacional-aikido\/\"]}]},{\"@type\":\"ImageObject\",\"inLanguage\":\"pt-BR\",\"@id\":\"https:\/\/www.elase.com.br\/blog\/seminario-internacional-aikido\/#primaryimage\",\"url\":\"https:\/\/www.elase.com.br\/blog\/wp-content\/uploads\/sites\/2\/2018\/09\/Semin\u00e1rio-Internacional-de-Aikido-INSTA.png\",\"contentUrl\":\"https:\/\/www.elase.com.br\/blog\/wp-content\/uploads\/sites\/2\/2018\/09\/Semin\u00e1rio-Internacional-de-Aikido-INSTA.png\",\"width\":1200,\"height\":628,\"caption\":\"Semin\u00e1rio Internacional de Aikido\"},{\"@type\":\"BreadcrumbList\",\"@id\":\"https:\/\/www.elase.com.br\/blog\/seminario-internacional-aikido\/#breadcrumb\",\"itemListElement\":[{\"@type\":\"ListItem\",\"position\":1,\"name\":\"In\u00edcio\",\"item\":\"https:\/\/www.elase.com.br\/blog\/\"},{\"@type\":\"ListItem\",\"position\":2,\"name\":\"Elase recebe Semin\u00e1rio Internacional de Aikido\"}]},{\"@type\":\"WebSite\",\"@id\":\"https:\/\/www.elase.com.br\/blog\/#website\",\"url\":\"https:\/\/www.elase.com.br\/blog\/\",\"name\":\"Blog da ELASE\",\"description\":\"\",\"potentialAction\":[{\"@type\":\"SearchAction\",\"target\":{\"@type\":\"EntryPoint\",\"urlTemplate\":\"https:\/\/www.elase.com.br\/blog\/?s={search_term_string}\"},\"query-input\":{\"@type\":\"PropertyValueSpecification\",\"valueRequired\":true,\"valueName\":\"search_term_string\"}}],\"inLanguage\":\"pt-BR\"},{\"@type\":\"Person\",\"@id\":\"https:\/\/www.elase.com.br\/blog\/#\/schema\/person\/c5648edcd86e91cabc5f62555421edce\",\"name\":\"Elase\",\"image\":{\"@type\":\"ImageObject\",\"inLanguage\":\"pt-BR\",\"@id\":\"https:\/\/www.elase.com.br\/blog\/#\/schema\/person\/image\/\",\"url\":\"https:\/\/secure.gravatar.com\/avatar\/e04f303593dd0bee5fdbdc05ef63066d59e1a5bf61b911bf6653c92bfb86e392?s=96&r=g&d=https:\/\/www.elase.com.br\/blog\/wp-content\/plugins\/userswp\/assets\/images\/no_profile.png\",\"contentUrl\":\"https:\/\/secure.gravatar.com\/avatar\/e04f303593dd0bee5fdbdc05ef63066d59e1a5bf61b911bf6653c92bfb86e392?s=96&r=g&d=https:\/\/www.elase.com.br\/blog\/wp-content\/plugins\/userswp\/assets\/images\/no_profile.png\",\"caption\":\"Elase\"},\"url\":\"https:\/\/www.elase.com.br\/blog\/author\/roberta\/\"}]}<\/script>\n<!-- \/ Yoast SEO plugin. -->","yoast_head_json":{"title":"Elase recebe Semin\u00e1rio Internacional de Aikido - Blog da ELASE","description":"A Elase abre as portas da sua estrutura para receber, neste dia 9 de setembro, o Semin\u00e1rio Internacional de Aikido. Saiba mais no blog da Elase!","robots":{"index":"index","follow":"follow","max-snippet":"max-snippet:-1","max-image-preview":"max-image-preview:large","max-video-preview":"max-video-preview:-1"},"canonical":"https:\/\/www.elase.com.br\/blog\/seminario-internacional-aikido\/","og_locale":"pt_BR","og_type":"article","og_title":"Elase recebe Semin\u00e1rio Internacional de Aikido - Blog da ELASE","og_description":"A Elase abre as portas da sua estrutura para receber, neste dia 9 de setembro, o Semin\u00e1rio Internacional de Aikido. Saiba mais no blog da Elase!","og_url":"https:\/\/www.elase.com.br\/blog\/seminario-internacional-aikido\/","og_site_name":"Blog da ELASE","article_published_time":"2018-09-05T20:17:44+00:00","og_image":[{"width":1200,"height":628,"url":"https:\/\/www.elase.com.br\/blog\/wp-content\/uploads\/sites\/2\/2018\/09\/Semin\u00e1rio-Internacional-de-Aikido-INSTA.png","type":"image\/png"}],"author":"Elase","twitter_card":"summary_large_image","twitter_misc":{"Escrito por":"Elase","Est. tempo de leitura":"2 minutos"},"schema":{"@context":"https:\/\/schema.org","@graph":[{"@type":"WebPage","@id":"https:\/\/www.elase.com.br\/blog\/seminario-internacional-aikido\/","url":"https:\/\/www.elase.com.br\/blog\/seminario-internacional-aikido\/","name":"Elase recebe Semin\u00e1rio Internacional de Aikido - Blog da ELASE","isPartOf":{"@id":"https:\/\/www.elase.com.br\/blog\/#website"},"primaryImageOfPage":{"@id":"https:\/\/www.elase.com.br\/blog\/seminario-internacional-aikido\/#primaryimage"},"image":{"@id":"https:\/\/www.elase.com.br\/blog\/seminario-internacional-aikido\/#primaryimage"},"thumbnailUrl":"https:\/\/www.elase.com.br\/blog\/wp-content\/uploads\/sites\/2\/2018\/09\/Semin\u00e1rio-Internacional-de-Aikido-INSTA.png","datePublished":"2018-09-05T20:17:44+00:00","author":{"@id":"https:\/\/www.elase.com.br\/blog\/#\/schema\/person\/c5648edcd86e91cabc5f62555421edce"},"description":"A Elase abre as portas da sua estrutura para receber, neste dia 9 de setembro, o Semin\u00e1rio Internacional de Aikido. Saiba mais no blog da Elase!","breadcrumb":{"@id":"https:\/\/www.elase.com.br\/blog\/seminario-internacional-aikido\/#breadcrumb"},"inLanguage":"pt-BR","potentialAction":[{"@type":"ReadAction","target":["https:\/\/www.elase.com.br\/blog\/seminario-internacional-aikido\/"]}]},{"@type":"ImageObject","inLanguage":"pt-BR","@id":"https:\/\/www.elase.com.br\/blog\/seminario-internacional-aikido\/#primaryimage","url":"https:\/\/www.elase.com.br\/blog\/wp-content\/uploads\/sites\/2\/2018\/09\/Semin\u00e1rio-Internacional-de-Aikido-INSTA.png","contentUrl":"https:\/\/www.elase.com.br\/blog\/wp-content\/uploads\/sites\/2\/2018\/09\/Semin\u00e1rio-Internacional-de-Aikido-INSTA.png","width":1200,"height":628,"caption":"Semin\u00e1rio Internacional de Aikido"},{"@type":"BreadcrumbList","@id":"https:\/\/www.elase.com.br\/blog\/seminario-internacional-aikido\/#breadcrumb","itemListElement":[{"@type":"ListItem","position":1,"name":"In\u00edcio","item":"https:\/\/www.elase.com.br\/blog\/"},{"@type":"ListItem","position":2,"name":"Elase recebe Semin\u00e1rio Internacional de Aikido"}]},{"@type":"WebSite","@id":"https:\/\/www.elase.com.br\/blog\/#website","url":"https:\/\/www.elase.com.br\/blog\/","name":"Blog da ELASE","description":"","potentialAction":[{"@type":"SearchAction","target":{"@type":"EntryPoint","urlTemplate":"https:\/\/www.elase.com.br\/blog\/?s={search_term_string}"},"query-input":{"@type":"PropertyValueSpecification","valueRequired":true,"valueName":"search_term_string"}}],"inLanguage":"pt-BR"},{"@type":"Person","@id":"https:\/\/www.elase.com.br\/blog\/#\/schema\/person\/c5648edcd86e91cabc5f62555421edce","name":"Elase","image":{"@type":"ImageObject","inLanguage":"pt-BR","@id":"https:\/\/www.elase.com.br\/blog\/#\/schema\/person\/image\/","url":"https:\/\/secure.gravatar.com\/avatar\/e04f303593dd0bee5fdbdc05ef63066d59e1a5bf61b911bf6653c92bfb86e392?s=96&r=g&d=https:\/\/www.elase.com.br\/blog\/wp-content\/plugins\/userswp\/assets\/images\/no_profile.png","contentUrl":"https:\/\/secure.gravatar.com\/avatar\/e04f303593dd0bee5fdbdc05ef63066d59e1a5bf61b911bf6653c92bfb86e392?s=96&r=g&d=https:\/\/www.elase.com.br\/blog\/wp-content\/plugins\/userswp\/assets\/images\/no_profile.png","caption":"Elase"},"url":"https:\/\/www.elase.com.br\/blog\/author\/roberta\/"}]}},"publishpress_future_action":{"enabled":false,"date":"2026-05-09 02:18:04","action":"change-status","newStatus":"draft","terms":[],"taxonomy":"category","extraData":[]},"publishpress_future_workflow_manual_trigger":{"enabledWorkflows":[]},"_links":{"self":[{"href":"https:\/\/www.elase.com.br\/blog\/wp-json\/wp\/v2\/posts\/317","targetHints":{"allow":["GET"]}}],"collection":[{"href":"https:\/\/www.elase.com.br\/blog\/wp-json\/wp\/v2\/posts"}],"about":[{"href":"https:\/\/www.elase.com.br\/blog\/wp-json\/wp\/v2\/types\/post"}],"author":[{"embeddable":true,"href":"https:\/\/www.elase.com.br\/blog\/wp-json\/wp\/v2\/users\/7"}],"replies":[{"embeddable":true,"href":"https:\/\/www.elase.com.br\/blog\/wp-json\/wp\/v2\/comments?post=317"}],"version-history":[{"count":2,"href":"https:\/\/www.elase.com.br\/blog\/wp-json\/wp\/v2\/posts\/317\/revisions"}],"predecessor-version":[{"id":320,"href":"https:\/\/www.elase.com.br\/blog\/wp-json\/wp\/v2\/posts\/317\/revisions\/320"}],"wp:featuredmedia":[{"embeddable":true,"href":"https:\/\/www.elase.com.br\/blog\/wp-json\/wp\/v2\/media\/318"}],"wp:attachment":[{"href":"https:\/\/www.elase.com.br\/blog\/wp-json\/wp\/v2\/media?parent=317"}],"wp:term":[{"taxonomy":"category","embeddable":true,"href":"https:\/\/www.elase.com.br\/blog\/wp-json\/wp\/v2\/categories?post=317"},{"taxonomy":"post_tag","embeddable":true,"href":"https:\/\/www.elase.com.br\/blog\/wp-json\/wp\/v2\/tags?post=317"}],"curies":[{"name":"wp","href":"https:\/\/api.w.org\/{rel}","templated":true}]}}