{"id":1435,"date":"2026-04-02T11:22:58","date_gmt":"2026-04-02T14:22:58","guid":{"rendered":"https:\/\/www.elase.com.br\/blog\/?p=1435"},"modified":"2026-04-02T11:23:43","modified_gmt":"2026-04-02T14:23:43","slug":"eleicoes-elase-2026-2029","status":"publish","type":"post","link":"https:\/\/www.elase.com.br\/blog\/eleicoes-elase-2026-2029\/","title":{"rendered":"Elei\u00e7\u00f5es ELASE \u2013 COMUNICADO 5"},"content":{"rendered":"<h3 class=\"ql-block ql-align-center\" style=\"text-align: center;\" data-block-id=\"block-N1XQD8AYTm\">Aten\u00e7\u00e3o!<\/h3>\n<h1 class=\"ql-block ql-align-center\" style=\"text-align: center;\" data-block-id=\"block-gU2VXez2aZ\"><strong>ELEI\u00c7\u00d5ES ELASE 2026\/2029<\/strong><\/h1>\n<div class=\"ql-block ql-align-center\" style=\"text-align: center;\" data-block-id=\"block-pqgWRKDVfF\"><\/div>\n<div class=\"ql-block ql-align-center\" style=\"text-align: center;\" data-block-id=\"block--mfBX8BUZv\">DATA: 07\/04\/2026 (Ter\u00e7a-feira)<\/div>\n<div class=\"ql-block ql-align-center\" style=\"text-align: center;\" data-block-id=\"block-W1yNZWpZR9\">HOR\u00c1RIO: Das 10h \u00e0s 18h<\/div>\n<div class=\"ql-block ql-align-center\" style=\"text-align: center;\" data-block-id=\"block-djnT1DS2DJ\">LOCAL: Gin\u00e1sio Telmo Thompson Flores<\/div>\n<div class=\"ql-block ql-align-center\" style=\"text-align: center;\" data-block-id=\"block-7AaBFnr02Z\"><strong>Somente de forma presencial<\/strong><\/div>\n<div class=\"ql-block ql-align-center\" style=\"text-align: center;\" data-block-id=\"block-1aQoBLQJnw\"><a class=\"ql-link\" href=\"https:\/\/drive.google.com\/file\/d\/1PbllXPpRqbivQMYFAEkZ3DAIoha9ogHS\/view?usp=drive_link\" target=\"_blank\" rel=\"noopener noreferrer\">Acesse e confira a lista de associados aptos a votar<\/a><\/div>\n","protected":false},"excerpt":{"rendered":"<p>Aten\u00e7\u00e3o! ELEI\u00c7\u00d5ES ELASE 2026\/2029 DATA: 07\/04\/2026 (Ter\u00e7a-feira) HOR\u00c1RIO: Das 10h \u00e0s 18h LOCAL: Gin\u00e1sio Telmo Thompson Flores Somente de forma presencial Acesse [&hellip;]<\/p>\n","protected":false},"author":7,"featured_media":1436,"comment_status":"closed","ping_status":"closed","sticky":false,"template":"","format":"standard","meta":{"footnotes":"","_links_to":"","_links_to_target":""},"categories":[1],"tags":[],"class_list":["post-1435","post","type-post","status-publish","format-standard","has-post-thumbnail","hentry","category-sem-categoria"],"yoast_head":"<!-- This site is optimized with the Yoast SEO plugin v26.1.1 - https:\/\/yoast.com\/wordpress\/plugins\/seo\/ -->\n<title>Elei\u00e7\u00f5es ELASE \u2013 COMUNICADO 5 - Blog da ELASE<\/title>\n<meta name=\"robots\" content=\"index, follow, max-snippet:-1, max-image-preview:large, max-video-preview:-1\" \/>\n<link rel=\"canonical\" href=\"https:\/\/www.elase.com.br\/blog\/eleicoes-elase-2026-2029\/\" \/>\n<meta property=\"og:locale\" content=\"pt_BR\" \/>\n<meta property=\"og:type\" content=\"article\" \/>\n<meta property=\"og:title\" content=\"Elei\u00e7\u00f5es ELASE \u2013 COMUNICADO 5 - Blog da ELASE\" \/>\n<meta property=\"og:description\" content=\"Aten\u00e7\u00e3o! ELEI\u00c7\u00d5ES ELASE 2026\/2029 DATA: 07\/04\/2026 (Ter\u00e7a-feira) HOR\u00c1RIO: Das 10h \u00e0s 18h LOCAL: Gin\u00e1sio Telmo Thompson Flores Somente de forma\" \/>\n<meta property=\"og:url\" content=\"https:\/\/www.elase.com.br\/blog\/eleicoes-elase-2026-2029\/\" \/>\n<meta property=\"og:site_name\" content=\"Blog da ELASE\" \/>\n<meta property=\"article:published_time\" content=\"2026-04-02T14:22:58+00:00\" \/>\n<meta property=\"article:modified_time\" content=\"2026-04-02T14:23:43+00:00\" \/>\n<meta property=\"og:image\" content=\"https:\/\/www.elase.com.br\/blog\/wp-content\/uploads\/sites\/2\/2026\/04\/post-blog-eleicoes-elase-comunicado-5.jpg\" \/>\n\t<meta property=\"og:image:width\" content=\"2560\" \/>\n\t<meta property=\"og:image:height\" content=\"1215\" \/>\n\t<meta property=\"og:image:type\" content=\"image\/jpeg\" \/>\n<meta name=\"author\" content=\"Elase\" \/>\n<meta name=\"twitter:card\" content=\"summary_large_image\" \/>\n<meta name=\"twitter:label1\" content=\"Escrito por\" \/>\n\t<meta name=\"twitter:data1\" content=\"Elase\" \/>\n\t<meta name=\"twitter:label2\" content=\"Est. tempo de leitura\" \/>\n\t<meta name=\"twitter:data2\" content=\"1 minuto\" \/>\n<script type=\"application\/ld+json\" class=\"yoast-schema-graph\">{\"@context\":\"https:\/\/schema.org\",\"@graph\":[{\"@type\":\"WebPage\",\"@id\":\"https:\/\/www.elase.com.br\/blog\/eleicoes-elase-2026-2029\/\",\"url\":\"https:\/\/www.elase.com.br\/blog\/eleicoes-elase-2026-2029\/\",\"name\":\"Elei\u00e7\u00f5es ELASE \u2013 COMUNICADO 5 - Blog da ELASE\",\"isPartOf\":{\"@id\":\"https:\/\/www.elase.com.br\/blog\/#website\"},\"primaryImageOfPage\":{\"@id\":\"https:\/\/www.elase.com.br\/blog\/eleicoes-elase-2026-2029\/#primaryimage\"},\"image\":{\"@id\":\"https:\/\/www.elase.com.br\/blog\/eleicoes-elase-2026-2029\/#primaryimage\"},\"thumbnailUrl\":\"https:\/\/www.elase.com.br\/blog\/wp-content\/uploads\/sites\/2\/2026\/04\/post-blog-eleicoes-elase-comunicado-5.jpg\",\"datePublished\":\"2026-04-02T14:22:58+00:00\",\"dateModified\":\"2026-04-02T14:23:43+00:00\",\"author\":{\"@id\":\"https:\/\/www.elase.com.br\/blog\/#\/schema\/person\/c5648edcd86e91cabc5f62555421edce\"},\"breadcrumb\":{\"@id\":\"https:\/\/www.elase.com.br\/blog\/eleicoes-elase-2026-2029\/#breadcrumb\"},\"inLanguage\":\"pt-BR\",\"potentialAction\":[{\"@type\":\"ReadAction\",\"target\":[\"https:\/\/www.elase.com.br\/blog\/eleicoes-elase-2026-2029\/\"]}]},{\"@type\":\"ImageObject\",\"inLanguage\":\"pt-BR\",\"@id\":\"https:\/\/www.elase.com.br\/blog\/eleicoes-elase-2026-2029\/#primaryimage\",\"url\":\"https:\/\/www.elase.com.br\/blog\/wp-content\/uploads\/sites\/2\/2026\/04\/post-blog-eleicoes-elase-comunicado-5.jpg\",\"contentUrl\":\"https:\/\/www.elase.com.br\/blog\/wp-content\/uploads\/sites\/2\/2026\/04\/post-blog-eleicoes-elase-comunicado-5.jpg\",\"width\":2560,\"height\":1215},{\"@type\":\"BreadcrumbList\",\"@id\":\"https:\/\/www.elase.com.br\/blog\/eleicoes-elase-2026-2029\/#breadcrumb\",\"itemListElement\":[{\"@type\":\"ListItem\",\"position\":1,\"name\":\"In\u00edcio\",\"item\":\"https:\/\/www.elase.com.br\/blog\/\"},{\"@type\":\"ListItem\",\"position\":2,\"name\":\"Elei\u00e7\u00f5es ELASE \u2013 COMUNICADO 5\"}]},{\"@type\":\"WebSite\",\"@id\":\"https:\/\/www.elase.com.br\/blog\/#website\",\"url\":\"https:\/\/www.elase.com.br\/blog\/\",\"name\":\"Blog da ELASE\",\"description\":\"\",\"potentialAction\":[{\"@type\":\"SearchAction\",\"target\":{\"@type\":\"EntryPoint\",\"urlTemplate\":\"https:\/\/www.elase.com.br\/blog\/?s={search_term_string}\"},\"query-input\":{\"@type\":\"PropertyValueSpecification\",\"valueRequired\":true,\"valueName\":\"search_term_string\"}}],\"inLanguage\":\"pt-BR\"},{\"@type\":\"Person\",\"@id\":\"https:\/\/www.elase.com.br\/blog\/#\/schema\/person\/c5648edcd86e91cabc5f62555421edce\",\"name\":\"Elase\",\"image\":{\"@type\":\"ImageObject\",\"inLanguage\":\"pt-BR\",\"@id\":\"https:\/\/www.elase.com.br\/blog\/#\/schema\/person\/image\/\",\"url\":\"https:\/\/secure.gravatar.com\/avatar\/e04f303593dd0bee5fdbdc05ef63066d59e1a5bf61b911bf6653c92bfb86e392?s=96&r=g&d=https:\/\/www.elase.com.br\/blog\/wp-content\/plugins\/userswp\/assets\/images\/no_profile.png\",\"contentUrl\":\"https:\/\/secure.gravatar.com\/avatar\/e04f303593dd0bee5fdbdc05ef63066d59e1a5bf61b911bf6653c92bfb86e392?s=96&r=g&d=https:\/\/www.elase.com.br\/blog\/wp-content\/plugins\/userswp\/assets\/images\/no_profile.png\",\"caption\":\"Elase\"},\"url\":\"https:\/\/www.elase.com.br\/blog\/author\/roberta\/\"}]}<\/script>\n<!-- \/ Yoast SEO plugin. -->","yoast_head_json":{"title":"Elei\u00e7\u00f5es ELASE \u2013 COMUNICADO 5 - Blog da ELASE","robots":{"index":"index","follow":"follow","max-snippet":"max-snippet:-1","max-image-preview":"max-image-preview:large","max-video-preview":"max-video-preview:-1"},"canonical":"https:\/\/www.elase.com.br\/blog\/eleicoes-elase-2026-2029\/","og_locale":"pt_BR","og_type":"article","og_title":"Elei\u00e7\u00f5es ELASE \u2013 COMUNICADO 5 - Blog da ELASE","og_description":"Aten\u00e7\u00e3o! ELEI\u00c7\u00d5ES ELASE 2026\/2029 DATA: 07\/04\/2026 (Ter\u00e7a-feira) HOR\u00c1RIO: Das 10h \u00e0s 18h LOCAL: Gin\u00e1sio Telmo Thompson Flores Somente de forma","og_url":"https:\/\/www.elase.com.br\/blog\/eleicoes-elase-2026-2029\/","og_site_name":"Blog da ELASE","article_published_time":"2026-04-02T14:22:58+00:00","article_modified_time":"2026-04-02T14:23:43+00:00","og_image":[{"width":2560,"height":1215,"url":"https:\/\/www.elase.com.br\/blog\/wp-content\/uploads\/sites\/2\/2026\/04\/post-blog-eleicoes-elase-comunicado-5.jpg","type":"image\/jpeg"}],"author":"Elase","twitter_card":"summary_large_image","twitter_misc":{"Escrito por":"Elase","Est. tempo de leitura":"1 minuto"},"schema":{"@context":"https:\/\/schema.org","@graph":[{"@type":"WebPage","@id":"https:\/\/www.elase.com.br\/blog\/eleicoes-elase-2026-2029\/","url":"https:\/\/www.elase.com.br\/blog\/eleicoes-elase-2026-2029\/","name":"Elei\u00e7\u00f5es ELASE \u2013 COMUNICADO 5 - Blog da ELASE","isPartOf":{"@id":"https:\/\/www.elase.com.br\/blog\/#website"},"primaryImageOfPage":{"@id":"https:\/\/www.elase.com.br\/blog\/eleicoes-elase-2026-2029\/#primaryimage"},"image":{"@id":"https:\/\/www.elase.com.br\/blog\/eleicoes-elase-2026-2029\/#primaryimage"},"thumbnailUrl":"https:\/\/www.elase.com.br\/blog\/wp-content\/uploads\/sites\/2\/2026\/04\/post-blog-eleicoes-elase-comunicado-5.jpg","datePublished":"2026-04-02T14:22:58+00:00","dateModified":"2026-04-02T14:23:43+00:00","author":{"@id":"https:\/\/www.elase.com.br\/blog\/#\/schema\/person\/c5648edcd86e91cabc5f62555421edce"},"breadcrumb":{"@id":"https:\/\/www.elase.com.br\/blog\/eleicoes-elase-2026-2029\/#breadcrumb"},"inLanguage":"pt-BR","potentialAction":[{"@type":"ReadAction","target":["https:\/\/www.elase.com.br\/blog\/eleicoes-elase-2026-2029\/"]}]},{"@type":"ImageObject","inLanguage":"pt-BR","@id":"https:\/\/www.elase.com.br\/blog\/eleicoes-elase-2026-2029\/#primaryimage","url":"https:\/\/www.elase.com.br\/blog\/wp-content\/uploads\/sites\/2\/2026\/04\/post-blog-eleicoes-elase-comunicado-5.jpg","contentUrl":"https:\/\/www.elase.com.br\/blog\/wp-content\/uploads\/sites\/2\/2026\/04\/post-blog-eleicoes-elase-comunicado-5.jpg","width":2560,"height":1215},{"@type":"BreadcrumbList","@id":"https:\/\/www.elase.com.br\/blog\/eleicoes-elase-2026-2029\/#breadcrumb","itemListElement":[{"@type":"ListItem","position":1,"name":"In\u00edcio","item":"https:\/\/www.elase.com.br\/blog\/"},{"@type":"ListItem","position":2,"name":"Elei\u00e7\u00f5es ELASE \u2013 COMUNICADO 5"}]},{"@type":"WebSite","@id":"https:\/\/www.elase.com.br\/blog\/#website","url":"https:\/\/www.elase.com.br\/blog\/","name":"Blog da ELASE","description":"","potentialAction":[{"@type":"SearchAction","target":{"@type":"EntryPoint","urlTemplate":"https:\/\/www.elase.com.br\/blog\/?s={search_term_string}"},"query-input":{"@type":"PropertyValueSpecification","valueRequired":true,"valueName":"search_term_string"}}],"inLanguage":"pt-BR"},{"@type":"Person","@id":"https:\/\/www.elase.com.br\/blog\/#\/schema\/person\/c5648edcd86e91cabc5f62555421edce","name":"Elase","image":{"@type":"ImageObject","inLanguage":"pt-BR","@id":"https:\/\/www.elase.com.br\/blog\/#\/schema\/person\/image\/","url":"https:\/\/secure.gravatar.com\/avatar\/e04f303593dd0bee5fdbdc05ef63066d59e1a5bf61b911bf6653c92bfb86e392?s=96&r=g&d=https:\/\/www.elase.com.br\/blog\/wp-content\/plugins\/userswp\/assets\/images\/no_profile.png","contentUrl":"https:\/\/secure.gravatar.com\/avatar\/e04f303593dd0bee5fdbdc05ef63066d59e1a5bf61b911bf6653c92bfb86e392?s=96&r=g&d=https:\/\/www.elase.com.br\/blog\/wp-content\/plugins\/userswp\/assets\/images\/no_profile.png","caption":"Elase"},"url":"https:\/\/www.elase.com.br\/blog\/author\/roberta\/"}]}},"publishpress_future_action":{"enabled":false,"date":"2026-05-09 06:11:43","action":"change-status","newStatus":"draft","terms":[],"taxonomy":"category","extraData":[]},"publishpress_future_workflow_manual_trigger":{"enabledWorkflows":[]},"_links":{"self":[{"href":"https:\/\/www.elase.com.br\/blog\/wp-json\/wp\/v2\/posts\/1435","targetHints":{"allow":["GET"]}}],"collection":[{"href":"https:\/\/www.elase.com.br\/blog\/wp-json\/wp\/v2\/posts"}],"about":[{"href":"https:\/\/www.elase.com.br\/blog\/wp-json\/wp\/v2\/types\/post"}],"author":[{"embeddable":true,"href":"https:\/\/www.elase.com.br\/blog\/wp-json\/wp\/v2\/users\/7"}],"replies":[{"embeddable":true,"href":"https:\/\/www.elase.com.br\/blog\/wp-json\/wp\/v2\/comments?post=1435"}],"version-history":[{"count":2,"href":"https:\/\/www.elase.com.br\/blog\/wp-json\/wp\/v2\/posts\/1435\/revisions"}],"predecessor-version":[{"id":1438,"href":"https:\/\/www.elase.com.br\/blog\/wp-json\/wp\/v2\/posts\/1435\/revisions\/1438"}],"wp:featuredmedia":[{"embeddable":true,"href":"https:\/\/www.elase.com.br\/blog\/wp-json\/wp\/v2\/media\/1436"}],"wp:attachment":[{"href":"https:\/\/www.elase.com.br\/blog\/wp-json\/wp\/v2\/media?parent=1435"}],"wp:term":[{"taxonomy":"category","embeddable":true,"href":"https:\/\/www.elase.com.br\/blog\/wp-json\/wp\/v2\/categories?post=1435"},{"taxonomy":"post_tag","embeddable":true,"href":"https:\/\/www.elase.com.br\/blog\/wp-json\/wp\/v2\/tags?post=1435"}],"curies":[{"name":"wp","href":"https:\/\/api.w.org\/{rel}","templated":true}]}}