{"id":1432,"date":"2026-03-17T15:59:23","date_gmt":"2026-03-17T18:59:23","guid":{"rendered":"https:\/\/www.elase.com.br\/blog\/?p=1432"},"modified":"2026-03-17T15:59:23","modified_gmt":"2026-03-17T18:59:23","slug":"comunicado-4","status":"publish","type":"post","link":"https:\/\/www.elase.com.br\/blog\/comunicado-4\/","title":{"rendered":"Elei\u00e7\u00f5es ELASE \u2013 COMUNICADO 4"},"content":{"rendered":"<p><span style=\"font-weight: 400;\">\u00a0\u00a0\u00a0\u00a0\u00a0\u00a0\u00a0\u00a0\u00a0\u00a0\u00a0\u00a0\u00a0\u00a0\u00a0\u00a0\u00a0\u00a0\u00a0\u00a0\u00a0\u00a0\u00a0\u00a0\u00a0<\/span><\/p>\n<p style=\"text-align: center;\"><b>Elei\u00e7\u00f5es ELASE \u2013 2026 \u2013 2029<br \/>\n<\/b><b>COMUNICADO 4<\/b><\/p>\n<p>&nbsp;<\/p>\n<p><span style=\"font-weight: 400;\">A COMISS\u00c3O ELEITORAL designada pelo Conselho Deliberativo da ELASE, nos termos do Regulamento Geral das Elei\u00e7\u00f5es, comunica aos associados que no dia 16\/03\/2026, \u00e0s 18h, foi encerrado o per\u00edodo de recursos com rela\u00e7\u00e3o a indeferimentos de candidaturas divulgadas no dia 06\/03\/2026 para concorrer \u00e0s Elei\u00e7\u00f5es da ELASE tri\u00eanio 2026-2029.<\/span><\/p>\n<p><span style=\"font-weight: 400;\">Dando observ\u00e2ncia ao estabelecido no cap\u00edtulo II &#8211; PEDIDO DE REGISTRO, do Regulamento Geral das Elei\u00e7\u00f5es, referente a an\u00e1lise de recursos de indeferimento de candidaturas, esta comiss\u00e3o eleitoral informa que n\u00e3o houve solicita\u00e7\u00f5es de indeferimentos de nenhuma das candidaturas divulgadas no dia 06\/03\/2026, sendo, portanto, homologadas todas as candidaturas, aqui apresentadas, seguindo agora o\u00a0<\/span><\/p>\n<p><span style=\"font-weight: 400;\">Conforme estabelecido no cap\u00edtulo III \u2013 PROCESSO ELEITORAL, do Regulamento Geral das Elei\u00e7\u00f5es, houve 03 (tr\u00eas) chapas inscritas e homologadas para a Diretoria Executiva, Presidente e Vice-Presidente &#8211; DE, descritas em destaque a seguir. As chapas \u00e0 Diretoria Executiva, abaixo listadas, seguem a ordem de inscri\u00e7\u00e3o na secretaria da ELASE.<\/span><\/p>\n<p>&nbsp;<\/p>\n<table>\n<tbody>\n<tr>\n<td><b>Chapa<\/b><\/td>\n<td><b>Composi\u00e7\u00e3o<\/b><\/td>\n<td><b>Matr\u00edcula ELASE<\/b><\/td>\n<\/tr>\n<tr>\n<td rowspan=\"2\"><span style=\"font-weight: 400;\">ELASE SEMPRE EM FRENTE<\/span><\/td>\n<td><span style=\"font-weight: 400;\">Presidente: Antonio Sim\u00f5es Neto<\/span><\/td>\n<td><span style=\"font-weight: 400;\">0538<\/span><\/td>\n<\/tr>\n<tr>\n<td><span style=\"font-weight: 400;\">Vice-Presidente: \u00cdlmar Goltara Gomes<\/span><\/td>\n<td><span style=\"font-weight: 400;\">3714<\/span><\/td>\n<\/tr>\n<tr>\n<td><b>Chapa<\/b><\/td>\n<td><b>Composi\u00e7\u00e3o<\/b><\/td>\n<td><b>Matr\u00edcula ELASE<\/b><\/td>\n<\/tr>\n<tr>\n<td rowspan=\"2\"><span style=\"font-weight: 400;\">DEDICA\u00c7\u00c3O AO ASSOCIADO COMPROMISSO COM A ELASE<\/span><\/td>\n<td><span style=\"font-weight: 400;\">Presidente: Lu\u00eds Roberto de Oliveira<\/span><\/td>\n<td><span style=\"font-weight: 400;\">3748<\/span><\/td>\n<\/tr>\n<tr>\n<td><span style=\"font-weight: 400;\">Vice-Presidente: Jos\u00e9 Paulo Moreira Pinto<\/span><\/td>\n<td><span style=\"font-weight: 400;\">1168<\/span><\/td>\n<\/tr>\n<tr>\n<td><b>Chapa<\/b><\/td>\n<td><b>Composi\u00e7\u00e3o<\/b><\/td>\n<td><b>Matr\u00edcula ELASE<\/b><\/td>\n<\/tr>\n<tr>\n<td rowspan=\"2\"><span style=\"font-weight: 400;\">HARMONIA<\/span><\/td>\n<td><span style=\"font-weight: 400;\">Presidente: Santiago Ocampo Fernandez\u00a0<\/span><\/td>\n<td><span style=\"font-weight: 400;\">1190<\/span><\/td>\n<\/tr>\n<tr>\n<td><span style=\"font-weight: 400;\">Vice-Presidente: Rui Daniel S. Prediger<\/span><\/td>\n<td><span style=\"font-weight: 400;\">9634<\/span><\/td>\n<\/tr>\n<\/tbody>\n<\/table>\n<p><span style=\"font-weight: 400;\">Para o Conselho Deliberativo, foram homologadas as seguintes candidaturas. Os nomes aos cargos de membros do Conselho Deliberativo, abaixo listados, seguem a ordem de inscri\u00e7\u00e3o na secretaria da ELASE.<\/span><\/p>\n<table>\n<tbody>\n<tr>\n<td><b>Candidatos<\/b><\/td>\n<td><b>Matr\u00edcula ELASE<\/b><\/td>\n<\/tr>\n<tr>\n<td><span style=\"font-weight: 400;\">01 \u2013 Antonio Rodrigues de Matos<\/span><\/td>\n<td><span style=\"font-weight: 400;\">0691<\/span><\/td>\n<\/tr>\n<tr>\n<td><span style=\"font-weight: 400;\">02 \u2013 Ronaldo Ferreira<\/span><\/td>\n<td><span style=\"font-weight: 400;\">7375<\/span><\/td>\n<\/tr>\n<tr>\n<td><span style=\"font-weight: 400;\">03 \u2013 Pedro Domingo Damazio<\/span><\/td>\n<td><span style=\"font-weight: 400;\">7473<\/span><\/td>\n<\/tr>\n<tr>\n<td><span style=\"font-weight: 400;\">04 \u2013 Marcos Cruz de Aguiar<\/span><\/td>\n<td><span style=\"font-weight: 400;\">2245<\/span><\/td>\n<\/tr>\n<tr>\n<td><span style=\"font-weight: 400;\">05 \u2013 Vladimir Tomitch<\/span><\/td>\n<td><span style=\"font-weight: 400;\">12888<\/span><\/td>\n<\/tr>\n<tr>\n<td><span style=\"font-weight: 400;\">06 \u2013 Ciro Carlos Alvarenga Calage<\/span><\/td>\n<td><span style=\"font-weight: 400;\">0773<\/span><\/td>\n<\/tr>\n<tr>\n<td><span style=\"font-weight: 400;\">07 \u2013 Gerv\u00e1sio Sidney da Silva<\/span><\/td>\n<td><span style=\"font-weight: 400;\">9525<\/span><\/td>\n<\/tr>\n<tr>\n<td><span style=\"font-weight: 400;\">08 \u2013 Carlos Guilherme Rocha dos Santos<\/span><\/td>\n<td><span style=\"font-weight: 400;\">0151<\/span><\/td>\n<\/tr>\n<tr>\n<td><span style=\"font-weight: 400;\">09 \u2013 Gerson Concei\u00e7\u00e3o\u00a0<\/span><\/td>\n<td><span style=\"font-weight: 400;\">12294<\/span><\/td>\n<\/tr>\n<tr>\n<td><span style=\"font-weight: 400;\">10 \u2013 Edmilson Machado<\/span><\/td>\n<td><span style=\"font-weight: 400;\">3363<\/span><\/td>\n<\/tr>\n<tr>\n<td><span style=\"font-weight: 400;\">11 \u2013 Maicon Fernando da Silva<\/span><\/td>\n<td><span style=\"font-weight: 400;\">18905<\/span><\/td>\n<\/tr>\n<tr>\n<td><span style=\"font-weight: 400;\">12 \u2013 Jorge da Costa Louren\u00e7o<\/span><\/td>\n<td><span style=\"font-weight: 400;\">0911<\/span><\/td>\n<\/tr>\n<tr>\n<td><span style=\"font-weight: 400;\">13 \u2013 Viliam Oto Boehme<\/span><\/td>\n<td><span style=\"font-weight: 400;\">0013<\/span><\/td>\n<\/tr>\n<tr>\n<td><span style=\"font-weight: 400;\">14 &#8211; Agostinho Jos\u00e9 Coan<\/span><\/td>\n<td><span style=\"font-weight: 400;\">0575<\/span><\/td>\n<\/tr>\n<tr>\n<td><span style=\"font-weight: 400;\">15 \u2013 Raphael Vieira<\/span><\/td>\n<td><span style=\"font-weight: 400;\">10216<\/span><\/td>\n<\/tr>\n<tr>\n<td><span style=\"font-weight: 400;\">16 \u2013 Andr\u00e9 Leite Kowalski<\/span><\/td>\n<td><span style=\"font-weight: 400;\">20305<\/span><\/td>\n<\/tr>\n<\/tbody>\n<\/table>\n<p><span style=\"font-weight: 400;\">Para o Conselho Fiscal, foram homologadas as seguintes candidaturas. Os nomes aos cargos de membros do Conselho Fiscal, abaixo listados, seguem a ordem de inscri\u00e7\u00e3o na secretaria da ELASE.<\/span><\/p>\n<table>\n<tbody>\n<tr>\n<td><b>Candidatos<\/b><\/td>\n<td><b>Matr\u00edcula ELASE<\/b><\/td>\n<\/tr>\n<tr>\n<td><span style=\"font-weight: 400;\">01 \u2013 Nivaldo Eduardo Fermino<\/span><\/td>\n<td><span style=\"font-weight: 400;\">7327<\/span><\/td>\n<\/tr>\n<tr>\n<td><span style=\"font-weight: 400;\">02 \u2013 Roberto Antonio Bertocco<\/span><\/td>\n<td><span style=\"font-weight: 400;\">0621<\/span><\/td>\n<\/tr>\n<tr>\n<td><span style=\"font-weight: 400;\">03 \u2013 Claudiney Gonzaga Fran\u00e7a<\/span><\/td>\n<td><span style=\"font-weight: 400;\">11280<\/span><\/td>\n<\/tr>\n<tr>\n<td><span style=\"font-weight: 400;\">04 \u2013 Dirceu Mattozzo<\/span><\/td>\n<td><span style=\"font-weight: 400;\">11103<\/span><\/td>\n<\/tr>\n<tr>\n<td><span style=\"font-weight: 400;\">05 \u2013 Le\u00f4nidas Vieira Junior<\/span><\/td>\n<td><span style=\"font-weight: 400;\">6037<\/span><\/td>\n<\/tr>\n<\/tbody>\n<\/table>\n<p>&nbsp;<\/p>\n<p><span style=\"font-weight: 400;\">Com rela\u00e7\u00e3o \u00e0s Elei\u00e7\u00f5es da Diretoria e Conselhos de que trata este Comunicado, os candidatos homologados, est\u00e3o convidados para no dia <\/span><b>25\/03\/2026, quarta-feira, \u00e0s 19 horas<\/b><span style=\"font-weight: 400;\">, para participarem do sorteio que definir\u00e1 a ordem dos candidatos, a ser apresentada na c\u00e9dula eleitoral.<\/span><\/p>\n<p><span style=\"font-weight: 400;\">A Comiss\u00e3o Eleitoral comunica ainda que em reuni\u00e3o extraordin\u00e1ria realizada no dia 16\/03\/2026, o Conselho Deliberativo da ELASE, atrav\u00e9s de seus membros titulares, decidiu reconhecer que o associado empregado, que contribui a mais de 10 anos ininterruptos, enquadra-se no Par\u00e1grafo Segundo do Artigo 15 do Estatuto Social, ficando assegurado ao pr\u00f3prio, o direito de votar. A Ata Completa do Conselho Deliberativo relativa a essa reuni\u00e3o ser\u00e1 disponibilizada no Site da ELASE, no ambiente das Elei\u00e7\u00f5es de 2026.<\/span><\/p>\n<p><span style=\"font-weight: 400;\">Refor\u00e7amos o convite para que os associados da ELASE, com direito a voto, compare\u00e7am \u00e0 ELASE, no dia 07\/04\/2026 entre o per\u00edodo das 10h \u00e0s 18h, munido de um documento de identifica\u00e7\u00e3o com foto, para participar do processo eleitoral para a escolha dos candidatos \u00e0 Diretoria e aos Conselhos Deliberativo (CD) e Fiscal (CF), tri\u00eanio 2026-2029 da ELASE, lembrando que os associados votantes dever\u00e3o at\u00e9 o dia 31 de mar\u00e7o de 2026 estarem em dia com suas contribui\u00e7\u00f5es referentes a fevereiro de 2026.\u00a0<\/span><\/p>\n<p style=\"text-align: right;\"><b>Jos\u00e9 Luiz Silveira<br \/>\n<\/b>Presidente da Comiss\u00e3o Eleitoral<\/p>\n<p style=\"text-align: right;\"><b>Sigmar Klein<br \/>\n<\/b>Secret\u00e1rio da Comiss\u00e3o Eleitoral<br \/>\n<b><br \/>\n<\/b><b>Florian\u00f3polis, 17 de mar\u00e7o de 2026.<\/b><\/p>\n<p style=\"text-align: center;\">\n<p style=\"text-align: center;\"><span style=\"font-size: 10pt;\"><em><span style=\"font-weight: 400;\">O documento original assinado pelo Presidente e Secret\u00e1rio da Comiss\u00e3o Eleitoral encontra-se \u00e0 disposi\u00e7\u00e3o na Secretaria do Clube.<\/span><\/em><\/span><\/p>\n","protected":false},"excerpt":{"rendered":"<p>\u00a0\u00a0\u00a0\u00a0\u00a0\u00a0\u00a0\u00a0\u00a0\u00a0\u00a0\u00a0\u00a0\u00a0\u00a0\u00a0\u00a0\u00a0\u00a0\u00a0\u00a0\u00a0\u00a0\u00a0\u00a0 Elei\u00e7\u00f5es ELASE \u2013 2026 \u2013 2029 COMUNICADO 4 &nbsp; A COMISS\u00c3O ELEITORAL designada pelo Conselho Deliberativo da ELASE, nos termos do [&hellip;]<\/p>\n","protected":false},"author":7,"featured_media":1433,"comment_status":"closed","ping_status":"closed","sticky":false,"template":"","format":"standard","meta":{"footnotes":"","_links_to":"","_links_to_target":""},"categories":[8],"tags":[],"class_list":["post-1432","post","type-post","status-publish","format-standard","has-post-thumbnail","hentry","category-elase"],"yoast_head":"<!-- This site is optimized with the Yoast SEO plugin v26.1.1 - https:\/\/yoast.com\/wordpress\/plugins\/seo\/ -->\n<title>Elei\u00e7\u00f5es ELASE \u2013 COMUNICADO 4 - Blog da ELASE<\/title>\n<meta name=\"description\" content=\"A COMISS\u00c3O ELEITORAL designada pelo Conselho Deliberativo da ELASE, nos termos do Regulamento Geral das Elei\u00e7\u00f5es, comunica aos associados\" \/>\n<meta name=\"robots\" content=\"index, follow, max-snippet:-1, max-image-preview:large, max-video-preview:-1\" \/>\n<link rel=\"canonical\" href=\"https:\/\/www.elase.com.br\/blog\/comunicado-4\/\" \/>\n<meta property=\"og:locale\" content=\"pt_BR\" \/>\n<meta property=\"og:type\" content=\"article\" \/>\n<meta property=\"og:title\" content=\"Elei\u00e7\u00f5es ELASE \u2013 COMUNICADO 4 - Blog da ELASE\" \/>\n<meta property=\"og:description\" content=\"A COMISS\u00c3O ELEITORAL designada pelo Conselho Deliberativo da ELASE, nos termos do Regulamento Geral das Elei\u00e7\u00f5es, comunica aos associados\" \/>\n<meta property=\"og:url\" content=\"https:\/\/www.elase.com.br\/blog\/comunicado-4\/\" \/>\n<meta property=\"og:site_name\" content=\"Blog da ELASE\" \/>\n<meta property=\"article:published_time\" content=\"2026-03-17T18:59:23+00:00\" \/>\n<meta property=\"og:image\" content=\"https:\/\/www.elase.com.br\/blog\/wp-content\/uploads\/sites\/2\/2026\/03\/post-blog-eleicoes-elase-comunicado-4.jpg\" \/>\n\t<meta property=\"og:image:width\" content=\"2560\" \/>\n\t<meta property=\"og:image:height\" content=\"1215\" \/>\n\t<meta property=\"og:image:type\" content=\"image\/jpeg\" \/>\n<meta name=\"author\" content=\"Elase\" \/>\n<meta name=\"twitter:card\" content=\"summary_large_image\" \/>\n<meta name=\"twitter:label1\" content=\"Escrito por\" \/>\n\t<meta name=\"twitter:data1\" content=\"Elase\" \/>\n\t<meta name=\"twitter:label2\" content=\"Est. tempo de leitura\" \/>\n\t<meta name=\"twitter:data2\" content=\"4 minutos\" \/>\n<script type=\"application\/ld+json\" class=\"yoast-schema-graph\">{\"@context\":\"https:\/\/schema.org\",\"@graph\":[{\"@type\":\"WebPage\",\"@id\":\"https:\/\/www.elase.com.br\/blog\/comunicado-4\/\",\"url\":\"https:\/\/www.elase.com.br\/blog\/comunicado-4\/\",\"name\":\"Elei\u00e7\u00f5es ELASE \u2013 COMUNICADO 4 - Blog da ELASE\",\"isPartOf\":{\"@id\":\"https:\/\/www.elase.com.br\/blog\/#website\"},\"primaryImageOfPage\":{\"@id\":\"https:\/\/www.elase.com.br\/blog\/comunicado-4\/#primaryimage\"},\"image\":{\"@id\":\"https:\/\/www.elase.com.br\/blog\/comunicado-4\/#primaryimage\"},\"thumbnailUrl\":\"https:\/\/www.elase.com.br\/blog\/wp-content\/uploads\/sites\/2\/2026\/03\/post-blog-eleicoes-elase-comunicado-4.jpg\",\"datePublished\":\"2026-03-17T18:59:23+00:00\",\"author\":{\"@id\":\"https:\/\/www.elase.com.br\/blog\/#\/schema\/person\/c5648edcd86e91cabc5f62555421edce\"},\"description\":\"A COMISS\u00c3O ELEITORAL designada pelo Conselho Deliberativo da ELASE, nos termos do Regulamento Geral das Elei\u00e7\u00f5es, comunica aos associados\",\"breadcrumb\":{\"@id\":\"https:\/\/www.elase.com.br\/blog\/comunicado-4\/#breadcrumb\"},\"inLanguage\":\"pt-BR\",\"potentialAction\":[{\"@type\":\"ReadAction\",\"target\":[\"https:\/\/www.elase.com.br\/blog\/comunicado-4\/\"]}]},{\"@type\":\"ImageObject\",\"inLanguage\":\"pt-BR\",\"@id\":\"https:\/\/www.elase.com.br\/blog\/comunicado-4\/#primaryimage\",\"url\":\"https:\/\/www.elase.com.br\/blog\/wp-content\/uploads\/sites\/2\/2026\/03\/post-blog-eleicoes-elase-comunicado-4.jpg\",\"contentUrl\":\"https:\/\/www.elase.com.br\/blog\/wp-content\/uploads\/sites\/2\/2026\/03\/post-blog-eleicoes-elase-comunicado-4.jpg\",\"width\":2560,\"height\":1215},{\"@type\":\"BreadcrumbList\",\"@id\":\"https:\/\/www.elase.com.br\/blog\/comunicado-4\/#breadcrumb\",\"itemListElement\":[{\"@type\":\"ListItem\",\"position\":1,\"name\":\"In\u00edcio\",\"item\":\"https:\/\/www.elase.com.br\/blog\/\"},{\"@type\":\"ListItem\",\"position\":2,\"name\":\"Elei\u00e7\u00f5es ELASE \u2013 COMUNICADO 4\"}]},{\"@type\":\"WebSite\",\"@id\":\"https:\/\/www.elase.com.br\/blog\/#website\",\"url\":\"https:\/\/www.elase.com.br\/blog\/\",\"name\":\"Blog da ELASE\",\"description\":\"\",\"potentialAction\":[{\"@type\":\"SearchAction\",\"target\":{\"@type\":\"EntryPoint\",\"urlTemplate\":\"https:\/\/www.elase.com.br\/blog\/?s={search_term_string}\"},\"query-input\":{\"@type\":\"PropertyValueSpecification\",\"valueRequired\":true,\"valueName\":\"search_term_string\"}}],\"inLanguage\":\"pt-BR\"},{\"@type\":\"Person\",\"@id\":\"https:\/\/www.elase.com.br\/blog\/#\/schema\/person\/c5648edcd86e91cabc5f62555421edce\",\"name\":\"Elase\",\"image\":{\"@type\":\"ImageObject\",\"inLanguage\":\"pt-BR\",\"@id\":\"https:\/\/www.elase.com.br\/blog\/#\/schema\/person\/image\/\",\"url\":\"https:\/\/secure.gravatar.com\/avatar\/e04f303593dd0bee5fdbdc05ef63066d59e1a5bf61b911bf6653c92bfb86e392?s=96&r=g&d=https:\/\/www.elase.com.br\/blog\/wp-content\/plugins\/userswp\/assets\/images\/no_profile.png\",\"contentUrl\":\"https:\/\/secure.gravatar.com\/avatar\/e04f303593dd0bee5fdbdc05ef63066d59e1a5bf61b911bf6653c92bfb86e392?s=96&r=g&d=https:\/\/www.elase.com.br\/blog\/wp-content\/plugins\/userswp\/assets\/images\/no_profile.png\",\"caption\":\"Elase\"},\"url\":\"https:\/\/www.elase.com.br\/blog\/author\/roberta\/\"}]}<\/script>\n<!-- \/ Yoast SEO plugin. -->","yoast_head_json":{"title":"Elei\u00e7\u00f5es ELASE \u2013 COMUNICADO 4 - Blog da ELASE","description":"A COMISS\u00c3O ELEITORAL designada pelo Conselho Deliberativo da ELASE, nos termos do Regulamento Geral das Elei\u00e7\u00f5es, comunica aos associados","robots":{"index":"index","follow":"follow","max-snippet":"max-snippet:-1","max-image-preview":"max-image-preview:large","max-video-preview":"max-video-preview:-1"},"canonical":"https:\/\/www.elase.com.br\/blog\/comunicado-4\/","og_locale":"pt_BR","og_type":"article","og_title":"Elei\u00e7\u00f5es ELASE \u2013 COMUNICADO 4 - Blog da ELASE","og_description":"A COMISS\u00c3O ELEITORAL designada pelo Conselho Deliberativo da ELASE, nos termos do Regulamento Geral das Elei\u00e7\u00f5es, comunica aos associados","og_url":"https:\/\/www.elase.com.br\/blog\/comunicado-4\/","og_site_name":"Blog da ELASE","article_published_time":"2026-03-17T18:59:23+00:00","og_image":[{"width":2560,"height":1215,"url":"https:\/\/www.elase.com.br\/blog\/wp-content\/uploads\/sites\/2\/2026\/03\/post-blog-eleicoes-elase-comunicado-4.jpg","type":"image\/jpeg"}],"author":"Elase","twitter_card":"summary_large_image","twitter_misc":{"Escrito por":"Elase","Est. tempo de leitura":"4 minutos"},"schema":{"@context":"https:\/\/schema.org","@graph":[{"@type":"WebPage","@id":"https:\/\/www.elase.com.br\/blog\/comunicado-4\/","url":"https:\/\/www.elase.com.br\/blog\/comunicado-4\/","name":"Elei\u00e7\u00f5es ELASE \u2013 COMUNICADO 4 - Blog da ELASE","isPartOf":{"@id":"https:\/\/www.elase.com.br\/blog\/#website"},"primaryImageOfPage":{"@id":"https:\/\/www.elase.com.br\/blog\/comunicado-4\/#primaryimage"},"image":{"@id":"https:\/\/www.elase.com.br\/blog\/comunicado-4\/#primaryimage"},"thumbnailUrl":"https:\/\/www.elase.com.br\/blog\/wp-content\/uploads\/sites\/2\/2026\/03\/post-blog-eleicoes-elase-comunicado-4.jpg","datePublished":"2026-03-17T18:59:23+00:00","author":{"@id":"https:\/\/www.elase.com.br\/blog\/#\/schema\/person\/c5648edcd86e91cabc5f62555421edce"},"description":"A COMISS\u00c3O ELEITORAL designada pelo Conselho Deliberativo da ELASE, nos termos do Regulamento Geral das Elei\u00e7\u00f5es, comunica aos associados","breadcrumb":{"@id":"https:\/\/www.elase.com.br\/blog\/comunicado-4\/#breadcrumb"},"inLanguage":"pt-BR","potentialAction":[{"@type":"ReadAction","target":["https:\/\/www.elase.com.br\/blog\/comunicado-4\/"]}]},{"@type":"ImageObject","inLanguage":"pt-BR","@id":"https:\/\/www.elase.com.br\/blog\/comunicado-4\/#primaryimage","url":"https:\/\/www.elase.com.br\/blog\/wp-content\/uploads\/sites\/2\/2026\/03\/post-blog-eleicoes-elase-comunicado-4.jpg","contentUrl":"https:\/\/www.elase.com.br\/blog\/wp-content\/uploads\/sites\/2\/2026\/03\/post-blog-eleicoes-elase-comunicado-4.jpg","width":2560,"height":1215},{"@type":"BreadcrumbList","@id":"https:\/\/www.elase.com.br\/blog\/comunicado-4\/#breadcrumb","itemListElement":[{"@type":"ListItem","position":1,"name":"In\u00edcio","item":"https:\/\/www.elase.com.br\/blog\/"},{"@type":"ListItem","position":2,"name":"Elei\u00e7\u00f5es ELASE \u2013 COMUNICADO 4"}]},{"@type":"WebSite","@id":"https:\/\/www.elase.com.br\/blog\/#website","url":"https:\/\/www.elase.com.br\/blog\/","name":"Blog da ELASE","description":"","potentialAction":[{"@type":"SearchAction","target":{"@type":"EntryPoint","urlTemplate":"https:\/\/www.elase.com.br\/blog\/?s={search_term_string}"},"query-input":{"@type":"PropertyValueSpecification","valueRequired":true,"valueName":"search_term_string"}}],"inLanguage":"pt-BR"},{"@type":"Person","@id":"https:\/\/www.elase.com.br\/blog\/#\/schema\/person\/c5648edcd86e91cabc5f62555421edce","name":"Elase","image":{"@type":"ImageObject","inLanguage":"pt-BR","@id":"https:\/\/www.elase.com.br\/blog\/#\/schema\/person\/image\/","url":"https:\/\/secure.gravatar.com\/avatar\/e04f303593dd0bee5fdbdc05ef63066d59e1a5bf61b911bf6653c92bfb86e392?s=96&r=g&d=https:\/\/www.elase.com.br\/blog\/wp-content\/plugins\/userswp\/assets\/images\/no_profile.png","contentUrl":"https:\/\/secure.gravatar.com\/avatar\/e04f303593dd0bee5fdbdc05ef63066d59e1a5bf61b911bf6653c92bfb86e392?s=96&r=g&d=https:\/\/www.elase.com.br\/blog\/wp-content\/plugins\/userswp\/assets\/images\/no_profile.png","caption":"Elase"},"url":"https:\/\/www.elase.com.br\/blog\/author\/roberta\/"}]}},"publishpress_future_action":{"enabled":false,"date":"2026-05-08 17:27:17","action":"change-status","newStatus":"draft","terms":[],"taxonomy":"category","extraData":[]},"publishpress_future_workflow_manual_trigger":{"enabledWorkflows":[]},"_links":{"self":[{"href":"https:\/\/www.elase.com.br\/blog\/wp-json\/wp\/v2\/posts\/1432","targetHints":{"allow":["GET"]}}],"collection":[{"href":"https:\/\/www.elase.com.br\/blog\/wp-json\/wp\/v2\/posts"}],"about":[{"href":"https:\/\/www.elase.com.br\/blog\/wp-json\/wp\/v2\/types\/post"}],"author":[{"embeddable":true,"href":"https:\/\/www.elase.com.br\/blog\/wp-json\/wp\/v2\/users\/7"}],"replies":[{"embeddable":true,"href":"https:\/\/www.elase.com.br\/blog\/wp-json\/wp\/v2\/comments?post=1432"}],"version-history":[{"count":1,"href":"https:\/\/www.elase.com.br\/blog\/wp-json\/wp\/v2\/posts\/1432\/revisions"}],"predecessor-version":[{"id":1434,"href":"https:\/\/www.elase.com.br\/blog\/wp-json\/wp\/v2\/posts\/1432\/revisions\/1434"}],"wp:featuredmedia":[{"embeddable":true,"href":"https:\/\/www.elase.com.br\/blog\/wp-json\/wp\/v2\/media\/1433"}],"wp:attachment":[{"href":"https:\/\/www.elase.com.br\/blog\/wp-json\/wp\/v2\/media?parent=1432"}],"wp:term":[{"taxonomy":"category","embeddable":true,"href":"https:\/\/www.elase.com.br\/blog\/wp-json\/wp\/v2\/categories?post=1432"},{"taxonomy":"post_tag","embeddable":true,"href":"https:\/\/www.elase.com.br\/blog\/wp-json\/wp\/v2\/tags?post=1432"}],"curies":[{"name":"wp","href":"https:\/\/api.w.org\/{rel}","templated":true}]}}