{"id":1426,"date":"2026-03-06T10:13:13","date_gmt":"2026-03-06T13:13:13","guid":{"rendered":"https:\/\/www.elase.com.br\/blog\/?p=1426"},"modified":"2026-03-06T10:13:13","modified_gmt":"2026-03-06T13:13:13","slug":"eleicoes-elase-comunicado-3","status":"publish","type":"post","link":"https:\/\/www.elase.com.br\/blog\/eleicoes-elase-comunicado-3\/","title":{"rendered":"Elei\u00e7\u00f5es ELASE \u2013 COMUNICADO 3"},"content":{"rendered":"<p style=\"text-align: center;\"><b>Elei\u00e7\u00f5es ELASE 2026 \u2013 2029<\/b><\/p>\n<p style=\"text-align: center;\">\n<p style=\"text-align: center;\"><b>COMUNICADO 3<\/b><\/p>\n<p>&nbsp;<\/p>\n<p><span style=\"font-weight: 400;\">A COMISS\u00c3O ELEITORAL, designada pelo Conselho Deliberativo da ELASE, nos termos do Regulamento Geral da Elei\u00e7\u00e3o, torna p\u00fablico ao quadro social que no dia <\/span><b>04\/03\/2026<\/b><span style=\"font-weight: 400;\">, \u00e0s <\/span><b>18h<\/b><span style=\"font-weight: 400;\">, encerraram-se as inscri\u00e7\u00f5es dos interessados em concorrer aos cargos diretivos da ELASE para tri\u00eanio <\/span><b>2026-2029<\/b><span style=\"font-weight: 400;\">.<\/span><\/p>\n<p><span style=\"font-weight: 400;\">Com base no Estatuto Social e nas normas complementares elaboradas pelo Conselho Deliberativo da ELASE (Regulamento Geral da Elei\u00e7\u00e3o e Comunicado 1 &#8211; Cronograma do Processo Eleitoral, ambos na revis\u00e3o 1), esta Comiss\u00e3o Eleitoral apresenta os nomes aprovados das chapas para Diretoria Executiva e dos candidatos a membros dos Conselhos Deliberativo e Fiscal. As chapas \u00e0 Diretoria Executiva e os nomes aos cargos de membros dos Conselhos Deliberativo e Fiscal encontram-se listados em ordem de inscri\u00e7\u00e3o<\/span><\/p>\n<p><span style=\"font-weight: 400;\">Foram observados na an\u00e1lise a categoria dos associados, se fundador ou a ele equiparado, benem\u00e9ritos, contribuintes enquadrados no par\u00e1grafo segundo do artigo 15 dos Estatutos Sociais, se est\u00e3o adimplentes com as contribui\u00e7\u00f5es pecuni\u00e1rias e foi verificada a inscri\u00e7\u00e3o para um \u00fanico cargo, ou seja, Diretoria Executiva, Conselho Deliberativo ou Conselho Fiscal.<\/span><\/p>\n<p><span style=\"font-weight: 400;\">Assim, esta Comiss\u00e3o Eleitoral comunica que est\u00e1 aberto o prazo para interposi\u00e7\u00e3o de recursos, conforme estabelecido no Regulamento Geral da Elei\u00e7\u00e3o, cap\u00edtulo II \u2013 Pedido de Registro, item 3, devendo os interessados protocolarem os referidos recursos, no per\u00edodo de <\/span><b>09\/03 at\u00e9 as 18h do dia 12\/03\/2026<\/b><span style=\"font-weight: 400;\">, junto \u00e0 secretaria da ELASE. A Comiss\u00e3o Eleitoral esclarece que os formul\u00e1rios de inscri\u00e7\u00e3o das referidas candidaturas est\u00e3o \u00e0 disposi\u00e7\u00e3o para consulta na secretaria do Clube.<\/span><\/p>\n<p><span style=\"font-weight: 400;\">Por fim, refor\u00e7a-se aos candidatos que para homologa\u00e7\u00e3o final, ap\u00f3s o transcurso de eventuais recursos, estes dever\u00e3o estar at\u00e9 <\/span><b>16\/03\/2026<\/b><span style=\"font-weight: 400;\"> com suas contribui\u00e7\u00f5es em dia referentes a <\/span><b>fevereiro de 2026<\/b><span style=\"font-weight: 400;\">.\u00a0<\/span><\/p>\n<ol>\n<li><span style=\"font-weight: 400;\">a) Diretoria Executiva &#8211; as chapas \u00e0 Diretoria Executiva, abaixo listadas, seguem a ordem de inscri\u00e7\u00e3o na secretaria da ELASE.<\/span><\/li>\n<\/ol>\n<table>\n<tbody>\n<tr>\n<td><b>Chapa<\/b><\/td>\n<td><b>Composi\u00e7\u00e3o<\/b><\/td>\n<td><b>Matr\u00edcula ELASE<\/b><\/td>\n<\/tr>\n<tr>\n<td rowspan=\"2\"><span style=\"font-weight: 400;\">ELASE SEMPRE EM FRENTE<\/span><\/td>\n<td><span style=\"font-weight: 400;\">Presidente: Antonio Sim\u00f5es Neto<\/span><\/td>\n<td><span style=\"font-weight: 400;\">0538<\/span><\/td>\n<\/tr>\n<tr>\n<td><span style=\"font-weight: 400;\">Vice-Presidente: \u00cdlmar Goltara Gomes<\/span><\/td>\n<td><span style=\"font-weight: 400;\">3714<\/span><\/td>\n<\/tr>\n<\/tbody>\n<\/table>\n<p>&nbsp;<\/p>\n<table>\n<tbody>\n<tr>\n<td><b>Chapa<\/b><\/td>\n<td><b>Composi\u00e7\u00e3o<\/b><\/td>\n<td><b>Matr\u00edcula ELASE<\/b><\/td>\n<\/tr>\n<tr>\n<td rowspan=\"2\"><span style=\"font-weight: 400;\">DEDICA\u00c7\u00c3O AO ASSOCIADO COMPROMISSO COM A ELASE<\/span><\/td>\n<td><span style=\"font-weight: 400;\">Presidente: Luis Roberto de Oliveira<\/span><\/td>\n<td><span style=\"font-weight: 400;\">3748<\/span><\/td>\n<\/tr>\n<tr>\n<td><span style=\"font-weight: 400;\">Vice-Presidente: Jos\u00e9 Paulo Moreira Pinto<\/span><\/td>\n<td><span style=\"font-weight: 400;\">1168<\/span><\/td>\n<\/tr>\n<\/tbody>\n<\/table>\n<p>&nbsp;<\/p>\n<table>\n<tbody>\n<tr>\n<td><b>Chapa<\/b><\/td>\n<td><b>Composi\u00e7\u00e3o<\/b><\/td>\n<td><b>Matr\u00edcula ELASE<\/b><\/td>\n<\/tr>\n<tr>\n<td rowspan=\"2\"><span style=\"font-weight: 400;\">HARMONIA<\/span><\/td>\n<td><span style=\"font-weight: 400;\">Presidente: Santiago Ocampo Fernandez\u00a0<\/span><\/td>\n<td><span style=\"font-weight: 400;\">1190<\/span><\/td>\n<\/tr>\n<tr>\n<td><span style=\"font-weight: 400;\">Vice-Presidente: Rui Daniel S. Prediger<\/span><\/td>\n<td><span style=\"font-weight: 400;\">9634<\/span><\/td>\n<\/tr>\n<\/tbody>\n<\/table>\n<p>&nbsp;<\/p>\n<ol>\n<li><span style=\"font-weight: 400;\">b) Conselho Deliberativo &#8211; os nomes aos cargos de membros do Conselho Deliberativo, abaixo listados, seguem a ordem de inscri\u00e7\u00e3o na secretaria da ELASE.<\/span><\/li>\n<\/ol>\n<p>&nbsp;<\/p>\n<table>\n<tbody>\n<tr>\n<td><b>Candidatos<\/b><\/td>\n<td><b>Matr\u00edcula ELASE<\/b><\/td>\n<\/tr>\n<tr>\n<td><span style=\"font-weight: 400;\">01 \u2013 Antonio Rodrigues de Matos<\/span><\/td>\n<td><span style=\"font-weight: 400;\">0691<\/span><\/td>\n<\/tr>\n<tr>\n<td><span style=\"font-weight: 400;\">02 \u2013 Ronaldo Ferreira<\/span><\/td>\n<td><span style=\"font-weight: 400;\">7375<\/span><\/td>\n<\/tr>\n<tr>\n<td><span style=\"font-weight: 400;\">03 \u2013 Pedro Domingo Damazio<\/span><\/td>\n<td><span style=\"font-weight: 400;\">7473<\/span><\/td>\n<\/tr>\n<tr>\n<td><span style=\"font-weight: 400;\">04 \u2013 Marcos Cruz de Aguiar<\/span><\/td>\n<td><span style=\"font-weight: 400;\">2245<\/span><\/td>\n<\/tr>\n<tr>\n<td><span style=\"font-weight: 400;\">05 \u2013 Vladimir Tomitch<\/span><\/td>\n<td><span style=\"font-weight: 400;\">12888<\/span><\/td>\n<\/tr>\n<tr>\n<td><span style=\"font-weight: 400;\">06 \u2013 Ciro Carlos Alvarenga Calage<\/span><\/td>\n<td><span style=\"font-weight: 400;\">0773<\/span><\/td>\n<\/tr>\n<tr>\n<td><span style=\"font-weight: 400;\">07 \u2013 Gerv\u00e1sio Sidney da Silva<\/span><\/td>\n<td><span style=\"font-weight: 400;\">9525<\/span><\/td>\n<\/tr>\n<tr>\n<td><span style=\"font-weight: 400;\">08 \u2013 Carlos Guilherme Rocha dos Santos<\/span><\/td>\n<td><span style=\"font-weight: 400;\">0151<\/span><\/td>\n<\/tr>\n<tr>\n<td><span style=\"font-weight: 400;\">09 \u2013 Gerson Concei\u00e7\u00e3o\u00a0<\/span><\/td>\n<td><span style=\"font-weight: 400;\">12294<\/span><\/td>\n<\/tr>\n<tr>\n<td><span style=\"font-weight: 400;\">10 \u2013 Edmilson Machado<\/span><\/td>\n<td><span style=\"font-weight: 400;\">3363<\/span><\/td>\n<\/tr>\n<tr>\n<td><span style=\"font-weight: 400;\">11 \u2013 Maicon Fernando da Silva<\/span><\/td>\n<td><span style=\"font-weight: 400;\">18905<\/span><\/td>\n<\/tr>\n<tr>\n<td><span style=\"font-weight: 400;\">12 \u2013 Jorge da Costa Louren\u00e7o<\/span><\/td>\n<td><span style=\"font-weight: 400;\">0911<\/span><\/td>\n<\/tr>\n<tr>\n<td><span style=\"font-weight: 400;\">13 \u2013 Viliam Oto Boehme<\/span><\/td>\n<td><span style=\"font-weight: 400;\">0013<\/span><\/td>\n<\/tr>\n<tr>\n<td><span style=\"font-weight: 400;\">14 &#8211; Agostinho Jos\u00e9 Coan<\/span><\/td>\n<td><span style=\"font-weight: 400;\">0575<\/span><\/td>\n<\/tr>\n<tr>\n<td><span style=\"font-weight: 400;\">15 \u2013 Raphael Vieira<\/span><\/td>\n<td><span style=\"font-weight: 400;\">10216<\/span><\/td>\n<\/tr>\n<tr>\n<td><span style=\"font-weight: 400;\">16 \u2013 Andr\u00e9 Leite Kowalski<\/span><\/td>\n<td><span style=\"font-weight: 400;\">20305<\/span><\/td>\n<\/tr>\n<\/tbody>\n<\/table>\n<p>&nbsp;<\/p>\n<ol>\n<li><span style=\"font-weight: 400;\">c) Conselho Fiscal &#8211; os nomes aos cargos de membros do Conselho Fiscal, abaixo listados, seguem a ordem de inscri\u00e7\u00e3o na secretaria da ELASE.<\/span><\/li>\n<\/ol>\n<p>&nbsp;<\/p>\n<table>\n<tbody>\n<tr>\n<td><b>Candidatos<\/b><\/td>\n<td><b>Matr\u00edcula ELASE<\/b><\/td>\n<\/tr>\n<tr>\n<td><span style=\"font-weight: 400;\">01 \u2013 Nivaldo Eduardo Fermino<\/span><\/td>\n<td><span style=\"font-weight: 400;\">7327<\/span><\/td>\n<\/tr>\n<tr>\n<td><span style=\"font-weight: 400;\">02 \u2013 Roberto Antonio Bertocco<\/span><\/td>\n<td><span style=\"font-weight: 400;\">0621<\/span><\/td>\n<\/tr>\n<tr>\n<td><span style=\"font-weight: 400;\">03 \u2013 Claudiney Gonzaga Fran\u00e7a<\/span><\/td>\n<td><span style=\"font-weight: 400;\">11280<\/span><\/td>\n<\/tr>\n<tr>\n<td><span style=\"font-weight: 400;\">04 \u2013 Dirceu Mattozzo<\/span><\/td>\n<td><span style=\"font-weight: 400;\">11103<\/span><\/td>\n<\/tr>\n<tr>\n<td><span style=\"font-weight: 400;\">05 \u2013 Le\u00f4nidas Vieira Junior<\/span><\/td>\n<td><span style=\"font-weight: 400;\">6037<\/span><\/td>\n<\/tr>\n<\/tbody>\n<\/table>\n<p>&nbsp;<\/p>\n<p><span style=\"font-weight: 400;\">\u00a0\u00a0<\/span><\/p>\n<p style=\"text-align: right;\"><b>Jos\u00e9 Luiz Silveira |<\/b> Presidente da Comiss\u00e3o Eleitoral<b><br \/>\n<\/b><b>Sigmar Klein |\u00a0<\/b>Secret\u00e1rio da Comiss\u00e3o Eleitoral<\/p>\n<p style=\"text-align: right;\"><b>Florian\u00f3polis, 06 de mar\u00e7o de 2026.<\/b><\/p>\n<p>&nbsp;<\/p>\n<p style=\"text-align: center;\"><span style=\"font-weight: 400; font-size: 10pt;\">O documento original assinado pelo Presidente e Secret\u00e1rio da Comiss\u00e3o Eleitoral encontra-se \u00e0 disposi\u00e7\u00e3o na Secretaria do Clube.<\/span><\/p>\n","protected":false},"excerpt":{"rendered":"<p>Elei\u00e7\u00f5es ELASE 2026 \u2013 2029 COMUNICADO 3 &nbsp; A COMISS\u00c3O ELEITORAL, designada pelo Conselho Deliberativo da ELASE, nos termos do Regulamento Geral [&hellip;]<\/p>\n","protected":false},"author":7,"featured_media":1428,"comment_status":"closed","ping_status":"closed","sticky":false,"template":"","format":"standard","meta":{"footnotes":"","_links_to":"","_links_to_target":""},"categories":[8],"tags":[],"class_list":["post-1426","post","type-post","status-publish","format-standard","has-post-thumbnail","hentry","category-elase"],"yoast_head":"<!-- This site is optimized with the Yoast SEO plugin v26.1.1 - https:\/\/yoast.com\/wordpress\/plugins\/seo\/ -->\n<title>Elei\u00e7\u00f5es ELASE \u2013 COMUNICADO 3 - Blog da ELASE<\/title>\n<meta name=\"robots\" content=\"index, follow, max-snippet:-1, max-image-preview:large, max-video-preview:-1\" \/>\n<link rel=\"canonical\" href=\"https:\/\/www.elase.com.br\/blog\/eleicoes-elase-comunicado-3\/\" \/>\n<meta property=\"og:locale\" content=\"pt_BR\" \/>\n<meta property=\"og:type\" content=\"article\" \/>\n<meta property=\"og:title\" content=\"Elei\u00e7\u00f5es ELASE \u2013 COMUNICADO 3 - Blog da ELASE\" \/>\n<meta property=\"og:description\" content=\"Elei\u00e7\u00f5es ELASE 2026 \u2013 2029 COMUNICADO 3 &nbsp; A COMISS\u00c3O ELEITORAL, designada pelo Conselho Deliberativo da ELASE, nos termos do Regulamento Ger\" \/>\n<meta property=\"og:url\" content=\"https:\/\/www.elase.com.br\/blog\/eleicoes-elase-comunicado-3\/\" \/>\n<meta property=\"og:site_name\" content=\"Blog da ELASE\" \/>\n<meta property=\"article:published_time\" content=\"2026-03-06T13:13:13+00:00\" \/>\n<meta property=\"og:image\" content=\"https:\/\/www.elase.com.br\/blog\/wp-content\/uploads\/sites\/2\/2026\/03\/post-blog-eleicoes-elase-comunicado-3.jpg\" \/>\n\t<meta property=\"og:image:width\" content=\"2560\" \/>\n\t<meta property=\"og:image:height\" content=\"1215\" \/>\n\t<meta property=\"og:image:type\" content=\"image\/jpeg\" \/>\n<meta name=\"author\" content=\"Elase\" \/>\n<meta name=\"twitter:card\" content=\"summary_large_image\" \/>\n<meta name=\"twitter:label1\" content=\"Escrito por\" \/>\n\t<meta name=\"twitter:data1\" content=\"Elase\" \/>\n\t<meta name=\"twitter:label2\" content=\"Est. tempo de leitura\" \/>\n\t<meta name=\"twitter:data2\" content=\"4 minutos\" \/>\n<script type=\"application\/ld+json\" class=\"yoast-schema-graph\">{\"@context\":\"https:\/\/schema.org\",\"@graph\":[{\"@type\":\"WebPage\",\"@id\":\"https:\/\/www.elase.com.br\/blog\/eleicoes-elase-comunicado-3\/\",\"url\":\"https:\/\/www.elase.com.br\/blog\/eleicoes-elase-comunicado-3\/\",\"name\":\"Elei\u00e7\u00f5es ELASE \u2013 COMUNICADO 3 - Blog da ELASE\",\"isPartOf\":{\"@id\":\"https:\/\/www.elase.com.br\/blog\/#website\"},\"primaryImageOfPage\":{\"@id\":\"https:\/\/www.elase.com.br\/blog\/eleicoes-elase-comunicado-3\/#primaryimage\"},\"image\":{\"@id\":\"https:\/\/www.elase.com.br\/blog\/eleicoes-elase-comunicado-3\/#primaryimage\"},\"thumbnailUrl\":\"https:\/\/www.elase.com.br\/blog\/wp-content\/uploads\/sites\/2\/2026\/03\/post-blog-eleicoes-elase-comunicado-3.jpg\",\"datePublished\":\"2026-03-06T13:13:13+00:00\",\"author\":{\"@id\":\"https:\/\/www.elase.com.br\/blog\/#\/schema\/person\/c5648edcd86e91cabc5f62555421edce\"},\"breadcrumb\":{\"@id\":\"https:\/\/www.elase.com.br\/blog\/eleicoes-elase-comunicado-3\/#breadcrumb\"},\"inLanguage\":\"pt-BR\",\"potentialAction\":[{\"@type\":\"ReadAction\",\"target\":[\"https:\/\/www.elase.com.br\/blog\/eleicoes-elase-comunicado-3\/\"]}]},{\"@type\":\"ImageObject\",\"inLanguage\":\"pt-BR\",\"@id\":\"https:\/\/www.elase.com.br\/blog\/eleicoes-elase-comunicado-3\/#primaryimage\",\"url\":\"https:\/\/www.elase.com.br\/blog\/wp-content\/uploads\/sites\/2\/2026\/03\/post-blog-eleicoes-elase-comunicado-3.jpg\",\"contentUrl\":\"https:\/\/www.elase.com.br\/blog\/wp-content\/uploads\/sites\/2\/2026\/03\/post-blog-eleicoes-elase-comunicado-3.jpg\",\"width\":2560,\"height\":1215},{\"@type\":\"BreadcrumbList\",\"@id\":\"https:\/\/www.elase.com.br\/blog\/eleicoes-elase-comunicado-3\/#breadcrumb\",\"itemListElement\":[{\"@type\":\"ListItem\",\"position\":1,\"name\":\"In\u00edcio\",\"item\":\"https:\/\/www.elase.com.br\/blog\/\"},{\"@type\":\"ListItem\",\"position\":2,\"name\":\"Elei\u00e7\u00f5es ELASE \u2013 COMUNICADO 3\"}]},{\"@type\":\"WebSite\",\"@id\":\"https:\/\/www.elase.com.br\/blog\/#website\",\"url\":\"https:\/\/www.elase.com.br\/blog\/\",\"name\":\"Blog da ELASE\",\"description\":\"\",\"potentialAction\":[{\"@type\":\"SearchAction\",\"target\":{\"@type\":\"EntryPoint\",\"urlTemplate\":\"https:\/\/www.elase.com.br\/blog\/?s={search_term_string}\"},\"query-input\":{\"@type\":\"PropertyValueSpecification\",\"valueRequired\":true,\"valueName\":\"search_term_string\"}}],\"inLanguage\":\"pt-BR\"},{\"@type\":\"Person\",\"@id\":\"https:\/\/www.elase.com.br\/blog\/#\/schema\/person\/c5648edcd86e91cabc5f62555421edce\",\"name\":\"Elase\",\"image\":{\"@type\":\"ImageObject\",\"inLanguage\":\"pt-BR\",\"@id\":\"https:\/\/www.elase.com.br\/blog\/#\/schema\/person\/image\/\",\"url\":\"https:\/\/secure.gravatar.com\/avatar\/e04f303593dd0bee5fdbdc05ef63066d59e1a5bf61b911bf6653c92bfb86e392?s=96&r=g&d=https:\/\/www.elase.com.br\/blog\/wp-content\/plugins\/userswp\/assets\/images\/no_profile.png\",\"contentUrl\":\"https:\/\/secure.gravatar.com\/avatar\/e04f303593dd0bee5fdbdc05ef63066d59e1a5bf61b911bf6653c92bfb86e392?s=96&r=g&d=https:\/\/www.elase.com.br\/blog\/wp-content\/plugins\/userswp\/assets\/images\/no_profile.png\",\"caption\":\"Elase\"},\"url\":\"https:\/\/www.elase.com.br\/blog\/author\/roberta\/\"}]}<\/script>\n<!-- \/ Yoast SEO plugin. -->","yoast_head_json":{"title":"Elei\u00e7\u00f5es ELASE \u2013 COMUNICADO 3 - Blog da ELASE","robots":{"index":"index","follow":"follow","max-snippet":"max-snippet:-1","max-image-preview":"max-image-preview:large","max-video-preview":"max-video-preview:-1"},"canonical":"https:\/\/www.elase.com.br\/blog\/eleicoes-elase-comunicado-3\/","og_locale":"pt_BR","og_type":"article","og_title":"Elei\u00e7\u00f5es ELASE \u2013 COMUNICADO 3 - Blog da ELASE","og_description":"Elei\u00e7\u00f5es ELASE 2026 \u2013 2029 COMUNICADO 3 &nbsp; A COMISS\u00c3O ELEITORAL, designada pelo Conselho Deliberativo da ELASE, nos termos do Regulamento Ger","og_url":"https:\/\/www.elase.com.br\/blog\/eleicoes-elase-comunicado-3\/","og_site_name":"Blog da ELASE","article_published_time":"2026-03-06T13:13:13+00:00","og_image":[{"width":2560,"height":1215,"url":"https:\/\/www.elase.com.br\/blog\/wp-content\/uploads\/sites\/2\/2026\/03\/post-blog-eleicoes-elase-comunicado-3.jpg","type":"image\/jpeg"}],"author":"Elase","twitter_card":"summary_large_image","twitter_misc":{"Escrito por":"Elase","Est. tempo de leitura":"4 minutos"},"schema":{"@context":"https:\/\/schema.org","@graph":[{"@type":"WebPage","@id":"https:\/\/www.elase.com.br\/blog\/eleicoes-elase-comunicado-3\/","url":"https:\/\/www.elase.com.br\/blog\/eleicoes-elase-comunicado-3\/","name":"Elei\u00e7\u00f5es ELASE \u2013 COMUNICADO 3 - Blog da ELASE","isPartOf":{"@id":"https:\/\/www.elase.com.br\/blog\/#website"},"primaryImageOfPage":{"@id":"https:\/\/www.elase.com.br\/blog\/eleicoes-elase-comunicado-3\/#primaryimage"},"image":{"@id":"https:\/\/www.elase.com.br\/blog\/eleicoes-elase-comunicado-3\/#primaryimage"},"thumbnailUrl":"https:\/\/www.elase.com.br\/blog\/wp-content\/uploads\/sites\/2\/2026\/03\/post-blog-eleicoes-elase-comunicado-3.jpg","datePublished":"2026-03-06T13:13:13+00:00","author":{"@id":"https:\/\/www.elase.com.br\/blog\/#\/schema\/person\/c5648edcd86e91cabc5f62555421edce"},"breadcrumb":{"@id":"https:\/\/www.elase.com.br\/blog\/eleicoes-elase-comunicado-3\/#breadcrumb"},"inLanguage":"pt-BR","potentialAction":[{"@type":"ReadAction","target":["https:\/\/www.elase.com.br\/blog\/eleicoes-elase-comunicado-3\/"]}]},{"@type":"ImageObject","inLanguage":"pt-BR","@id":"https:\/\/www.elase.com.br\/blog\/eleicoes-elase-comunicado-3\/#primaryimage","url":"https:\/\/www.elase.com.br\/blog\/wp-content\/uploads\/sites\/2\/2026\/03\/post-blog-eleicoes-elase-comunicado-3.jpg","contentUrl":"https:\/\/www.elase.com.br\/blog\/wp-content\/uploads\/sites\/2\/2026\/03\/post-blog-eleicoes-elase-comunicado-3.jpg","width":2560,"height":1215},{"@type":"BreadcrumbList","@id":"https:\/\/www.elase.com.br\/blog\/eleicoes-elase-comunicado-3\/#breadcrumb","itemListElement":[{"@type":"ListItem","position":1,"name":"In\u00edcio","item":"https:\/\/www.elase.com.br\/blog\/"},{"@type":"ListItem","position":2,"name":"Elei\u00e7\u00f5es ELASE \u2013 COMUNICADO 3"}]},{"@type":"WebSite","@id":"https:\/\/www.elase.com.br\/blog\/#website","url":"https:\/\/www.elase.com.br\/blog\/","name":"Blog da ELASE","description":"","potentialAction":[{"@type":"SearchAction","target":{"@type":"EntryPoint","urlTemplate":"https:\/\/www.elase.com.br\/blog\/?s={search_term_string}"},"query-input":{"@type":"PropertyValueSpecification","valueRequired":true,"valueName":"search_term_string"}}],"inLanguage":"pt-BR"},{"@type":"Person","@id":"https:\/\/www.elase.com.br\/blog\/#\/schema\/person\/c5648edcd86e91cabc5f62555421edce","name":"Elase","image":{"@type":"ImageObject","inLanguage":"pt-BR","@id":"https:\/\/www.elase.com.br\/blog\/#\/schema\/person\/image\/","url":"https:\/\/secure.gravatar.com\/avatar\/e04f303593dd0bee5fdbdc05ef63066d59e1a5bf61b911bf6653c92bfb86e392?s=96&r=g&d=https:\/\/www.elase.com.br\/blog\/wp-content\/plugins\/userswp\/assets\/images\/no_profile.png","contentUrl":"https:\/\/secure.gravatar.com\/avatar\/e04f303593dd0bee5fdbdc05ef63066d59e1a5bf61b911bf6653c92bfb86e392?s=96&r=g&d=https:\/\/www.elase.com.br\/blog\/wp-content\/plugins\/userswp\/assets\/images\/no_profile.png","caption":"Elase"},"url":"https:\/\/www.elase.com.br\/blog\/author\/roberta\/"}]}},"publishpress_future_action":{"enabled":false,"date":"2026-05-09 06:11:44","action":"change-status","newStatus":"draft","terms":[],"taxonomy":"category","extraData":[]},"publishpress_future_workflow_manual_trigger":{"enabledWorkflows":[]},"_links":{"self":[{"href":"https:\/\/www.elase.com.br\/blog\/wp-json\/wp\/v2\/posts\/1426","targetHints":{"allow":["GET"]}}],"collection":[{"href":"https:\/\/www.elase.com.br\/blog\/wp-json\/wp\/v2\/posts"}],"about":[{"href":"https:\/\/www.elase.com.br\/blog\/wp-json\/wp\/v2\/types\/post"}],"author":[{"embeddable":true,"href":"https:\/\/www.elase.com.br\/blog\/wp-json\/wp\/v2\/users\/7"}],"replies":[{"embeddable":true,"href":"https:\/\/www.elase.com.br\/blog\/wp-json\/wp\/v2\/comments?post=1426"}],"version-history":[{"count":2,"href":"https:\/\/www.elase.com.br\/blog\/wp-json\/wp\/v2\/posts\/1426\/revisions"}],"predecessor-version":[{"id":1429,"href":"https:\/\/www.elase.com.br\/blog\/wp-json\/wp\/v2\/posts\/1426\/revisions\/1429"}],"wp:featuredmedia":[{"embeddable":true,"href":"https:\/\/www.elase.com.br\/blog\/wp-json\/wp\/v2\/media\/1428"}],"wp:attachment":[{"href":"https:\/\/www.elase.com.br\/blog\/wp-json\/wp\/v2\/media?parent=1426"}],"wp:term":[{"taxonomy":"category","embeddable":true,"href":"https:\/\/www.elase.com.br\/blog\/wp-json\/wp\/v2\/categories?post=1426"},{"taxonomy":"post_tag","embeddable":true,"href":"https:\/\/www.elase.com.br\/blog\/wp-json\/wp\/v2\/tags?post=1426"}],"curies":[{"name":"wp","href":"https:\/\/api.w.org\/{rel}","templated":true}]}}